{"id":26704,"date":"2025-09-04T10:05:15","date_gmt":"2025-09-04T10:05:15","guid":{"rendered":"https:\/\/www.europesays.com\/no\/26704\/"},"modified":"2025-09-04T10:05:15","modified_gmt":"2025-09-04T10:05:15","slug":"martha-louises-dokumentar-er-et-varselskudd-mot-kongen","status":"publish","type":"post","link":"https:\/\/www.europesays.com\/no\/26704\/","title":{"rendered":"M\u00e4rtha Louises dokumentar er et varselskudd mot kongen."},"content":{"rendered":"<p class=\"kicker \" style=\"\">M\u00e4rtha Louise og Dureks Netflix-dokumentar:<\/p>\n<p>  Om to uker smeller det: Tirsdag 16. september har prinsesse M\u00e4rtha og Durek Verrett premiere p\u00e5 sin TV-dokumentar. &#8211; Skal vi glede oss? skriver Se og H\u00f8r-redakt\u00f8r Ulf Andr\u00e9 Andersen.<\/p>\n<p>\n    NYTT JORDSKJELV? Onsdag denne uken kom traileren p\u00e5 Netflix-dokumentaren om prinsesse M\u00e4rtha og Durek. &#8211; Er det bare underholdning eller et nytt jordskjelv, undrer Se og H\u00f8r-redakt\u00f8r Ulf Andr\u00e9 Andersen. Foto: Andreas Fadum\n  <\/p>\n<p>Netflix-traileren som ble offentlig onsdag ettermiddag er bare noen minutter lang, men den var et kraftig varselsskudd over Slottet. Hvis du ikke allerede har sett den, finner du den nederst i denne artikkelen.<\/p>\n<p>Jeg har snakket med mange den siste tiden, og svaret er det samme: De skal se. For i et Norge der kongehuset allerede st\u00e5r i en av sine m\u00f8rkeste perioder, kommer denne filmen som en ny flodb\u00f8lge.\u00a0<\/p>\n<p>        M\u00d8TER OPP: I tiden etter tiltalebeslutningen mot Marius Borg H\u00f8iby har de kongelige v\u00e6rt p\u00e5 flere oppdrag, og dronning Sonja virker til \u00e5 f\u00f8lge sin s\u00f8nns ord. Video: NTB \/\/ Foto: NTB \/\/ Reporter: Caroline Vagle \/\/ Klipp: H\u00e5vard Bj\u00f8rnerem<\/p>\n<p class=\"font-weight-bold m-font-weight-bold\" data-lab-font_weight=\"font-weight-bold\">Og sp\u00f8rsm\u00e5let er: Er dette bare underholdning \u2013 eller et nytt jordskjelv?<\/p>\n<p>Jeg har selv &#8211; flere ganger &#8211; ment at nok er nok. Da debatten om M\u00e4rthas prinsessetittel raste, var jeg blant dem som mente hun burde legge den fra seg \u2013 eller at kong Harald burde l\u00f8fte den av datterens skuldre.\u00a0<\/p>\n<p>          <img loading=\"lazy\" decoding=\"async\" src=\"https:\/\/www.europesays.com\/no\/wp-content\/uploads\/2025\/09\/83544782.webp\" width=\"980\" height=\"559\" title=\"ANSVARLIG REDAKT\u00d8R I SE OG H\u00d8R: Ulf Andre Andersen\" alt=\"\" class=\"\" style=\"--aspect-ratio-image: 1.75; \"\/><\/p>\n<p>\n          ANSVARLIG REDAKT\u00d8R I SE OG H\u00d8R: Ulf Andre Andersen\n      <\/p>\n<p>Hun blandet kommersiell virksomhet og kongelig status p\u00e5 en m\u00e5te som undergravde hele fundamentet.<\/p>\n<p>S\u00e5 kom bryllupet i Geiranger. Jeg var der. Ikke som gjest, men som observat\u00f8r. Jeg s\u00e5 idyllen innover fjorden. For gjestene m\u00e5 det ha fortonet seg som et vakkert eventyr \u2013 men jeg s\u00e5 samtidig hvor brutal kontrasten var:<\/p>\n<p>        VEKKER OPPSIKT: M\u00e4rtha Louises reklame vekker reaksjoner p\u00e5 sosiale medier.<br \/>\nFoto: NTB \/ Se og H\u00f8r \/\/ Reporter: H\u00e5vard Bj\u00f8rnerem \/\/ Video: Instagram &#8211; @iam_marthalouise<\/p>\n<p>Et fire dager langt show til flere millioner, delvis sponset av Netflix og kjendismagasinet Hello!<\/p>\n<p>          <img loading=\"lazy\" decoding=\"async\" src=\"https:\/\/www.europesays.com\/no\/wp-content\/uploads\/2025\/09\/83545194.webp\" width=\"686\" height=\"995\" title=\"SETTES P\u00c5 PR\u00d8VE: Prinsesse M\u00e4rtha er alltid omtalt som \u00abpappas pike\u00bb. N\u00e5 kan forholdet mellom far og datter settes p\u00e5 en ny pr\u00f8ve. Foto: NTB\" alt=\"\" class=\"\" style=\"--aspect-ratio-image: 0.69; \"\/><\/p>\n<p>\n          SETTES P\u00c5 PR\u00d8VE: Prinsesse M\u00e4rtha er alltid omtalt som \u00abpappas pike\u00bb. N\u00e5 kan forholdet mellom far og datter settes p\u00e5 en ny pr\u00f8ve. Foto: NTB\n      <\/p>\n<p>Det satte kongefamilien i skammekroken, og da m\u00e5tte noen si fra:<\/p>\n<p class=\"font-weight-bold m-font-weight-bold\" data-lab-font_weight=\"font-weight-bold\">\u00a0Kronprins Haakon sto lutrygget og ubekvemt foran mikrofonene, og sa at kongefamilien ikke skulle v\u00e6re med p\u00e5 noe som var kj\u00f8pt og betalt av str\u00f8mmegiganten og et glossy kjendismagasin.<\/p>\n<p>Hvite duker ble lagt over bruden, for \u00e5 skjule den spesialdesignede kjolen. Kongeparet satt stivpyntet i bilen og ventet en evighet p\u00e5 \u00e5 slippe inn i prinsessens bryllupstelt.\u00a0<\/p>\n<p>    <a itemprop=\"url\" href=\"https:\/\/www.seher.no\/kongelig\/uttalelsene-vekker-oppsikt\/83543590\" rel=\"nofollow noopener\" target=\"_blank\"><\/p>\n<p>      <img loading=\"lazy\" decoding=\"async\" src=\"https:\/\/www.europesays.com\/no\/wp-content\/uploads\/2025\/09\/1756980315_941_83543678.webp\" width=\"980\" height=\"441\" title=\"Uttalelsene vekker oppsikt\" alt=\"\" class=\"lazyload\" style=\"--aspect-ratio-image: 2.22; \"\/><\/p>\n<p>        Uttalelsene vekker oppsikt<\/p>\n<p>    <\/a><\/p>\n<p class=\"font-weight-bold m-font-weight-bold\" data-lab-font_weight=\"font-weight-bold\">Det som skulle v\u00e6re en idyll, ble forvandlet til et ekte realityshow.<\/p>\n<p>Og den p\u00e5f\u00f8lgende h\u00f8sten dukket det opp et knippe akt\u00f8rer som m\u00e5tte sende bryllupsregningene sine til inkasso, fordi oppgj\u00f8ret fra brudeparet lot vente p\u00e5 seg. Jeg har kun sett Netflix-traileren, men inkasso f\u00e5r neppe mye plass i dokumentaren.<\/p>\n<p>        DEN STORE DAGEN: M\u00e4rtha og Durek satte Sunnm\u00f8re p\u00e5 hodet i august. Men n\u00e5 sliter flere med \u00e5 f\u00e5 betalt for jobben de har gjort for brudeparet.<\/p>\n<p>Det skulle v\u00e6re en folkefest, men det ble ogs\u00e5 et symbol p\u00e5 avstanden mellom sjamanen og prinsessen \u2013 og resten av r\u00f8kla.<\/p>\n<p>          <img loading=\"lazy\" decoding=\"async\" src=\"https:\/\/www.europesays.com\/no\/wp-content\/uploads\/2025\/09\/83544778.webp\" width=\"686\" height=\"508\" title=\"TELT-BRYLLUP: M\u00e4rtha Louise og Durek ble viet inne i et telt slik at ikke pressen kunne f\u00e5 tatt bilder av seansen. Foto: Andreas Fadum\" alt=\"\" class=\"\" style=\"--aspect-ratio-image: 1.35; \"\/><\/p>\n<p>\n          TELT-BRYLLUP: M\u00e4rtha Louise og Durek ble viet inne i et telt slik at ikke pressen kunne f\u00e5 tatt bilder av seansen. Foto: Andreas Fadum\n      <\/p>\n<p>Og som om ikke det var nok: Marius Borg H\u00f8iby. P\u00e5gripelsen etter Frogner-natten. Etterforskningen. Og n\u00e5: Tiltalen med fire voldtekter og 32 punkter. Seks uker i Oslo tingrett venter.\u00a0<\/p>\n<p class=\"font-weight-bold m-font-weight-bold\" data-lab-font_weight=\"font-weight-bold\">Vanlige familier g\u00e5r i oppl\u00f8sning av mindre.<\/p>\n<p>N\u00e5r jeg n\u00e5 ser traileren til dokumentaren, kjenner jeg uroen. Sjamanen som sier \u00abJeg skal bli kongelig\u00bb, M\u00e4rtha som deler sm\u00e5 stikk mot pressen og Norge. Tiaraer, vielsesbilder, lukkede d\u00f8rer \u00e5pnet \u2013 eksklusivt for verdens st\u00f8rste str\u00f8mmetjeneste.\u00a0<\/p>\n<p>        LETT P\u00c5 T\u00c5: Durek Verrett var godt forberedt til brudevalsen i Geiranger &#8211; han har nemlig en fortid som danser. Dagbladets R\u00f8d L\u00f8per kom over en gammel musikkvideo hvor Verrett medvirker som danser. Video: Youtube. Reporter: Daniel Wiese \/ Dagbladet TV <\/p>\n<p class=\"font-weight-bold m-font-weight-bold\" data-lab-font_weight=\"font-weight-bold\">Det er vanskelig \u00e5 se hvordan denne dokumentaren ikke igjen setter Harald og Sonja i skammekroken. Jeg er usikker p\u00e5 om det er noe \u00e5 glede seg til.<\/p>\n<p>Men jeg kan avsl\u00f8re dette: Jeg selv ble invitert til \u00e5 delta i dokumentaren. Jeg takket ja til intervjuet, der det f\u00f8rste sp\u00f8rsm\u00e5let var: \u00abHvorfor har du og Se og H\u00f8r s\u00e5 mye i mot Durek?\u00bb.\u00a0<\/p>\n<p>          <img loading=\"lazy\" decoding=\"async\" src=\"https:\/\/www.europesays.com\/no\/wp-content\/uploads\/2025\/09\/83544780.webp\" width=\"980\" height=\"559\" title=\"ULIKT ALT ANNET: Netfllix-serieskaper Rebecca Chaiklin innr\u00f8mmet at bryllupet i Geiranger var ulikt noe annet hun tidligere hadde v\u00e6rt vitne til. Her jager prinsesse M\u00e4rtha bort fotografer i Geiranger. Mange har stilt sp\u00f8rsm\u00e5let om hun gjorde dette for \u00e5 lage \u00abgod TV\u00bb for Netflix. Foto: Andreas Fadum\" alt=\"\" class=\"\" style=\"--aspect-ratio-image: 1.75; \"\/><\/p>\n<p>\n          ULIKT ALT ANNET: Netfllix-serieskaper Rebecca Chaiklin innr\u00f8mmet at bryllupet i Geiranger var ulikt noe annet hun tidligere hadde v\u00e6rt vitne til. Her jager prinsesse M\u00e4rtha bort fotografer i Geiranger. Mange har stilt sp\u00f8rsm\u00e5let om hun gjorde dette for \u00e5 lage \u00abgod TV\u00bb for Netflix. Foto: Andreas Fadum\n      <\/p>\n<p>Kameraet rullet lenge, og Netflix satte krav om at jeg m\u00e5tte undertegne en taushetskontrakt der jeg forpliktet meg til \u00e5 ikke uttale meg om dokumentaren. Den nektet jeg naturligvis \u00e5 skrive under p\u00e5.<\/p>\n<p class=\"font-weight-bold m-font-weight-bold\" data-lab-font_weight=\"font-weight-bold\">Jeg aner ikke hva de har gjort med opptaket. Kanskje ligger hele intervjuet igjen p\u00e5 gulvet i klipperommet, men for meg ga det en indikasjon p\u00e5 hva slags fortelling dette kan bli.<\/p>\n<p>Og ja, Se og H\u00f8r har hatt sine feider med Durek. To ganger har vi st\u00e5tt mot hverandre i Pressens Faglige Utvalg, og vunnet \u00e9n kamp hver.<\/p>\n<p>    <a itemprop=\"url\" href=\"https:\/\/www.seher.no\/kjendis\/kjendisene-strommet-til\/83543503\" rel=\"nofollow noopener\" target=\"_blank\"><\/p>\n<p>      <img loading=\"lazy\" decoding=\"async\" src=\"https:\/\/www.europesays.com\/no\/wp-content\/uploads\/2025\/09\/83544019.webp\" width=\"980\" height=\"441\" title=\"Kjendisene str\u00f8mmet til\" alt=\"\" class=\"lazyload\" style=\"--aspect-ratio-image: 2.22; \"\/><\/p>\n<p>        Kjendisene str\u00f8mmet til<\/p>\n<p>    <\/a><\/p>\n<p>Jeg mener vi har drevet kritisk journalistikk, b\u00e5de rundt ham og prinsessen. Kritikk som har v\u00e6rt n\u00f8dvendig. Men det er noe annet \u00e5 v\u00e6re hovedrolleinnehaver i en global dokumentarfilm, der du selv styrer fortellingen.<\/p>\n<p>        Durek Verrett forteller at han har spurt barn om hvorfor de selv tror de har kreft. Video: Youtube\/\u00abJuells ville verden\u00bb. <\/p>\n<p>Forrige uke sto konge- og kronprinsparet smilende p\u00e5 Gamlehaugens 100-\u00e5rsjubileum i Bergen. Denne uka vinket de til folket igjen. Et \u00f8yeblikk s\u00e5 alt normalt ut. Men normaliteten er et skinn. Stormen ulmer i horisonten.<\/p>\n<p class=\"font-weight-bold m-font-weight-bold\" data-lab-font_weight=\"font-weight-bold\">Det er en ubehagelig f\u00f8lelse. Jeg vet at dokumentaren vil rulle over Norge, uansett hva den inneholder. Den vil \u00e5pne gamle s\u00e5r om prinsessetittelen, om M\u00e4rthas rolle, om hvor langt kongehuset kan t\u00f8yes.\u00a0<\/p>\n<p>        STR\u00c5LER: Under bryllupet mellom Per-Olav S\u00f8rensen og Oddfrid Ropstad, kunne det se ut til at noen av gjestene hadde sett litt for mye p\u00e5 TikTok. Foto: Shad Madian \/ Instagram: @idaelisebroch_official \/\/ Video: Stig Justad \/ Skjermopptak fra TikTok \/\/ Reporter: H\u00e5vard Bj\u00f8rnerem<\/p>\n<p>Og det norske folk vil sitte klistret, med \u00e5pen munn.<\/p>\n<p>Bryllupet i Geiranger tok fokuset fra Marius-saken i fjor. Med h\u00f8stens TV-dokumentar tar prinsessen og sjamanen stafettpinnen tilbake. Og igjen blir det kongeparet som betaler den h\u00f8yeste prisen.\u00a0<\/p>\n<p>        LOFOTEN: Under en privat reise med kronprins Haakon, skal en av voldtektene Marius Borg H\u00f8iby er tiltalt for skjedd. Video: NTB \/ Instagram: @friflytfilmtour \/\/ Foto: Markus Malmin \/ Lofotposten \/ NTB \/ Se og H\u00f8r \/ Privat \/ Instagram: @trevarefabrikken \/\/ Reporter: H\u00e5vard Bj\u00f8rnerem<\/p>\n<p>Monarkiet st\u00e5r p\u00e5 pause &#8211; tronen st\u00e5r i skammekroken. Det norske kongehuset har aldri st\u00e5tt svakere &#8211; men interessen for det har aldri v\u00e6rt st\u00f8rre.<\/p>\n<p>Og 16. september kommer alts\u00e5 neste kapittel i den moderne kongesagaen. Den vises p\u00e5 Netflix.\u00a0<\/p>\n<p class=\"font-weight-bold m-font-weight-bold\" data-lab-font_weight=\"font-weight-bold\">Gjett om republikanerne sitter i godstolen med fjernkontroll og popcorn.<\/p>\n","protected":false},"excerpt":{"rendered":"M\u00e4rtha Louise og Dureks Netflix-dokumentar: Om to uker smeller det: Tirsdag 16. september har prinsesse M\u00e4rtha og Durek&hellip;\n","protected":false},"author":2,"featured_media":26705,"comment_status":"","ping_status":"","sticky":false,"template":"","format":"standard","meta":{"footnotes":""},"categories":[58],"tags":[2858,4104,71,76,4186,30,28,29,1221,4283,72],"class_list":{"0":"post-26704","1":"post","2":"type-post","3":"status-publish","4":"format-standard","5":"has-post-thumbnail","7":"category-underholdning","8":"tag-durek-verrett","9":"tag-eksklusivt","10":"tag-entertainment","11":"tag-kongelig","12":"tag-martha-louise","13":"tag-no","14":"tag-norge","15":"tag-norway","16":"tag-prinsesse-martha-louise","17":"tag-ulf-andre-andersen","18":"tag-underholdning"},"share_on_mastodon":{"url":"","error":""},"_links":{"self":[{"href":"https:\/\/www.europesays.com\/no\/wp-json\/wp\/v2\/posts\/26704","targetHints":{"allow":["GET"]}}],"collection":[{"href":"https:\/\/www.europesays.com\/no\/wp-json\/wp\/v2\/posts"}],"about":[{"href":"https:\/\/www.europesays.com\/no\/wp-json\/wp\/v2\/types\/post"}],"author":[{"embeddable":true,"href":"https:\/\/www.europesays.com\/no\/wp-json\/wp\/v2\/users\/2"}],"replies":[{"embeddable":true,"href":"https:\/\/www.europesays.com\/no\/wp-json\/wp\/v2\/comments?post=26704"}],"version-history":[{"count":0,"href":"https:\/\/www.europesays.com\/no\/wp-json\/wp\/v2\/posts\/26704\/revisions"}],"wp:featuredmedia":[{"embeddable":true,"href":"https:\/\/www.europesays.com\/no\/wp-json\/wp\/v2\/media\/26705"}],"wp:attachment":[{"href":"https:\/\/www.europesays.com\/no\/wp-json\/wp\/v2\/media?parent=26704"}],"wp:term":[{"taxonomy":"category","embeddable":true,"href":"https:\/\/www.europesays.com\/no\/wp-json\/wp\/v2\/categories?post=26704"},{"taxonomy":"post_tag","embeddable":true,"href":"https:\/\/www.europesays.com\/no\/wp-json\/wp\/v2\/tags?post=26704"}],"curies":[{"name":"wp","href":"https:\/\/api.w.org\/{rel}","templated":true}]}}