{"id":267166,"date":"2026-06-15T17:02:59","date_gmt":"2026-06-15T17:02:59","guid":{"rendered":"https:\/\/www.europesays.com\/no\/267166\/"},"modified":"2026-06-15T17:02:59","modified_gmt":"2026-06-15T17:02:59","slug":"prinsesse-martha-louise-og-durek-verrett-om-spiritualitet","status":"publish","type":"post","link":"https:\/\/www.europesays.com\/no\/267166\/","title":{"rendered":"Prinsesse M\u00e4rtha Louise og Durek Verrett om spiritualitet:"},"content":{"rendered":"<p>Mandag kom nyheten om at kronprinsesse Mette-Marit (52) sin s\u00f8nn, Marius Borg H\u00f8iby (29), er d\u00f8mt til fire \u00e5rs fengsel.<\/p>\n<p>Retten har funnet ham skyldig i to av de fire voldtektstiltalene. Dette gjelder blant annet en hendelse p\u00e5 et nachspiel i kjellerstua p\u00e5 Skaugum <a href=\"https:\/\/www.dagbladet.no\/nyheter\/verste-jeg-noensinne-har-opplevd\/84184746\" rel=\"nofollow noopener\" target=\"_blank\">for noen \u00e5r siden<\/a>, samt en voldtekt av en kvinne i 20-\u00e5ra p\u00e5 Oslos vestkant p\u00e5 <a href=\"https:\/\/www.dagbladet.no\/nyheter\/for-henne-er-det-et-sjokk\/84373337\" rel=\"nofollow noopener\" target=\"_blank\">palmes\u00f8ndag i 2024<\/a>.<\/p>\n<p>    <a itemprop=\"url\" href=\"https:\/\/www.dagbladet.no\/kjendis\/utfordrer-monarkiets-tillit\/84739474\" rel=\"nofollow noopener\" target=\"_blank\"><\/p>\n<p>        <img loading=\"lazy\" decoding=\"async\" src=\"https:\/\/www.europesays.com\/no\/wp-content\/uploads\/2026\/06\/1781542970_829_84741183.webp\" width=\"147\" height=\"98\" alt=\"\" class=\"lazyload\" style=\"--aspect-ratio-image: 1.50; \"\/><\/p>\n<p>        &#8211; Utfordrer monarkiets tillit<\/p>\n<p>    <\/a><\/p>\n<p>I tillegg er han d\u00f8mt for mishandling av ekskj\u00e6resten Nora Haukland (29). Han frifinnes imidlertid for voldtekt av hotell-kvinnen og Lofoten-kvinnen &#8211; samt to tilfeller av brudd p\u00e5 bes\u00f8ksforbud.<\/p>\n<p>Bare f\u00e5 timer etter at dommen ble kjent, kom neste vending i den mye omtalte saken: H\u00f8iby har <a href=\"https:\/\/www.dagbladet.no\/nyheter\/forsvarerne-moter-hoiby-na\/84766375\" rel=\"nofollow noopener\" target=\"_blank\">besluttet \u00e5 anke dommen<\/a>.<\/p>\n<p>Dommen har allerede skapt reaksjoner, og flere eksperter peker n\u00e5 p\u00e5 de omfattende konsekvensene saken kan f\u00e5 &#8211; b\u00e5de juridisk, politisk og for kongehuset.<\/p>\n<p>        D\u00d8MT: Marius Borg H\u00f8iby er d\u00f8mt til fengsel for blant annet to voldtekter og mishandling i n\u00e6re relasjoner. Video: Christina Holen Korneliussen \/ Lars Eivind Bones \/ Dagbladet TV <\/p>\n<p>&#8211; Sv\u00e6rt spesielt<\/p>\n<p> Se og H\u00f8rs kongehusekspert Caroline Vagle er ikke overrasket over dommen, gitt det hun observerte i rettssaken.<\/p>\n<p>        <img loading=\"lazy\" decoding=\"async\" itemprop=\"image\" src=\"https:\/\/www.europesays.com\/no\/wp-content\/uploads\/2026\/06\/1781542971_464_84479784.webp\" width=\"180\" height=\"180\" alt=\"Caroline Vagle\"\/><\/p>\n<p>                    Caroline Vagle<br \/>\n                        Caroline<br \/>\n                        Vagle<\/p>\n<p>                    Caroline Vagle<br \/>\n                        Se og H\u00f8rs kongehusekspert<\/p>\n<p>&#8211; Den er litt som forventet. Det er nok en dom som gj\u00f8r at ingen av partene er spesielt forn\u00f8yd. Men at det er en alvorlig dom, er det ingen tvil om, sier hun til Dagbladet.<\/p>\n<p>        <img loading=\"lazy\" decoding=\"async\" src=\"https:\/\/www.europesays.com\/no\/wp-content\/uploads\/2026\/06\/1781542972_152_84767169.webp\" width=\"667\" height=\"854\" alt=\"\" class=\"\" style=\"--aspect-ratio-image: 0.78; \"\/><\/p>\n<p>\n        ANKER: Bare f\u00e5 timer etter at dommen ble kjent, bekreftet forsvarerne hans at dommen ankes. Foto: Heiko Junge \/ NTB\n    <\/p>\n<p class=\"italic m-italic\" data-lab-italic=\"italic\">&#8211; Hvordan tror du dette lander hos kronprinsfamilien?<\/p>\n<p>&#8211; De har nok hatt sine tanker om hvor det ville ende straffemessig. Samtidig var de nok veldig spente, som alle andre, p\u00e5 utfallet. At dette har v\u00e6rt en stor belastning for hele familien, er det ingen tvil om.\u00a0\u00a0<\/p>\n<p>    <a itemprop=\"url\" href=\"https:\/\/www.dagbladet.no\/kjendis\/ikke-fullt-sa-bra\/84740710\" rel=\"nofollow noopener\" target=\"_blank\"><\/p>\n<p>        <img loading=\"lazy\" decoding=\"async\" src=\"https:\/\/www.europesays.com\/no\/wp-content\/uploads\/2026\/06\/1781542972_262_84740776.webp\" width=\"147\" height=\"98\" alt=\"\" class=\"lazyload\" style=\"--aspect-ratio-image: 1.50; \"\/><\/p>\n<p>        &#8211; Ikke fullt s\u00e5 bra<\/p>\n<p>    <\/a><\/p>\n<p>Vagle mener at denne saken, sammen med mye annet, har v\u00e6rt med p\u00e5 \u00e5 svekke tilliten til monarkiet. Men hun tror ikke det n\u00f8dvendigvis er kroken p\u00e5 d\u00f8ra.<\/p>\n<p class=\"font-weight-bold m-font-weight-bold\" data-lab-font_weight=\"font-weight-bold\">&#8211; Monarkiet er snakk om de lange linjer, ikke \u00f8yeblikksbildet her og n\u00e5. Vi m\u00e5 ta tida til hjelp, og se hvordan stoda er om noen \u00e5r. Men det er unektelig sv\u00e6rt spesielt at vi kan komme i en situasjon hvor vi har en dronning med en s\u00f8nn i fengsel.<\/p>\n<p>        <img loading=\"lazy\" decoding=\"async\" src=\"https:\/\/www.europesays.com\/no\/wp-content\/uploads\/2026\/06\/1781542974_407_84766442.webp\" width=\"667\" height=\"574\" alt=\"\" class=\"\" style=\"--aspect-ratio-image: 1.16; \"\/><\/p>\n<p>\n        SAMLET: Prins Sverre Magnus (f.v), Marius Borg H\u00f8iby, prinsesse Ingrid Alexandra, kronprinsesse Mette-Marit og kronprins Haakon avbildet sammen i 2022. Foto: Andreas Fadum \/ Se og H\u00f8r\n    <\/p>\n<p>Slottet sier mandag at de ikke har noen kommentar til dommen. Men Vagle b\u00e5de h\u00e5per og tror at en uttalelse vil komme etter hvert.<\/p>\n<p> &#8211; Det synes jeg er p\u00e5 sin plass. Men vi m\u00e5 huske at det er mye annet som skjer i familien om dagen, og at helsen til kronprinsessen har f\u00f8rsteprioritet. <\/p>\n<p>&#8211; Altfor mild dom<\/p>\n<p>Dommen mot H\u00f8iby har ogs\u00e5 sendt sjokkb\u00f8lger langt utenfor Norges grenser.\u00a0<\/p>\n<p data-lab-font_weight=\"font-weight-bold\" class=\"font-weight-bold m-font-weight-bold\">&#8211; Dette er en skandale. Fire \u00e5r for to voldtekter og mishandlingen av ekskj\u00e6resten Nora Haukland er altfor lite, sier den sveitsiske kongehuseksperten, Flavia Schlittler,\u00a0til Dagbladet.<\/p>\n<p>Hun forteller at hun har snakket med flere som reagerer.<\/p>\n<p>        <img loading=\"lazy\" decoding=\"async\" itemprop=\"image\" src=\"https:\/\/www.europesays.com\/no\/wp-content\/uploads\/2026\/06\/1781542974_965_84768308.webp\" width=\"180\" height=\"180\" alt=\"Flavia Schlittler\"\/><\/p>\n<p>                    Flavia Schlittler<br \/>\n                        Flavia<br \/>\n                        Schlittler<\/p>\n<p>                    Flavia Schlittler<br \/>\n                        Kongehusekspert i sveitsiske Blick<\/p>\n<p>&#8211; I tillegg til de \u00f8vrige forholdene H\u00f8iby er d\u00f8mt for, oppleves erstatningsbel\u00f8pet til ofrene som en forn\u00e6rmelse. Mange reagerer kraftig p\u00e5 det de mener er en altfor mild dom.<\/p>\n<p>&#8211; Betydelig omd\u00f8mmeskade<\/p>\n<p>For kongehuseksperten er det ingen tvil om at dommen representerer en tragedie for kronprinsesse Mette-Marit.<\/p>\n<p>&#8211; Hennes verste mareritt har blitt til virkelighet. S\u00f8nnen er d\u00f8mt, offentlighetens s\u00f8kelys er n\u00e5del\u00f8st, og presset enormt. Offisielt er han ikke en del av kongefamilien, men f\u00f8lelsesmessig rammer dette selve hjertet av kronprinsfamilien.<\/p>\n<p>        <img loading=\"lazy\" decoding=\"async\" src=\"https:\/\/www.europesays.com\/no\/wp-content\/uploads\/2026\/06\/1781542974_143_84767197.webp\" width=\"667\" height=\"894\" alt=\"\" class=\"\" style=\"--aspect-ratio-image: 0.75; \"\/><\/p>\n<p>\n        MOR OG S\u00d8NN: Eksperter trekker fram at s\u00f8nnens dom trolig er spesielt vanskelig for mamma kronprinsesse Mette-Marit. Samtidig som hun opplever alvorlige helseutfordringer, har hun n\u00e5 ogs\u00e5 en s\u00f8nn som skal sone i fengsel. Her avbildet under ski-VM i Holmenkollen i 2011. Foto: Lise \u00c5serud \/ NTB\n    <\/p>\n<p data-lab-font_weight=\"font-weight-normal\" class=\"font-weight-normal m-font-weight-normal\">Schlittler tror ikke dommen vil true monarkiets framtid.\u00a0<\/p>\n<p data-lab-font_weight=\"font-weight-bold\" class=\"font-weight-bold m-font-weight-bold\">Men hun tror absolutt at det vil p\u00e5virke omd\u00f8mmet:<\/p>\n<p>&#8211; Dette f\u00f8rer ikke til noen institusjonell kollaps, men det p\u00e5f\u00f8rer monarkiet betydelig omd\u00f8mmeskade. Monarkiet st\u00e5r st\u00f8tt, men symbolverdien er tung. Den framtidige dronningen blir uunng\u00e5elig trukket inn i en debatt som strekker seg langt utover selve rettssaken.<\/p>\n<p>        KONGEHUSET: Flere mener de norske kongelige er gode p\u00e5 akkurat dette. Video: Brage Hegg\u00f8y\/Nora Skavhaug\/R\u00f8d L\u00f8per, NTB.<\/p>\n<p>Mens mange n\u00e5 venter p\u00e5 en reaksjon fra kongehuset, mener Schlittler at den klokeste strategien er \u00e5 v\u00e6re tilbakeholden.<\/p>\n<p>&#8211; Jeg mener linja er klar: F\u00f8rst og fremst stillhet. Ingen uttalelser, ingen f\u00f8lelsesutbrudd og ingen ekstra oppmerksomhet. Hvis det skal sies noe, b\u00f8r det v\u00e6re en kort uttalelse fra kronprins Haakon om respekt for rettsstaten og tillit til rettsprosessen. Ikke noe mer enn det.<\/p>\n<p><\/p>\n<p>        <img loading=\"lazy\" decoding=\"async\" src=\"https:\/\/www.europesays.com\/no\/wp-content\/uploads\/2026\/06\/1781542975_363_84767458.webp\" width=\"686\" height=\"460\" alt=\"\" class=\"\" style=\"--aspect-ratio-image: 1.49; filter: brightness(1.1);\"\/><\/p>\n<p>\n        ALVORLIG SYK: Kronprins Haakon og kronprinsesse Mette-Marit, som m\u00f8tte opp med ekstra oksygentilf\u00f8rsel p\u00e5 slottsbalkongen p\u00e5 17. mai. Foto: Terje Pedersen \/ NTB\n    <\/p>\n<p>&#8211; En familietragedie  <\/p>\n<p>Kongehusekspert og tidligere lakei ved Slottet, Tove Taalesen, sier til Dagbladet at dommen f\u00e5r store konsekvenser for H\u00f8iby, men ogs\u00e5 for menneskene rundt ham.<\/p>\n<p>&#8211; Samtidig er dette et viktig signal om at ingen st\u00e5r over loven &#8211; heller ikke personer med tilknytning til kongehuset.<\/p>\n<p>        <img loading=\"lazy\" decoding=\"async\" itemprop=\"image\" src=\"https:\/\/www.europesays.com\/no\/wp-content\/uploads\/2026\/06\/1781542975_466_84395840.webp\" width=\"180\" height=\"180\" alt=\"Tove Taalesen\"\/><\/p>\n<p>                    Tove Taalesen<br \/>\n                        Tove<br \/>\n                        Taalesen<\/p>\n<p>                    Tove Taalesen<br \/>\n                        Kongehusekspert og tidligere lakei<\/p>\n<p>Hun tror ikke at kronprinsfamilien er overrasket over dommen, men er klar p\u00e5 en ting:<\/p>\n<p class=\"font-weight-bold m-font-weight-bold\" data-lab-font_weight=\"font-weight-bold\">&#8211; Jeg tror dette er en tung dag for familien.<\/p>\n<p>    <a itemprop=\"url\" href=\"https:\/\/www.dagbladet.no\/kjendis\/aldri-skjedd-for\/84732431\" rel=\"nofollow noopener\" target=\"_blank\"><\/p>\n<p>        <img loading=\"lazy\" decoding=\"async\" src=\"https:\/\/www.europesays.com\/no\/wp-content\/uploads\/2026\/06\/1781542976_547_84744108.webp\" width=\"147\" height=\"98\" alt=\"\" class=\"lazyload\" style=\"--aspect-ratio-image: 1.50; \"\/><\/p>\n<p>        Aldri skjedd f\u00f8r<\/p>\n<p>    <\/a><\/p>\n<p class=\"font-weight-normal m-font-weight-normal\" data-lab-font_weight=\"font-weight-normal\">Taalesen p\u00e5peker at de har levd tett p\u00e5 saken i lang tid, og at de kjenner innholdet bedre enn de aller fleste.\u00a0<\/p>\n<p>&#8211; Uansett hvor forberedt man er, er det noe annet \u00e5 f\u00e5 dommen svart p\u00e5 hvitt. For en mor og stefar er dette f\u00f8rst og fremst en familietragedie.<\/p>\n<p>        <img loading=\"lazy\" decoding=\"async\" src=\"https:\/\/www.europesays.com\/no\/wp-content\/uploads\/2026\/06\/1781542977_712_84766994.webp\" width=\"667\" height=\"447\" alt=\"\" class=\"\" style=\"--aspect-ratio-image: 1.49; \"\/><\/p>\n<p>\n        D\u00d8MT: Marius, kronprinsessens s\u00f8nn, er d\u00f8mt til fire \u00e5rs fengsel. Flere eksperter p\u00e5peker at dette er en sv\u00e6rt tung dag for kronprinsfamilien. Foto: Vegard Wivestad Gr\u00f8tt \/ NTB\n    <\/p>\n<p>&#8211; Hva betyr det for monarkiet at en kommende dronning har en s\u00f8nn som n\u00e5 har f\u00e5tt en alvorlig dom?<\/p>\n<p>&#8211; Det er en situasjon det norske monarkiet aldri har st\u00e5tt i f\u00f8r. I to \u00e5r har saken bidratt til \u00e5 viske ut skillet mellom kongehuset og kongefamilien. Marius har ingen offentlig rolle, men han er s\u00f8nn av den kommende dronningen og bror til den kommende dronningen. Derfor blir dette ogs\u00e5 en belastning for institusjonen, sier Taalesen, og legger til:<\/p>\n<p>    <a itemprop=\"url\" href=\"https:\/\/www.dagbladet.no\/kjendis\/om-mette-marit-hun-mangler\/84751705\" rel=\"nofollow noopener\" target=\"_blank\"><\/p>\n<p>        <img loading=\"lazy\" decoding=\"async\" src=\"https:\/\/www.europesays.com\/no\/wp-content\/uploads\/2026\/06\/1781542977_733_84751734.webp\" width=\"147\" height=\"98\" alt=\"\" class=\"lazyload\" style=\"--aspect-ratio-image: 1.50; \"\/><\/p>\n<p>        Om Mette-Marit: &#8211; Hun mangler<\/p>\n<p>    <\/a><\/p>\n<p>&#8211; Samtidig tror jeg ikke dommen i seg selv blir avgj\u00f8rende for monarkiets framtid. Den st\u00f8rste pr\u00f8ven for kongehuset har v\u00e6rt \u00e5 h\u00e5ndtere saken over tid. N\u00e5 er det rettsapparatet som har sagt sitt, og da kan kongehuset lettere flytte oppmerksomheten tilbake til oppgavene sine. <\/p>\n<p>\u00a0&#8211; Vil gi ringvirkninger<\/p>\n<p>Jenny Alexandersson, kongehusekspert i svenske Aftonbladet, mener dommen mot H\u00f8iby vil f\u00e5 store ringvirkninger &#8211; b\u00e5de juridisk og for kongehuset.<\/p>\n<p>&#8211; Dette var i stor grad en ventet dom, sier hun til Dagbladet.<\/p>\n<p>        P\u00c5 LUNGELISTE: 5. juni ble det kjent at kronprinsesse Mette-Marit st\u00e5r p\u00e5 liste for lungetransplantasjon.<\/p>\n<p>Hun peker p\u00e5 at deler av bevismaterialet i saken har v\u00e6rt krevende \u00e5 vurdere. Enkelte av videoklippene politiet fant p\u00e5 H\u00f8ibys telefon og datamaskin er sv\u00e6rt korte &#8211; ett av dem skal bare vare rundt fire sekunder.<\/p>\n<p>        <img loading=\"lazy\" decoding=\"async\" itemprop=\"image\" src=\"https:\/\/www.europesays.com\/no\/wp-content\/uploads\/2026\/06\/1781542978_541_84768307.webp\" width=\"180\" height=\"180\" alt=\"Jenny Alexandersson\"\/><\/p>\n<p>                    Jenny Alexandersson<br \/>\n                        Jenny<br \/>\n                        Alexandersson<\/p>\n<p>                    Jenny Alexandersson<br \/>\n                        Kongehusekspert i Aftonbladet<\/p>\n<p class=\"font-weight-bold m-font-weight-bold\" data-lab-font_weight=\"font-weight-bold\">&#8211; Den typen bevis kan v\u00e6re komplisert \u00e5 h\u00e5ndtere i en rettsprosess, sier Alexandersson.<\/p>\n<p>        <img loading=\"lazy\" decoding=\"async\" src=\"https:\/\/www.europesays.com\/no\/wp-content\/uploads\/2026\/06\/1781542979_140_84767478.webp\" width=\"686\" height=\"460\" alt=\"\" class=\"\" style=\"--aspect-ratio-image: 1.49; \"\/><\/p>\n<p>\n        MED FAMILIEN: Marius Borg H\u00f8iby (t. h.) sammen med kronprins Haakon og prins Sverre Magnus etter festforestillingen ved Elvebakken videreg\u00e5ende skole p\u00e5 konserthuset i Oslo, hvor prinsesse Ingrid Alexandra var en av deltakerne. Foto: Rodrigo Freitas \/ NTB\n    <\/p>\n<p>N\u00e5r det gjelder konsekvensene for kongehuset, er hun tydelig p\u00e5 at dette f\u00f8rst og fremst er en personlig krise for kongefamilien.<\/p>\n<p>&#8211; Dette er en tragedie og en stor sorg for Mette-Marit og resten av familien. Ingen foreldre \u00f8nsker \u00e5 se sitt eget barn i fengsel, og ingen \u00f8nsker at barnet deres skal v\u00e6re d\u00f8mt for s\u00e5 alvorlige handlinger. Jeg h\u00e5per de f\u00e5r god st\u00f8tte i tida som kommer.<\/p>\n<p>        <img loading=\"lazy\" decoding=\"async\" src=\"https:\/\/www.europesays.com\/no\/wp-content\/uploads\/2026\/06\/1781542979_206_84767497.webp\" width=\"667\" height=\"441\" alt=\"\" class=\"\" style=\"--aspect-ratio-image: 1.51; \"\/><\/p>\n<p>\n        UVANLIG: Den svenske kongehuseksperten trekker fram at det er sv\u00e6rt uvanlig at et medlem av en kongelig familie er d\u00f8mt til fengsel. Her er alle samlet under prins Sverre Magnus&#8217; konfirmasjon i 2020. Foto: Lise \u00c5serud \/ NTB\n    <\/p>\n<p>Samtidig peker hun p\u00e5 at saken ogs\u00e5 reiser st\u00f8rre sp\u00f8rsm\u00e5l rundt kongehusets rolle og eksponering.<\/p>\n<p>&#8211; Dette er en historisk og sv\u00e6rt uvanlig hendelse. Det er trolig f\u00f8rste gang i Europa at et medlem av en kongelig familie er d\u00f8mt til fengsel for s\u00e5 alvorlige lovbrudd. Det vil gi ringvirkninger langt utover Norge og skape internasjonal oppmerksomhet.<\/p>\n","protected":false},"excerpt":{"rendered":"Mandag kom nyheten om at kronprinsesse Mette-Marit (52) sin s\u00f8nn, Marius Borg H\u00f8iby (29), er d\u00f8mt til fire&hellip;\n","protected":false},"author":2,"featured_media":267167,"comment_status":"","ping_status":"","sticky":false,"template":"","format":"standard","meta":{"footnotes":"","_share_on_mastodon":"0"},"categories":[58],"tags":[2858,71,479,30,28,29,1221,72],"class_list":["post-267166","post","type-post","status-publish","format-standard","has-post-thumbnail","category-underholdning","tag-durek-verrett","tag-entertainment","tag-kjendis","tag-no","tag-norge","tag-norway","tag-prinsesse-martha-louise","tag-underholdning"],"share_on_mastodon":{"url":"https:\/\/pubeurope.com\/@no\/116755209648771211","error":""},"_links":{"self":[{"href":"https:\/\/www.europesays.com\/no\/wp-json\/wp\/v2\/posts\/267166","targetHints":{"allow":["GET"]}}],"collection":[{"href":"https:\/\/www.europesays.com\/no\/wp-json\/wp\/v2\/posts"}],"about":[{"href":"https:\/\/www.europesays.com\/no\/wp-json\/wp\/v2\/types\/post"}],"author":[{"embeddable":true,"href":"https:\/\/www.europesays.com\/no\/wp-json\/wp\/v2\/users\/2"}],"replies":[{"embeddable":true,"href":"https:\/\/www.europesays.com\/no\/wp-json\/wp\/v2\/comments?post=267166"}],"version-history":[{"count":0,"href":"https:\/\/www.europesays.com\/no\/wp-json\/wp\/v2\/posts\/267166\/revisions"}],"wp:featuredmedia":[{"embeddable":true,"href":"https:\/\/www.europesays.com\/no\/wp-json\/wp\/v2\/media\/267167"}],"wp:attachment":[{"href":"https:\/\/www.europesays.com\/no\/wp-json\/wp\/v2\/media?parent=267166"}],"wp:term":[{"taxonomy":"category","embeddable":true,"href":"https:\/\/www.europesays.com\/no\/wp-json\/wp\/v2\/categories?post=267166"},{"taxonomy":"post_tag","embeddable":true,"href":"https:\/\/www.europesays.com\/no\/wp-json\/wp\/v2\/tags?post=267166"}],"curies":[{"name":"wp","href":"https:\/\/api.w.org\/{rel}","templated":true}]}}