{"id":267298,"date":"2026-06-15T19:55:19","date_gmt":"2026-06-15T19:55:19","guid":{"rendered":"https:\/\/www.europesays.com\/no\/267298\/"},"modified":"2026-06-15T19:55:19","modified_gmt":"2026-06-15T19:55:19","slug":"russ-brak-masse-klager-pa-stoy-fra-russen-fra-hele-agder","status":"publish","type":"post","link":"https:\/\/www.europesays.com\/no\/267298\/","title":{"rendered":"Russ, Br\u00e5k | Masse klager p\u00e5 st\u00f8y fra russen fra hele Agder"},"content":{"rendered":"\n<p>Operasjonsleder Eyvind Formo ved Agder politidistrikt la i natt ut denne meldingen i politiloggen:<\/p>\n<p>\u00abPolitiet mottar mange henvendelser ang. h\u00f8y musikk fra russen som forstyrrer nattero for naboer. Henstilles til russen om \u00e5 forstyrre naboer minst mulig. Politiet skal se om vi f\u00e5r dempet lydniv\u00e5et etter hvert, vurdert opp mot andre oppdrag vi m\u00e5 l\u00f8se\u00bb.<\/p>\n<p>Stedene politiet har f\u00e5tt melding om russebr\u00e5k fra, er: <\/p>\n<p>Arendal, Birkenes, Bygland, Bykle, Evje og Hornnes, Farsund, Flekkefjord, Froland, Gjerstad, Grimstad, H\u00e6gebostad, Iveland, Kristiansand, Kvinesdal, Lillesand, Lindesnes, Lyngdal, Ris\u00f8r, Tvedestrand, Valle, Veg\u00e5rshei, Vennesla, \u00c5mli, \u00c5seral.<\/p>\n<p>Totalt skal det ha kommet et tyvetalls meldinger.<\/p>\n<p>&#8211; Mange som har f\u00e5tt \u00f8delagt s\u00f8vnen i natt. Politiet har p\u00e5talt noen av tilfellene, f\u00f8lger Formo opp.<\/p>\n","protected":false},"excerpt":{"rendered":"Operasjonsleder Eyvind Formo ved Agder politidistrikt la i natt ut denne meldingen i politiloggen: \u00abPolitiet mottar mange henvendelser&hellip;\n","protected":false},"author":2,"featured_media":66033,"comment_status":"","ping_status":"","sticky":false,"template":"","format":"standard","meta":{"footnotes":"","_share_on_mastodon":"0"},"categories":[10],"tags":[36,17105,20,21,24,25,15,22,23,13,30,28,29,14,16,3750,21971,1510,26,27],"class_list":["post-267298","post","type-post","status-publish","format-standard","has-post-thumbnail","category-norge","tag-art","tag-brak","tag-breaking-news","tag-breakingnews","tag-featured-news","tag-featurednews","tag-headlines","tag-latest-news","tag-latestnews","tag-news","tag-no","tag-norge","tag-norway","tag-nyheter","tag-overskrifter","tag-russ","tag-russefeiring","tag-story","tag-top-stories","tag-topstories"],"share_on_mastodon":{"url":"https:\/\/pubeurope.com\/@no\/116755885414136481","error":""},"_links":{"self":[{"href":"https:\/\/www.europesays.com\/no\/wp-json\/wp\/v2\/posts\/267298","targetHints":{"allow":["GET"]}}],"collection":[{"href":"https:\/\/www.europesays.com\/no\/wp-json\/wp\/v2\/posts"}],"about":[{"href":"https:\/\/www.europesays.com\/no\/wp-json\/wp\/v2\/types\/post"}],"author":[{"embeddable":true,"href":"https:\/\/www.europesays.com\/no\/wp-json\/wp\/v2\/users\/2"}],"replies":[{"embeddable":true,"href":"https:\/\/www.europesays.com\/no\/wp-json\/wp\/v2\/comments?post=267298"}],"version-history":[{"count":0,"href":"https:\/\/www.europesays.com\/no\/wp-json\/wp\/v2\/posts\/267298\/revisions"}],"wp:featuredmedia":[{"embeddable":true,"href":"https:\/\/www.europesays.com\/no\/wp-json\/wp\/v2\/media\/66033"}],"wp:attachment":[{"href":"https:\/\/www.europesays.com\/no\/wp-json\/wp\/v2\/media?parent=267298"}],"wp:term":[{"taxonomy":"category","embeddable":true,"href":"https:\/\/www.europesays.com\/no\/wp-json\/wp\/v2\/categories?post=267298"},{"taxonomy":"post_tag","embeddable":true,"href":"https:\/\/www.europesays.com\/no\/wp-json\/wp\/v2\/tags?post=267298"}],"curies":[{"name":"wp","href":"https:\/\/api.w.org\/{rel}","templated":true}]}}