{"id":267318,"date":"2026-06-15T20:10:28","date_gmt":"2026-06-15T20:10:28","guid":{"rendered":"https:\/\/www.europesays.com\/no\/267318\/"},"modified":"2026-06-15T20:10:28","modified_gmt":"2026-06-15T20:10:28","slug":"rommer-vm-festen-vet-hva-som-kommer","status":"publish","type":"post","link":"https:\/\/www.europesays.com\/no\/267318\/","title":{"rendered":"R\u00f8mmer VM-festen: &#8211; Vet hva som kommer"},"content":{"rendered":"<p class=\"kicker bg-cyan color_mobile_bg-cyan hasTextPadding mobile-hasTextPadding\" style=\"\">G\u00e5r p\u00e5 nattes\u00f8vnen l\u00f8s:<\/p>\n<p class=\"subtitle \" style=\"\">Inge Anda frykter en m\u00e5ned med st\u00f8y og natteliv. N\u00e5 pr\u00f8ver han \u00e5 leie ut huset for en kvart million kroner.<\/p>\n<p>\n    VIL REISE BORT: Inge Anda flagger gjerne for norsk fotball-suksess. Men tar gjerne med seg litt bedre nattes\u00f8vn p\u00e5 kj\u00f8pet. Foto: Privat\n  <\/p>\n<p>    Kort fortalt<\/p>\n<p lang=\"nb-NO\">Inge Anda fra Stavanger gruer seg til st\u00f8yen fra fotball-VM og leier ut huset sitt for \u00e5 unng\u00e5 br\u00e5ket.<\/p>\n<p lang=\"nb-NO\">Han bor i Gamle Stavanger, n\u00e6r sentrum, og frykter h\u00f8yttalere og festst\u00f8y som kan forstyrre nattes\u00f8vnen.<\/p>\n<p lang=\"nb-NO\">Anda har lagt ut huset sitt p\u00e5 Finn.no for 250 000 kroner som en humoristisk protest mot de utvidede skjenketidene.<\/p>\n<p lang=\"nb-NO\">Han vurderer \u00e5 reise til Maldivene hvis noen leier huset, men understreker at han st\u00f8tter Norge i VM.<\/p>\n<p>      Vis mer<br \/>\n      Vis mindre<\/p>\n<p>        <a href=\"https:\/\/dinside.dagbladet.no\/norgesferie\" aria-label=\"\" target=\"_blank\" rel=\" noopener nofollow\"><\/p>\n<p>            <img decoding=\"async\" src=\"https:\/\/www.europesays.com\/no\/wp-content\/uploads\/2026\/06\/1781554223_169_Norgesferie2026.png\" alt=\"\" loading=\"lazy\"\/><\/p>\n<p>        <\/a><\/p>\n<p>Mens fotballfans over hele landet gleder seg til \u00e9n m\u00e5ned med full VM-fest, har Inge Anda i Stavanger begynt \u00e5 grue seg. N\u00e5 pr\u00f8ver Stavanger-mannen \u00e5 leie ut sitt eget hjem &#8211; for \u00e5 slippe unna st\u00f8yen.<\/p>\n<p>&#8211; Jeg vet hva som kommer. Jeg har opplevd lignende arrangementer f\u00f8r, og det blir ikke stille, sier Anda til DinSide.<\/p>\n<p>Han bor midt i Gamle Stavanger, et steinkast fra sentrum og utelivet. Til daglig er han vant til cruiseturister som kikker inn vinduene og tar bilder av det hvite trehuset. Men det er en helt annen type lyd han n\u00e5 gruer seg til.<\/p>\n<p>Det var <a href=\"https:\/\/www.nrk.no\/rogaland\/flyktar-fra-vm-braket-i-stavanger_-leiger-ut-heimen-pa-finn-1.17909038\" rel=\"nofollow noopener\" target=\"_blank\">NRK som f\u00f8rst omtalte historien<\/a> om VM-st\u00f8yfrykten til Inge Anda.<\/p>\n<p>    <a itemprop=\"url\" href=\"https:\/\/dinside.dagbladet.no\/video\/hit-bor-du-reise-i-sommer\/vI4De5my\" rel=\"nofollow noopener\" target=\"_blank\"><\/p>\n<p>        <img loading=\"lazy\" decoding=\"async\" src=\"https:\/\/www.europesays.com\/no\/wp-content\/uploads\/2026\/06\/1781554224_70_84527913.webp\" width=\"980\" height=\"441\" alt=\"\" class=\"lazyload\" style=\"--aspect-ratio-image: 2.22; \"\/><\/p>\n<p>        Hit b\u00f8r du reise i sommer!<\/p>\n<p>    <\/a><\/p>\n<p>Frykter h\u00f8yttalere og festst\u00f8y\t<\/p>\n<p>Under fotball-VM \u00e5pnes det for utvidede skjenketider flere steder i landet. I Stavanger har politikerne gitt gr\u00f8nt lys for mer liberale regler, og flere utesteder har f\u00e5tt tillatelse til \u00e5 holde \u00e5pent langt utover natta &#8211; i noen tilfeller helt til morgenen.<\/p>\n<p>&#8211; Det er ikke folkene jeg er bekymret for, men h\u00f8yttalerne og lydniv\u00e5et. Det blir konstant st\u00f8y, sier Anda.<\/p>\n<p>        <img loading=\"lazy\" decoding=\"async\" src=\"https:\/\/www.europesays.com\/no\/wp-content\/uploads\/2026\/06\/84756521.webp\" width=\"667\" height=\"481\" alt=\"\" class=\"\" style=\"--aspect-ratio-image: 1.39; \"\/><\/p>\n<p>\n        DR\u00d8MMEHUSET: Det lille trehuset i Gamle Stavanger vekker gode f\u00f8lelser hos mange. N\u00e5 kan du leie det for 250 000 kroner. Foto: Privat\n    <\/p>\n<p>For ham kan det f\u00e5 konkrete konsekvenser.<\/p>\n<p>&#8211; Jeg er kokk og st\u00e5r opp halv seks hver morgen. Da er jeg helt avhengig av \u00e5 f\u00e5 sove godt om natta. Det er i luftlinje bare 250-300 meter fra huset mitt og over til hovedscenen for fotballfesten. Da sier det seg selv at det kan bli sm\u00e5tt med nattes\u00f8vn.<\/p>\n<p>Kreativ l\u00f8sning\t<\/p>\n<p>I stedet for \u00e5 resignere, har Anda valgt en utradisjonell strategi: Han har <a href=\"https:\/\/www.finn.no\/realestate\/lettings\/ad.html?finnkode=465929040&amp;ci=3\" rel=\"nofollow noopener\" target=\"_blank\">lagt ut huset sitt for utleie p\u00e5 Finn.no<\/a> gjennom hele mesterskapet, fra 11. juni til 19. juli.<\/p>\n<p>    <a itemprop=\"url\" href=\"https:\/\/dinside.dagbladet.no\/okonomi\/vekker-bekymring-en-million-har-ikke-rad\/84744961\" rel=\"nofollow noopener\" target=\"_blank\"><\/p>\n<p>        <img loading=\"lazy\" decoding=\"async\" src=\"https:\/\/www.europesays.com\/no\/wp-content\/uploads\/2026\/06\/1781554226_99_84750017.webp\" width=\"980\" height=\"441\" alt=\"\" class=\"lazyload\" style=\"--aspect-ratio-image: 2.22; \"\/><\/p>\n<p>        Vekker bekymring: \u00c9n million har ikke r\u00e5d<\/p>\n<p>    <\/a><\/p>\n<p>Prislappen? 250 000 kroner.<\/p>\n<p>Men det sp\u00f8rs om noen sl\u00e5r til p\u00e5 den kreative annonsen.<\/p>\n<p>I annonsen lover han nemlig at huset er\u00a0uisolert, har enormt gode lydforhold, at det garantert er umulig \u00e5 sove under VM, og at det er s\u00e5 kort vei til VM-arrangement i V\u00e5gen, at du kan g\u00e5 hjem p\u00e5 do.\u00a0<\/p>\n<p class=\"italic m-italic\" data-lab-italic=\"italic\">&#8211; Hvor mange har du plass til?<\/p>\n<p>&#8211; Det er sengeplass til fem, hagestoler, sofa, krypkjeller og drivhus. Men hvem trenger egentlig s\u00f8vn, det er sommer og VM.<\/p>\n<p>    <a itemprop=\"url\" href=\"https:\/\/dinside.dagbladet.no\/reise\/rives-bort-det-koker\/84749299\" rel=\"nofollow noopener\" target=\"_blank\"><\/p>\n<p>        <img loading=\"lazy\" decoding=\"async\" src=\"https:\/\/www.europesays.com\/no\/wp-content\/uploads\/2026\/06\/1781554227_53_84750504.webp\" width=\"980\" height=\"441\" alt=\"\" class=\"lazyload\" style=\"--aspect-ratio-image: 2.22; \"\/><\/p>\n<p>        Rives bort: &#8211; Det koker<\/p>\n<p>    <\/a><\/p>\n<p class=\"italic m-italic\" data-lab-italic=\"italic\">&#8211; Er det et utleie p\u00e5 ramme alvor. Du er jo kjent for mange som en mann med mange morsomme p\u00e5funn og godt hum\u00f8r?<\/p>\n<p>&#8211; Det er en humoristisk protest. Jeg vil f\u00e5 fram poenget, men gj\u00f8re det med et glimt i \u00f8yet, sier han til DinSide.<\/p>\n<p>        <img loading=\"lazy\" decoding=\"async\" src=\"https:\/\/www.europesays.com\/no\/wp-content\/uploads\/2026\/06\/84756522.webp\" width=\"686\" height=\"686\" alt=\"\" class=\"\" style=\"--aspect-ratio-image: 1.00; \"\/><\/p>\n<p>\n        IKKE FORN\u00d8YD: Inge Anda har vanligvis godt hum\u00f8r. Men noen netter uten s\u00f8vn kan t\u00e6re p\u00e5. Foto: Privat\n    <\/p>\n<p>Samtidig retter han en spiss kommentar mot utelivsbransjen og utend\u00f8rsarrangementer.<\/p>\n<p>Malaysia neste stopp\t<\/p>\n<p>&#8211; De ber i praksis om \u00e5 f\u00e5 skjenke i over en m\u00e5ned, nesten d\u00f8gnet rundt. Det er litt voldsomt. Jeg forst\u00e5r at det er full fest n\u00e5r Norge spiller sine kamper, og de aller siste i sluttspillet. Men ut over dette er det fint med litt nattes\u00f8vn.<\/p>\n<p class=\"italic m-italic\" data-lab-italic=\"italic\">&#8211; Har du f\u00e5tt noen henvendelser etter annonsen fra folk som vil leie huset ditt under VM?<\/p>\n<p>    <a itemprop=\"url\" href=\"https:\/\/dinside.dagbladet.no\/okonomi\/tar-feil-om-feriepenger-stemmer-ikke\/84733819\" rel=\"nofollow noopener\" target=\"_blank\"><\/p>\n<p>        <img loading=\"lazy\" decoding=\"async\" src=\"https:\/\/www.europesays.com\/no\/wp-content\/uploads\/2026\/06\/1781554228_133_84721291.webp\" width=\"980\" height=\"441\" alt=\"\" class=\"lazyload\" style=\"--aspect-ratio-image: 2.22; \"\/><\/p>\n<p>        &#8211; Stemmer ikke<\/p>\n<p>    <\/a><\/p>\n<p>&#8211; Et par henvendelser er det blitt, men jeg oppfatter dem ikke som seri\u00f8se.<\/p>\n<p class=\"italic m-italic\" data-lab-italic=\"italic\">&#8211; Hva gj\u00f8r du dersom noen sl\u00e5r til?<\/p>\n<p>&#8211; Da kan jeg enten stille opp med frokostservering og roomservice inkludert i prisen, ler Inge Anda.<\/p>\n<p>&#8211; Eller jeg kan g\u00e5 for alternativ to, som er \u00e5 ta med en venninne til Maldivene.<\/p>\n<p>        Har du et tips om andre underlige ting under fotball-VM?<\/p>\n<p class=\"subtitle\">Hei, jeg heter Odd Roar Lange og er reiseekspert og -journalist for DinSide og Dagbladet. Har du et tips eller sp\u00f8rsm\u00e5l om fotball-VM, reiser og ferie? Send det gjerne til meg. Tips, sp\u00f8rsm\u00e5l og bilder som kan brukes til en reportasje vil bli prioritert.<\/p>\n<p>I mellomtiden er han helt klar p\u00e5 \u00e9n ting: Han holder med Norge i VM.<\/p>\n","protected":false},"excerpt":{"rendered":"G\u00e5r p\u00e5 nattes\u00f8vnen l\u00f8s: Inge Anda frykter en m\u00e5ned med st\u00f8y og natteliv. N\u00e5 pr\u00f8ver han \u00e5 leie&hellip;\n","protected":false},"author":2,"featured_media":267319,"comment_status":"","ping_status":"","sticky":false,"template":"","format":"standard","meta":{"footnotes":"","_share_on_mastodon":"0"},"categories":[5],"tags":[20,21,24,25,8629,4472,15,19,22,23,17,18,13,30,28,29,14,16,1992,1306,4226,26,27,11859],"class_list":["post-267318","post","type-post","status-publish","format-standard","has-post-thumbnail","category-overskrifter","tag-breaking-news","tag-breakingnews","tag-featured-news","tag-featurednews","tag-finn-no","tag-fotball-vm","tag-headlines","tag-hovedoppslag","tag-latest-news","tag-latestnews","tag-main-news","tag-mainnews","tag-news","tag-no","tag-norge","tag-norway","tag-nyheter","tag-overskrifter","tag-reise","tag-stavanger","tag-thetravelinspector","tag-top-stories","tag-topstories","tag-vm2026"],"share_on_mastodon":{"url":"https:\/\/pubeurope.com\/@no\/116755944590513925","error":""},"_links":{"self":[{"href":"https:\/\/www.europesays.com\/no\/wp-json\/wp\/v2\/posts\/267318","targetHints":{"allow":["GET"]}}],"collection":[{"href":"https:\/\/www.europesays.com\/no\/wp-json\/wp\/v2\/posts"}],"about":[{"href":"https:\/\/www.europesays.com\/no\/wp-json\/wp\/v2\/types\/post"}],"author":[{"embeddable":true,"href":"https:\/\/www.europesays.com\/no\/wp-json\/wp\/v2\/users\/2"}],"replies":[{"embeddable":true,"href":"https:\/\/www.europesays.com\/no\/wp-json\/wp\/v2\/comments?post=267318"}],"version-history":[{"count":0,"href":"https:\/\/www.europesays.com\/no\/wp-json\/wp\/v2\/posts\/267318\/revisions"}],"wp:featuredmedia":[{"embeddable":true,"href":"https:\/\/www.europesays.com\/no\/wp-json\/wp\/v2\/media\/267319"}],"wp:attachment":[{"href":"https:\/\/www.europesays.com\/no\/wp-json\/wp\/v2\/media?parent=267318"}],"wp:term":[{"taxonomy":"category","embeddable":true,"href":"https:\/\/www.europesays.com\/no\/wp-json\/wp\/v2\/categories?post=267318"},{"taxonomy":"post_tag","embeddable":true,"href":"https:\/\/www.europesays.com\/no\/wp-json\/wp\/v2\/tags?post=267318"}],"curies":[{"name":"wp","href":"https:\/\/api.w.org\/{rel}","templated":true}]}}