{"id":267430,"date":"2026-06-15T22:24:25","date_gmt":"2026-06-15T22:24:25","guid":{"rendered":"https:\/\/www.europesays.com\/no\/267430\/"},"modified":"2026-06-15T22:24:25","modified_gmt":"2026-06-15T22:24:25","slug":"saksoker-netflix-etter-dokumentar","status":"publish","type":"post","link":"https:\/\/www.europesays.com\/no\/267430\/","title":{"rendered":"Saks\u00f8ker Netflix etter dokumentar"},"content":{"rendered":"<p class=\"kicker text-red color_mobile_text-red hasTextColor hasTextColorMobile\" style=\"\">Tyra Banks:<\/p>\n<p class=\"subtitle \" style=\"\">Reaksjonene etter Netflix-serien har v\u00e6rt harde. N\u00e5 tar supermodellen rettslige steg.\u00a0<\/p>\n<p>\n    SAKS\u00d8KER: Tyra Banks mener intervjuet hennes ble manipulert. Foto: Richard Shotwell \/ Invision \/ AP \/ NTB\n  <\/p>\n<p>Tyra Banks har g\u00e5tt til s\u00f8ksm\u00e5l for \u00e6reskrenkelser mot Netflix og regiss\u00f8rene bak dokumentarserien\u00a0\u00abReality Check: Inside America\u00b4s Next Top Model\u00bb.\u00a0\u00a0<\/p>\n<p>S\u00f8ksm\u00e5let ble levert til en f\u00f8deral domstol i Los Angeles l\u00f8rdag, skriver <a href=\"https:\/\/apnews.com\/article\/tyra-banks-sues-netflix-antm-docuseries-7efd641bce6c40313ad25b4034cd5b1f?utm_source=sdrn%3Avg%3Aarticle%3AoE7a7W\" rel=\"nofollow noopener\" target=\"_blank\">AP<\/a>.\u00a0<\/p>\n<p>Den amerikanske supermodellen har skapt og ledet den popul\u00e6re realityserien \u00abAmerica\u00b4s Next Top Model\u00bb, som fikk hele 24 sesonger.\u00a0<\/p>\n<p>Banks hevder hun ble intervjuet i tre og en halv time, og mener at hun tok ansvar for flere av programmets omstridte avgj\u00f8relser.<\/p>\n<p>    <a itemprop=\"url\" href=\"https:\/\/sol.no\/nyheter\/innrommer-utnyttende-sex-med-16-aring\/84533792\" rel=\"nofollow noopener\" target=\"_blank\"><\/p>\n<p>        <img loading=\"lazy\" decoding=\"async\" src=\"https:\/\/www.europesays.com\/no\/wp-content\/uploads\/2026\/06\/84533861.webp\" width=\"980\" height=\"441\" alt=\"\" class=\"lazyload\" style=\"--aspect-ratio-image: 2.22; \"\/><\/p>\n<p>        Innr\u00f8mmer \u00abutnyttende\u00bb sex med 16-\u00e5ring<\/p>\n<p>sol.no<\/p>\n<p>    <\/a><\/p>\n<p>Intervjuet ble klippet ned til 16 minutter i den ferdige Netflix-dokumentaren.<\/p>\n<p>&#8211; Ansvaret Banks tok, endte opp p\u00e5 klipperommets gulv. Det var der, men seerne fikk aldri muligheten til \u00e5 se det, skriver advokatene hennes i s\u00f8ksm\u00e5let, if\u00f8lge\u00a0<a href=\"https:\/\/apnews.com\/article\/tyra-banks-sues-netflix-antm-docuseries-7efd641bce6c40313ad25b4034cd5b1f?utm_source=sdrn%3Avg%3Aarticle%3AoE7a7W\" rel=\"nofollow noopener\" target=\"_blank\">AP<\/a>.<\/p>\n<p>I s\u00f8ksm\u00e5let kommer det frem at Banks mener fremstillingen av henne ble manipulert\u00a0\u00abfor \u00e5 st\u00f8tte en falsk og \u00e6rekrenkende fortelling som ikke samsvarer med det hun faktisk uttrykte\u00bb.\u00a0<\/p>\n<p>    <a itemprop=\"url\" href=\"https:\/\/sol.no\/nyheter\/sjokkanklager-mot-superstjerna\/84493072\" rel=\"nofollow noopener\" target=\"_blank\"><\/p>\n<p>        <img loading=\"lazy\" decoding=\"async\" src=\"https:\/\/www.europesays.com\/no\/wp-content\/uploads\/2026\/06\/84493358.webp\" width=\"980\" height=\"441\" alt=\"\" class=\"lazyload\" style=\"--aspect-ratio-image: 2.22; \"\/><\/p>\n<p>        Sjokkanklager mot superstjerna<\/p>\n<p>sol.no<\/p>\n<p>    <\/a><\/p>\n<p>\u00abAmerica\u00b4s Next Top Model\u00bb hadde premiere i 2003 og fikk sin siste sesong i 2018. De siste \u00e5rene har serien f\u00e5tt kritikk for problematiske fotoshooter, manipulasjon av deltakere og kroppspress.\u00a0\u00a0<\/p>\n<p>Anklager om overgrep\t<\/p>\n<p>I s\u00f8ksm\u00e5let hevdes det at produsentene av Netflix-serien brukte \u00abselektiv redigering, bevisste utelatelser og kirurgisk manipulering av sammenhengende opptak\u00bb\u00a0for \u00e5 skape et inntrykk av at Banks lot en deltager bli seksuelt misbrukt p\u00e5 showet, og deretter utnyttet traumet for \u00e5 \u00f8ke seertallene.\u00a0<\/p>\n<p>        <img loading=\"lazy\" decoding=\"async\" src=\"https:\/\/www.europesays.com\/no\/wp-content\/uploads\/2026\/06\/84767758.webp\" width=\"667\" height=\"381\" alt=\"\" class=\"\" style=\"--aspect-ratio-image: 1.75; \"\/><\/p>\n<p>\n        Foto: Justin Sullivan \/ AFP\/ Getty Images \/ NTB\n    <\/p>\n<p>Banks hevder at hun verken ble informert om eller spurt om det p\u00e5st\u00e5tte overgrepet under intervjuet.\u00a0<\/p>\n<p>    <a itemprop=\"url\" href=\"https:\/\/sol.no\/nyheter\/dua-lipa-og-callum-turner-har-giftet-seg\/84696694\" rel=\"nofollow noopener\" target=\"_blank\"><\/p>\n<p>        <img loading=\"lazy\" decoding=\"async\" src=\"https:\/\/www.europesays.com\/no\/wp-content\/uploads\/2026\/06\/84696958.webp\" width=\"980\" height=\"441\" alt=\"\" class=\"lazyload\" style=\"--aspect-ratio-image: 2.22; \"\/><\/p>\n<p>        Dua Lipa og Callum Turner har giftet seg<\/p>\n<p>sol.no<\/p>\n<p>    <\/a><\/p>\n<p>&#8211; De saks\u00f8kte redigerte Netflix-serien slik at det fremsto som om Banks visste at hun ble spurt om et seksuelt overgrep og bevisst fors\u00f8kte \u00e5 unng\u00e5 temaet, st\u00e5r det i s\u00f8ksm\u00e5let.\u00a0<\/p>\n<p>Advokatene hennes skriver at hun ikke fikk se serien f\u00f8r dagen f\u00f8r premieren 16. februar. Hun hevder at hun heller ikke ble kontaktet for faktasjekk etter intervjuet, eller fikk muligheten til \u00e5 svare p\u00e5 anklager fra andre deltakere.\u00a0<\/p>\n<p>Krever erstatning\t<\/p>\n<p>Banks krever n\u00e5 erstatning fra Netflix og regiss\u00f8rene Daniel Sivan og Mor Loushy, samt produksjonsselskapet EverWonder Studio.\u00a0<\/p>\n<p>Etter at dokumentarserien ble sluppet har reaksjonene fra publikum v\u00e6rt harde p\u00e5 sosiale medier. Ogs\u00e5 hennes iskrembutikk i Sydney skal ha blitt utsatt for negative anmeldelser p\u00e5 Google.<\/p>\n<p>&#8211; Dette s\u00f8ksm\u00e5let er svaret hennes, s\u00e6rlig etter at fors\u00f8kene p\u00e5 \u00e5 l\u00f8se saken direkte med Netflix og produsentene ble avvist, skriver advokatene.<\/p>\n","protected":false},"excerpt":{"rendered":"Tyra Banks: Reaksjonene etter Netflix-serien har v\u00e6rt harde. N\u00e5 tar supermodellen rettslige steg.\u00a0 SAKS\u00d8KER: Tyra Banks mener intervjuet&hellip;\n","protected":false},"author":2,"featured_media":267431,"comment_status":"","ping_status":"","sticky":false,"template":"","format":"standard","meta":{"footnotes":"","_share_on_mastodon":"0"},"categories":[58],"tags":[71,460,479,220,30,28,29,14,8946,72],"class_list":["post-267430","post","type-post","status-publish","format-standard","has-post-thumbnail","category-underholdning","tag-entertainment","tag-film","tag-kjendis","tag-netflix","tag-no","tag-norge","tag-norway","tag-nyheter","tag-serie","tag-underholdning"],"share_on_mastodon":{"url":"https:\/\/pubeurope.com\/@no\/116756471692758888","error":""},"_links":{"self":[{"href":"https:\/\/www.europesays.com\/no\/wp-json\/wp\/v2\/posts\/267430","targetHints":{"allow":["GET"]}}],"collection":[{"href":"https:\/\/www.europesays.com\/no\/wp-json\/wp\/v2\/posts"}],"about":[{"href":"https:\/\/www.europesays.com\/no\/wp-json\/wp\/v2\/types\/post"}],"author":[{"embeddable":true,"href":"https:\/\/www.europesays.com\/no\/wp-json\/wp\/v2\/users\/2"}],"replies":[{"embeddable":true,"href":"https:\/\/www.europesays.com\/no\/wp-json\/wp\/v2\/comments?post=267430"}],"version-history":[{"count":0,"href":"https:\/\/www.europesays.com\/no\/wp-json\/wp\/v2\/posts\/267430\/revisions"}],"wp:featuredmedia":[{"embeddable":true,"href":"https:\/\/www.europesays.com\/no\/wp-json\/wp\/v2\/media\/267431"}],"wp:attachment":[{"href":"https:\/\/www.europesays.com\/no\/wp-json\/wp\/v2\/media?parent=267430"}],"wp:term":[{"taxonomy":"category","embeddable":true,"href":"https:\/\/www.europesays.com\/no\/wp-json\/wp\/v2\/categories?post=267430"},{"taxonomy":"post_tag","embeddable":true,"href":"https:\/\/www.europesays.com\/no\/wp-json\/wp\/v2\/tags?post=267430"}],"curies":[{"name":"wp","href":"https:\/\/api.w.org\/{rel}","templated":true}]}}