{"id":26750,"date":"2025-09-04T10:57:09","date_gmt":"2025-09-04T10:57:09","guid":{"rendered":"https:\/\/www.europesays.com\/no\/26750\/"},"modified":"2025-09-04T10:57:09","modified_gmt":"2025-09-04T10:57:09","slug":"kronprinsparet-pa-liv-ullmann-feiring","status":"publish","type":"post","link":"https:\/\/www.europesays.com\/no\/26750\/","title":{"rendered":"Kronprinsparet p\u00e5 Liv Ullmann-feiring"},"content":{"rendered":"\n<p class=\"_lead_ew2ao_2 _lead_xtcu6_50 layout-component text-serif-m layout-normal text-serif-l layout-component layout-wide layout-padded _wide_17hqh_1 layout-padded\">Filmparken p\u00e5 Jar markerer 90 \u00e5r med kongelig bes\u00f8k.<\/p>\n<p><img alt=\" Foto: Jonas F\u00e6ste Laksekj\u00f8n \/ NTB\" class=\"_image_qp4xg_65 layout-component layout-wide\" data-fullscreen- data-track-element-type=\"Article image fullscreen\" data-track-name=\"ImageFullscreen\" fetchpriority=\"high\" decoding=\"sync\" loading=\"eager\" height=\"3959\" itemprop=\"image\"  src=\"https:\/\/www.europesays.com\/no\/wp-content\/uploads\/2025\/09\/bf32135d-97ee-4b27-969d-00717707d6c2\"  style=\"object-position:47.0112813604984% 44.53144733518565%\" width=\"5939\"\/> Foto: Jonas F\u00e6ste Laksekj\u00f8n \/ NTB<\/p>\n<ul aria-hidden=\"true\" class=\"_images_1y6fe_106\">\n<li><a class=\"_link_1y6fe_111\" href=\"https:\/\/www.vg.no\/forfatter\/bastian-lunde-hvitmyhr\" style=\"z-index:2\" title=\"Bastian Lunde Hvitmyhr\" rel=\"nofollow noopener\" target=\"_blank\"><img alt=\"Bilde av Bastian Lunde Hvitmyhr\" class=\"_image_1y6fe_88\" fetchpriority=\"low\" loading=\"lazy\" decoding=\"async\" itemprop=\"image\"  src=\"https:\/\/www.europesays.com\/no\/wp-content\/uploads\/2025\/09\/150baf2c-85af-47f9-b506-d8189e6820a4\"  width=\"480\"\/><\/a><\/li>\n<li><a class=\"_link_1y6fe_111\" href=\"https:\/\/www.vg.no\/forfatter\/hannah-solstad-klepp\" style=\"z-index:1\" title=\"Hannah Solstad Klepp\" rel=\"nofollow noopener\" target=\"_blank\"><img alt=\"Bilde av Hannah Solstad Klepp\" class=\"_image_1y6fe_88\" fetchpriority=\"low\" loading=\"lazy\" decoding=\"async\" itemprop=\"image\"  src=\"https:\/\/www.europesays.com\/no\/wp-content\/uploads\/2025\/09\/1756983428_650_f811f9c1-64f7-4c50-9133-b5735831a650\"  width=\"480\"\/><\/a><\/li>\n<\/ul>\n<p>rapporterer fra Jar i B\u00e6rum Oppdatert torsdag 4. september kl. 12:52     <\/p>\n<p class=\"_paragraph_ew2ao_4 _paragraph_xtcu6_10 layout-component text-serif-m layout-normal text-serif-m layout-padded\">Torsdag markerer Filmparken jubileet med \u00e5 d\u00f8pe om et av sine tre studioer etter skuespiller Liv Ullmann (86).<\/p>\n<p class=\"_paragraph_ew2ao_4 _paragraph_xtcu6_10 layout-component text-serif-m layout-normal text-serif-m layout-padded\"><a href=\"https:\/\/www.vg.no\/tag\/kronprins-haakon?utm_source=vg-article&amp;utm_medium=auto-tagger&amp;utm_campaign=0Vmml0\" class=\"_link_ew2ao_39\" rel=\"nofollow noopener\" target=\"_blank\">Kronprins Haakon<\/a> (52) og kronprinsesse Mette-Marit (52) har tatt turen til B\u00e6rum for anledningen. Filmparken ble etablert i 1935 og er sterkt knyttet til norsk film- og TV-produksjon.<\/p>\n<p class=\"_paragraph_ew2ao_4 _paragraph_xtcu6_10 layout-component text-serif-m layout-normal text-serif-m layout-padded\">Kronprinsparet ble tatt imot av B\u00e6rums ordf\u00f8rer, Lisbeth Hammer Krog, men svarte ikke p\u00e5 noen sp\u00f8rsm\u00e5l fra pressen.<\/p>\n<p><img alt=\"Foto: Jonas F\u00e6ste Laksekj\u00f8n \/ NTB\" class=\"_image_qp4xg_65 layout-component layout-normal\" data-fullscreen- data-track-element-type=\"Article image fullscreen\" data-track-name=\"ImageFullscreen\" decoding=\"async\" loading=\"lazy\" height=\"3533\" itemprop=\"image\"  src=\"https:\/\/www.europesays.com\/no\/wp-content\/uploads\/2025\/09\/784a461b-56eb-4df8-bb4e-87ed612e072a\"  style=\"object-position:58.34905660377358% 48.65553354090009%\" width=\"5300\"\/>Foto: Jonas F\u00e6ste Laksekj\u00f8n \/ NTB<\/p>\n<p class=\"_paragraph_ew2ao_4 _paragraph_xtcu6_10 layout-component text-serif-m layout-normal text-serif-m layout-padded\">\u2013 S\u00e5 her er det spilt inn film, sier kronprinsen idet han setter seg ned i filmstudioet.<\/p>\n<p class=\"_paragraph_ew2ao_4 _paragraph_xtcu6_10 layout-component text-serif-m layout-normal text-serif-m layout-padded\">Det er for anledningen dekket med bord for dagens feiring, og flere skuespillere og andre i filmbransjen har m\u00f8tt opp for \u00e5 hedre Ullmann. <\/p>\n<ul class=\"_gallery_1qa3s_23\" tabindex=\"0\">\n<li class=\"_item_1qa3s_37\" data-index=\"0\"><img decoding=\"async\" class=\"_image_foru8_23 _articleGallery_foru8_39\" data-fullscreen- width=\"4032\" height=\"3024\" itemprop=\"image\" loading=\"lazy\"  src=\"https:\/\/www.europesays.com\/no\/wp-content\/uploads\/2025\/09\/965989ee-c011-441e-af2f-8f458a01a323\"  style=\"object-position:48.98313492063492% 43.452380952380956%;aspect-ratio:var(--gallery-aspect-ratio, 16 \/ 9)\"\/>Foto: Bastian Lunde Hvitmyhr \/ VG<\/li>\n<li class=\"_item_1qa3s_37\" data-index=\"1\"><img decoding=\"async\" class=\"_image_foru8_23 _articleGallery_foru8_39\" data-fullscreen- width=\"1980\" height=\"3520\" itemprop=\"image\" loading=\"lazy\"  src=\"https:\/\/www.europesays.com\/no\/wp-content\/uploads\/2025\/09\/9aaa4d32-7e59-44f7-bdc3-abb8c88a3369\"  style=\"object-position:47.6010101010101% 48.42329545454545%;aspect-ratio:var(--gallery-aspect-ratio, 16 \/ 9)\"\/>Foto: Bastian Lunde Hvitmyhr \/ VG<\/li>\n<\/ul>\n<p>Foto: Bastian Lunde Hvitmyhr \/ VG<\/p>\n<p class=\"_paragraph_ew2ao_4 _paragraph_xtcu6_10 layout-component text-serif-m layout-normal text-serif-m layout-padded\">\u00abStudio B\u00bb inne p\u00e5 omr\u00e5det er n\u00e5 omd\u00f8pt til \u00abStudio Liv Ullmann\u00bb til \u00e6re for den norske filmstjernen. Det ble stor applaus i publikum da det nye navnet til studioet ble lest opp. <\/p>\n<p class=\"_paragraph_ew2ao_4 _paragraph_xtcu6_10 layout-component text-serif-m layout-normal text-serif-m layout-padded\">Etter feiringen skal kronprinsparet innom for \u00e5 se settet til\u00a0Knut Hamsuns klassiker \u00abMarkens Gr\u00f8de\u00bb, som spilles inn rett bak studioet hvor markeringen holdes.<\/p>\n<p><img alt=\"Foto: Bastian Lunde Hvitmyhr \/ VG\" class=\"_image_qp4xg_65 layout-component layout-normal\" data-fullscreen- data-track-element-type=\"Article image fullscreen\" data-track-name=\"ImageFullscreen\" decoding=\"async\" loading=\"lazy\" height=\"4032\" itemprop=\"image\"  src=\"https:\/\/www.europesays.com\/no\/wp-content\/uploads\/2025\/09\/3a625a14-28de-42b7-bc78-9cc0dc9d6dda\"  style=\"object-position:48.79298941798942% 53.608630952380956%\" width=\"3024\"\/>Foto: Bastian Lunde Hvitmyhr \/ VG<\/p>\n<p class=\"_paragraph_ew2ao_4 _paragraph_xtcu6_10 layout-component text-serif-m layout-normal text-serif-m layout-padded\">Tidligere i \u00e5r ble Ullmann hedret i Tr\u00f8ndelag, et omr\u00e5de hvor hun har bodd i flere \u00e5r.<\/p>\n<p class=\"_paragraph_ew2ao_4 _paragraph_xtcu6_10 layout-component text-serif-m layout-normal layout-padded\"><strong class=\"_strong_ew2ao_25\">Les ogs\u00e5:<\/strong> <a href=\"https:\/\/www.vg.no\/i\/QM6rvP\" data-track-element-type=\"Link\" data-track-id=\"link:QM6rvP\" class=\"_link_ew2ao_39\" rel=\"nofollow noopener\" target=\"_blank\">Liv Ullmann hedret med plass og statue<\/a><\/p>\n<p class=\"_paragraph_ew2ao_4 _paragraph_xtcu6_10 layout-component text-serif-m layout-normal text-serif-m layout-padded\">Arrangementet er det andre kronprinsessen er p\u00e5 etter at tiltalen mot Marius Borg H\u00f8iby (28) ble tatt ut.<\/p>\n<p class=\"_paragraph_ew2ao_4 _paragraph_xtcu6_10 layout-component text-serif-m layout-normal text-serif-m layout-padded\">H\u00f8iby er\u00a0tiltalt\u00a0for 32 lovbrudd.<\/p>\n<p class=\"_paragraph_ew2ao_4 _paragraph_xtcu6_10 layout-component text-serif-m layout-normal text-serif-m layout-padded\">Sist uke var konge- og kronprinsparet samlet i Bergen for \u00e5 feire at <a href=\"https:\/\/www.vg.no\/rampelys\/i\/eM3zoO\/samlet-i-bergen-kronprinsparet-starter-feiringen\" data-track-element-type=\"Link\" data-track-id=\"link:eM3zoO\" class=\"_link_ew2ao_39\" rel=\"nofollow noopener\" target=\"_blank\">Gamlehaugen har v\u00e6rt kongens offisielle residens<\/a> i 100 \u00e5r.<\/p>\n<p class=\"_paragraph_ew2ao_4 _paragraph_xtcu6_10 layout-component text-serif-m layout-normal layout-padded\"><strong class=\"_strong_ew2ao_25\">Les ogs\u00e5:<\/strong> <a href=\"https:\/\/www.vg.no\/i\/lwG6QA\" data-track-element-type=\"Link\" data-track-id=\"link:lwG6QA\" class=\"_link_ew2ao_39\" rel=\"nofollow noopener\" target=\"_blank\">Ekspert om prinsessens Netflix-dokumentar: \u2013 Soleklart avtalebrudd<\/a><\/p>\n<p class=\"_paragraph_ew2ao_4 _paragraph_xtcu6_10 layout-component text-serif-m layout-normal text-serif-m layout-padded\"><strong class=\"_strong_ew2ao_25\">Onsdag slapp\u00a0<a href=\"https:\/\/www.vg.no\/tag\/netflix?utm_source=vg-article&amp;utm_medium=auto-tagger&amp;utm_campaign=lwG6QA\" class=\"_link_ew2ao_39\" rel=\"nofollow noopener\" target=\"_blank\">Netflix<\/a>\u00a0traileren for den kommende dokumentaren om prinsesse M\u00e4rtha Louise (53) og Durek Verrett (50).<\/strong><\/p>\n<p class=\"_paragraph_ew2ao_4 _paragraph_xtcu6_10 layout-component text-serif-m layout-normal text-serif-m layout-padded\">\u2013 Jeg \u00f8nsker et kongelig bryllup, fordi jeg skal bli kongelig, sier Verrett i dokumentaren.<\/p>\n<p class=\"_paragraph_ew2ao_4 _paragraph_xtcu6_10 layout-component text-serif-m layout-normal text-serif-m layout-padded\">Det har f\u00e5tt noen til \u00e5 peke p\u00e5 avtalen prinsessen og Verrett har med kongen.<\/p>\n<p class=\"_paragraph_ew2ao_4 _paragraph_xtcu6_10 layout-component text-serif-m layout-normal text-serif-m layout-padded\">\u2013 Traileren er et soleklart brudd p\u00e5 avtalen som de inngikk med kongehuset i november 2022, har kongehusekspert Trond Nor\u00e9n Isaksen fortalt til VG.<\/p>\n<p class=\"_paragraph_ew2ao_4 _paragraph_xtcu6_10 layout-component text-serif-m layout-normal text-serif-m layout-padded\">Reglene, som er publisert p\u00e5\u00a0<a href=\"https:\/\/www.kongehuset.no\/artikkel.html?tid=216578&amp;sek=27023&amp;utm_source=sdrn%3Avg%3Aarticle%3AGMy70q\" class=\"_link_ew2ao_39\" rel=\"nofollow noopener\" target=\"_blank\">Slottets egne sider,<\/a>\u00a0inneb\u00e6rer at de blant annet ikke skal synliggj\u00f8re tilknytning til Kongehuset i medieproduksjoner.<\/p>\n<p class=\"_paragraph_ew2ao_4 _paragraph_xtcu6_10 layout-component text-serif-m layout-normal text-serif-m layout-padded\">Dokumentaren har premiere 16. september.<\/p>\n<p>Med p\u00e5 den f\u00f8rste filmen<\/p>\n<p class=\"_paragraph_ew2ao_4 _paragraph_xtcu6_10 layout-component text-serif-m layout-normal text-serif-m layout-padded\">Det er gode grunner til at akkurat Ullmann f\u00e5r navnet sitt p\u00e5 studioveggen. Den f\u00f8rste filmen som ble laget i \u00abStudio B\u00bb var Ingmar Bergmans \u00abH\u00f8stsonaten\u00bb, der Ullmann hadde en hovedrolle.<\/p>\n<p class=\"_paragraph_ew2ao_4 _paragraph_xtcu6_10 layout-component text-serif-m layout-normal text-serif-m layout-padded\">\u2013 Og da hun selv regisserte publikumssuksessen \u00abKristin Lavransdatter\u00bb, gjorde hun det her hos oss. Det f\u00f8les derfor helt riktig \u00e5 hylle Liv p\u00e5 denne m\u00e5ten, har daglig leder H\u00e5kon Haugan tidligere forklart.<\/p>\n<p class=\"_paragraph_ew2ao_4 _paragraph_xtcu6_10 layout-component text-serif-m layout-normal text-serif-m layout-padded\">En del av feiringen er en samtale p\u00e5 scenen mellom Ullmann og filmprodusent Tom Remlov.<\/p>\n<p class=\"_paragraph_ew2ao_4 _paragraph_xtcu6_10 layout-component text-serif-m layout-normal text-serif-m layout-padded\">For to \u00e5r siden \u00e5pnet Ullmann opp i VG med et lengre intervju:<\/p>\n<p class=\"_paragraph_ew2ao_4 _paragraph_xtcu6_10 layout-component text-serif-m layout-normal layout-padded\"><strong class=\"_strong_ew2ao_25\">Les ogs\u00e5:<\/strong> <a href=\"https:\/\/www.vg.no\/i\/nQbnJJ\" data-track-element-type=\"Link\" data-track-id=\"link:nQbnJJ\" class=\"_link_ew2ao_39\" rel=\"nofollow noopener\" target=\"_blank\">\u2013 Jeg er litt nerv\u00f8s<\/a><\/p>\n","protected":false},"excerpt":{"rendered":"Filmparken p\u00e5 Jar markerer 90 \u00e5r med kongelig bes\u00f8k. Foto: Jonas F\u00e6ste Laksekj\u00f8n \/ NTB rapporterer fra Jar&hellip;\n","protected":false},"author":2,"featured_media":26751,"comment_status":"","ping_status":"","sticky":false,"template":"","format":"standard","meta":{"footnotes":""},"categories":[58],"tags":[71,1764,2293,4073,30,28,29,72],"class_list":{"0":"post-26750","1":"post","2":"type-post","3":"status-publish","4":"format-standard","5":"has-post-thumbnail","7":"category-underholdning","8":"tag-entertainment","9":"tag-kronprins-haakon","10":"tag-kronprinsesse-mette-marit","11":"tag-liv-ullmann","12":"tag-no","13":"tag-norge","14":"tag-norway","15":"tag-underholdning"},"share_on_mastodon":{"url":"","error":""},"_links":{"self":[{"href":"https:\/\/www.europesays.com\/no\/wp-json\/wp\/v2\/posts\/26750","targetHints":{"allow":["GET"]}}],"collection":[{"href":"https:\/\/www.europesays.com\/no\/wp-json\/wp\/v2\/posts"}],"about":[{"href":"https:\/\/www.europesays.com\/no\/wp-json\/wp\/v2\/types\/post"}],"author":[{"embeddable":true,"href":"https:\/\/www.europesays.com\/no\/wp-json\/wp\/v2\/users\/2"}],"replies":[{"embeddable":true,"href":"https:\/\/www.europesays.com\/no\/wp-json\/wp\/v2\/comments?post=26750"}],"version-history":[{"count":0,"href":"https:\/\/www.europesays.com\/no\/wp-json\/wp\/v2\/posts\/26750\/revisions"}],"wp:featuredmedia":[{"embeddable":true,"href":"https:\/\/www.europesays.com\/no\/wp-json\/wp\/v2\/media\/26751"}],"wp:attachment":[{"href":"https:\/\/www.europesays.com\/no\/wp-json\/wp\/v2\/media?parent=26750"}],"wp:term":[{"taxonomy":"category","embeddable":true,"href":"https:\/\/www.europesays.com\/no\/wp-json\/wp\/v2\/categories?post=26750"},{"taxonomy":"post_tag","embeddable":true,"href":"https:\/\/www.europesays.com\/no\/wp-json\/wp\/v2\/tags?post=26750"}],"curies":[{"name":"wp","href":"https:\/\/api.w.org\/{rel}","templated":true}]}}