{"id":267553,"date":"2026-06-16T03:59:13","date_gmt":"2026-06-16T03:59:13","guid":{"rendered":"https:\/\/www.europesays.com\/no\/267553\/"},"modified":"2026-06-16T03:59:13","modified_gmt":"2026-06-16T03:59:13","slug":"lante-ut-ansatte-mangler-betaling-pa-39-mill-e24","status":"publish","type":"post","link":"https:\/\/www.europesays.com\/no\/267553\/","title":{"rendered":"L\u00e5nte ut ansatte \u2013 mangler betaling p\u00e5 3,9 mill. \u2013 E24"},"content":{"rendered":"\n<p>Oppsummeringen er laget med kunstig intelligens og kvalitetssikret av E24s journalister.<\/p>\n<ul class=\"_list_2e275_3 _list_tj395_103 _unordered_2e275_107 _textTheme_1yhmn_1 body-small\">\n<li class=\"_item_2e275_67\">Milj\u00f8stiftelsen Bellonas investeringsselskap har et utest\u00e5ende krav p\u00e5 3,9 millioner kroner etter at de l\u00e5nte ut ansatte til r\u00e5dgivningsselskapet Accelerate Capital, der b\u00e5de Bellona og Frederic Hauge er eiere.<\/li>\n<li class=\"_item_2e275_67\">Kravet forfalt i 2024, men er enn\u00e5 ikke betalt. I 2025 godtok Bellona Holding \u00e5 gj\u00f8re om kravet til et l\u00e5n.<\/li>\n<li class=\"_item_2e275_67\">Hauge avviser interessekonflikter knyttet til sine roller, og sier han meldte seg inhabil da kravet fra Bellona Holding ble gjort om til l\u00e5n.<\/li>\n<li class=\"_item_2e275_67\">Regnskaper og revisormeldinger viser at Bellonas \u00f8konomi har v\u00e6rt skj\u00f8r i flere \u00e5r, delvis p\u00e5 grunn av satsingen p\u00e5 Accelerate Capital \u2013 som Hauge h\u00e5per vil gi utbytter i fremtiden.<\/li>\n<\/ul>\n<p>Vis mer  <\/p>\n<p class=\"_textTheme_1yhmn_1 _paragraph_2e275_4 _paragraph_181bi_27 layout-component layout-normal layout-padded body-medium\">Milj\u00f8stiftelsen Bellonas investeringsselskap, Bellona Holding, sitter med et ubetalt krav p\u00e5 nesten fire millioner kroner etter at deres ansatte jobbet med \u00e5 bygge opp det kommersielle r\u00e5dgivningsselskapet Accelerate Capital \u2013 der b\u00e5de Bellona og grunnlegger Frederic Hauge er blant eierne.<\/p>\n<p class=\"_textTheme_1yhmn_1 _paragraph_2e275_4 _paragraph_181bi_27 layout-component layout-normal layout-padded body-medium\">Accelerate Capital ble etablert i slutten av 2022 og skal hjelpe bedrifter som utvikler klimateknologi med r\u00e5dgivning og \u00e5 finne investorer. Finansmannen Tor Svellands Cayman Islands-registrerte selskap Svelland Capital eier en tredjedel av selskapet. Bellona Holding og Frederic Hauge privat eier 16 prosent hver.<\/p>\n<p class=\"_textTheme_1yhmn_1 _paragraph_2e275_4 _paragraph_181bi_27 layout-component layout-normal layout-padded body-medium\"><strong class=\"_strong_2e275_25\">Regnskapene fra 2022 til 2024 viser at Bellonas satsing p\u00e5 Accelerate Capital bidro til \u00e5 forverre den \u00f8konomiske situasjonen for milj\u00f8stiftelsen, som nylig <a href=\"https:\/\/e24.no\/energi-og-klima\/i\/bOL3Ed\/skyldte-ti-millioner-til-soesterorganisasjon\" class=\"_link_2e275_37\" rel=\"nofollow noopener\" target=\"_blank\">m\u00e5tte reddes fra konkurs gjennom en storstilt innsamlingsaksjon<\/a>.<\/strong><\/p>\n<p class=\"_textTheme_1yhmn_1 _paragraph_2e275_4 _paragraph_181bi_27 layout-component layout-normal layout-padded body-medium\">Frederic Hauge sier til E24 kravet mot Accelerate ikke p\u00e5virket behovet for krisehjelp i v\u00e5r, da de allerede hadde budsjettert med at det blir nedbetalt senere i 2026. <\/p>\n<p class=\"_textTheme_1yhmn_1 _paragraph_2e275_4 _paragraph_181bi_27 layout-component layout-normal layout-padded body-medium\">Hauge avviser ogs\u00e5 at hans rolle i Accelerate Capital har f\u00f8rt til interessekonflikter. <\/p>\n<p class=\"_textTheme_1yhmn_1 _paragraph_2e275_4 _paragraph_181bi_27 layout-component layout-normal layout-padded body-medium\"><strong class=\"_strong_2e275_25\">E24s unders\u00f8kelser viser at:<\/strong><\/p>\n<ul class=\"_list_2e275_3 _list_181bi_26 _unordered_2e275_107 _textTheme_1yhmn_1 layout-component layout-normal layout-padded body-medium\">\n<li class=\"_item_2e275_67\">Milj\u00f8stiftelsens datterselskap Bellona Holding l\u00e5nte ut ansatte for n\u00e6rmere \u00e5tte millioner kroner til Accelerate Capital frem til utgangen av 2023.\u00a0<\/li>\n<li class=\"_item_2e275_67\">I stedet for \u00e5 betale alt l\u00f8pende, bygget Accelerate Capital opp leverand\u00f8rgjeld til Bellona Holding.<\/li>\n<li class=\"_item_2e275_67\">Gjeld p\u00e5 3,9 millioner kroner er enn\u00e5 ikke nedbetalt \u2013 selv om det opprinnelige kravet forfalt i 2024. Det ubetalte kravet ble i 2025 gjort om til et l\u00e5n.<\/li>\n<\/ul>\n<p class=\"_textTheme_1yhmn_1 _paragraph_2e275_4 _paragraph_181bi_27 layout-component layout-normal layout-padded body-medium\"><strong class=\"_strong_2e275_25\">Videre g\u00e5r det frem av regnskapene at Bellona Holding allerede i 2022 ikke hadde \u00f8konomi til \u00e5 b\u00e6re egne kostnader, n\u00e5r de ikke fikk l\u00f8pende betalt fra kunder.<\/strong><\/p>\n<ul class=\"_list_2e275_3 _list_181bi_26 _unordered_2e275_107 _textTheme_1yhmn_1 layout-component layout-normal layout-padded body-medium\">\n<li class=\"_item_2e275_67\">Satsingen p\u00e5 Accelerate Capital ble derfor delvis finansiert gjennom l\u00e5n fra Milj\u00f8stiftelsen Bellona til Bellona Holding. <\/li>\n<\/ul>\n<p class=\"_textTheme_1yhmn_1 _paragraph_2e275_4 _paragraph_181bi_27 layout-component layout-normal layout-padded body-medium\">Utl\u00e5net fra stiftelsen \u00f8kte fra i underkant av to millioner kroner i 2021 til 5,5 millioner kroner i 2024. Heller ikke denne gjelden er nedbetalt. Bellona Holding skylder i dag milj\u00f8stiftelsen 5,8 millioner kroner, if\u00f8lge Frederic Hauge.<\/p>\n<p> Milj\u00f8stiftelsen Bellona og Bellona Holding<\/p>\n<ul class=\"_list_2e275_3 _list_181bi_26 _list_1wris_56 _unordered_2e275_107 _textTheme_1yhmn_1 layout-component layout-normal layout-padded body-small\">\n<li class=\"_item_2e275_67\">Milj\u00f8stiftelsen Bellona med Frederic Hauge i spissen har i 40 \u00e5r v\u00e6rt en av Norges mest markante milj\u00f8organisasjoner.<\/li>\n<li class=\"_item_2e275_67\">Stiftelsen jobber blant annet med atomsikkerhet i nordomr\u00e5dene og har v\u00e6rt toneangivende i debatten om karbonfangst og elbiler. <\/li>\n<li class=\"_item_2e275_67\">Sveinung Rotevatn er daglig leder. Organisasjonen har kontorer i Norge, Brussel, Berlin og Vilnius.<\/li>\n<li class=\"_item_2e275_67\">Bellona Holding er stiftelsens heleide datterselskap og jobber med etablering og skalering av gr\u00f8nn industri. <\/li>\n<li class=\"_item_2e275_67\">Selskapet har blant annet investert i batteriselskapet Morrow, tareproduksjon og r\u00e5dgivningsselskapet Accelerate Capital.<\/li>\n<\/ul>\n<p>Vis mer <a class=\"_link_16kmj_20\" data-track-id=\"teaser:d4kvXz\" data-track-impression=\"true\" data-track-name=\"Bellona reddet fra konkurs: \u2013 Skal aldri skje igjen\" data-track-element-size=\"small\" data-track-element-type=\"Teaser\" data-track-image-url=\"https:\/\/www.europesays.com\/no\/wp-content\/uploads\/2026\/06\/1781582353_686_c746d143-1caa-3f6d-b3dd-c276894bfaf3.jpeg\" data-track-layout-name=\"image:right\" data-track-position-source=\"related-article\" href=\"https:\/\/e24.no\/energi-og-klima\/i\/d4kvXz\/bellona-reddet-fra-konkurs\" rel=\"nofollow noopener\" target=\"_blank\"><img decoding=\"async\" alt=\"\" class=\"_image_16kmj_77\" height=\"5504\" loading=\"lazy\"  src=\"https:\/\/www.europesays.com\/no\/wp-content\/uploads\/2026\/06\/1781582353_686_c746d143-1caa-3f6d-b3dd-c276894bfaf3.jpeg\"  width=\"8050\"\/><\/p>\n<p class=\"label-small _kicker_16kmj_88\">Les ogs\u00e5<\/p>\n<p>Bellona reddet fra konkurs: \u2013 Skal aldri skje igjen<\/a> Hauge: \u2013 Verdifull satsing <\/p>\n<p class=\"_textTheme_1yhmn_1 _paragraph_2e275_4 _paragraph_181bi_27 layout-component layout-normal layout-padded body-medium\">I en uttalelse til E24 sier Hauge at Bellona Holding har v\u00e6rt Bellonas \u00abverkt\u00f8y for \u00e5 kunne utvikle, delta i og stimulere og finne l\u00f8sninger for milj\u00f8et\u00bb, og at selskapets viktigste satsing de siste \u00e5rene har v\u00e6rt Accelerate Capital.\u00a0<\/p>\n<p class=\"_textTheme_1yhmn_1 _paragraph_2e275_4 _paragraph_181bi_27 layout-component layout-normal layout-padded body-medium\">\u2013 Milj\u00f8stiftelsen Bellona anser fremdeles denne satsingen som verdifull. B\u00e5de i form av at den underst\u00f8tter stiftelsens m\u00e5lsettinger, og at den vil l\u00f8nne seg for Bellona Holding som vil kunne tilbakebetale sin gjeld til milj\u00f8stiftelsen, skriver Hauge.<\/p>\n<p class=\"_textTheme_1yhmn_1 _paragraph_2e275_4 _paragraph_181bi_27 layout-component layout-normal layout-padded body-medium\">Hauge sier det er en langsiktig satsing som han h\u00e5per kan gi Bellona inntekter i form av utbytte. <\/p>\n<p class=\"_textTheme_1yhmn_1 _paragraph_2e275_4 _paragraph_181bi_27 layout-component layout-normal layout-padded body-medium\">\u2013 Accelerate Capital har en bred portef\u00f8lje og har oppn\u00e5dd betydelige resultater som gir forh\u00e5pninger om utbytte i fremtiden.<\/p>\n<p> <img alt=\"Frederic Hauge h\u00e5per investeringen i Accelerate Capital i fremtiden vil s\u00f8rge for penger til Bellona gjennom utbytter.\" class=\"_image_4ruhh_84 layout-component layout-normal\" data-fullscreen- data-track-element-type=\"Article image fullscreen\" data-track-name=\"ImageFullscreen\" decoding=\"async\" loading=\"lazy\" height=\"3656\" itemprop=\"image\"  src=\"https:\/\/www.europesays.com\/no\/wp-content\/uploads\/2026\/06\/3872572f-d092-3926-9b9b-7bbcffa3428d.jpeg\"  style=\"object-position:0% 0%\" width=\"5484\"\/>Frederic Hauge h\u00e5per investeringen i Accelerate Capital i fremtiden vil s\u00f8rge for penger til Bellona gjennom utbytter. Foto: Ole Berg-Rusten \/ NTBVis mer  Vil betale \u00abved evne\u00bb <\/p>\n<p class=\"_textTheme_1yhmn_1 _paragraph_2e275_4 _paragraph_181bi_27 layout-component layout-normal layout-padded body-medium\">Harald S\u00e6tvedt, daglig leder i Accelerate Capital, sier til E24 at tallene for fjor\u00e5ret ikke er ferdig revidert, men at selskapet i 2025 omsatte for 40 millioner kroner, gikk med \u00absolid overskudd\u00bb og n\u00e5 har en \u00absolid balanse med positiv egenkapital\u00bb.<\/p>\n<p class=\"_textTheme_1yhmn_1 _paragraph_2e275_4 _paragraph_181bi_27 layout-component layout-normal layout-padded body-medium\">\u2013 Utest\u00e5ende til Bellona Holding vil bli tilbakebetalt ved evne og s\u00e5 raskt det lar seg gj\u00f8re, sier han.\u00a0<\/p>\n<p class=\"_textTheme_1yhmn_1 _paragraph_2e275_4 _paragraph_181bi_27 layout-component layout-normal layout-padded body-medium\">S\u00e6tvedt understreker at de tidligere har betalt tilbake tre millioner, og at det ikke finnes andre forpliktelser mellom Accelerate Capital og Bellona. If\u00f8lge S\u00e6tvedt vil det bli holdt en generalforsamling i juni, hvor det er opp til eierne om det skal betales utbytte for 2025.<\/p>\n<p class=\"_textTheme_1yhmn_1 _paragraph_2e275_4 _paragraph_181bi_27 layout-component layout-normal layout-padded body-medium\"><strong class=\"_strong_2e275_25\">If\u00f8lge Frederic Hauge er avtalen at Accelerate Capital skal betale tilbake til Bellona Holding \u00abn\u00e5r l\u00e5ntagers likviditet tilsier det\u00bb.<\/strong>\u00a0<\/p>\n<p class=\"_textTheme_1yhmn_1 _paragraph_2e275_4 _paragraph_181bi_27 layout-component layout-normal layout-padded body-medium\">\u2013 Vi har tro p\u00e5 at dette vil skje i n\u00e6r fremtid, sier han og opplyser at Accelerate Capitals forel\u00f8pige regnskap for 2025 viser et overskudd p\u00e5 fire millioner kroner.<\/p>\n<p> Revisor slo alarm <\/p>\n<p class=\"_textTheme_1yhmn_1 _paragraph_2e275_4 _paragraph_181bi_27 layout-component layout-normal layout-padded body-medium\">Grunnen til at Bellona risikerte \u00e5 g\u00e5 konkurs i juni var if\u00f8lge daglig leder Sveinung Rotevatn at en stor donor pauset utbetalingene, og at st\u00f8tte de normalt f\u00e5r fra norske myndigheter om v\u00e5ren, enn\u00e5 ikke er p\u00e5 plass.\u00a0<\/p>\n<p class=\"_textTheme_1yhmn_1 _paragraph_2e275_4 _paragraph_181bi_27 layout-component layout-normal layout-padded body-medium\"><strong class=\"_strong_2e275_25\">Regnskapene viser at milj\u00f8stiftelsen over flere \u00e5r har hatt en skj\u00f8r \u00f8konomi. B\u00e5de i 2023 og 2024 slo milj\u00f8stiftelsens revisor alarm. <\/strong><\/p>\n<ul class=\"_list_2e275_3 _list_181bi_26 _unordered_2e275_107 _textTheme_1yhmn_1 layout-component layout-normal layout-padded body-medium\">\n<li class=\"_item_2e275_67\">Revisoren advarte om at det var usikkerhet om videre drift av stiftelsen, og om Bellona Holding ville klare \u00e5 betale ned l\u00e5n fra stiftelsen p\u00e5 over fem millioner kroner.<\/li>\n<li class=\"_item_2e275_67\">Revisoren viste blant annet til at ogs\u00e5 Bellona Holding hadde s\u00e5 d\u00e5rlig \u00f8konomi at det var tvil om hvorvidt selskapet kunne fortsette driften \u2013 p\u00e5 grunn av det ubetalte kravet mot Accelerate Capital.\u00a0<\/li>\n<\/ul>\n<p class=\"_textTheme_1yhmn_1 _paragraph_2e275_4 _paragraph_181bi_27 layout-component layout-normal layout-padded body-medium\"><strong class=\"_strong_2e275_25\">Frederic Hauge sier til E24 at slik styret i milj\u00f8stiftelsen vurderte situasjonen, var det ingen krise i Bellona Holding.<\/strong>\u00a0<\/p>\n<p class=\"_textTheme_1yhmn_1 _paragraph_2e275_4 _paragraph_181bi_27 layout-component layout-normal layout-padded body-medium\">\u2013 V\u00e5r vurdering har hele tiden v\u00e6rt at den underliggende virksomheten var lovende, og at det var \u2013 og er \u2013 god sannsynlighetsovervekt for at Accelerate blir finansielt vellykket og vil kunne betjene sine forpliktelser, i tillegg til \u00e5 v\u00e6re en fremtidig utbyttekilde for Bellona Holding AS.<\/p>\n<p class=\"_textTheme_1yhmn_1 _paragraph_2e275_4 _paragraph_181bi_27 layout-component layout-normal layout-padded body-medium\"><strong class=\"_strong_2e275_25\">Hauge viser til at Accelerate Capital allerede da hadde en \u00abst\u00f8rre avtale\u00bb med selskapet Superior Graphite, der de blant annet bisto med \u00e5 rigge selskapet for salg.<\/strong><\/p>\n<p class=\"_textTheme_1yhmn_1 _paragraph_2e275_4 _paragraph_181bi_27 layout-component layout-normal layout-padded body-medium\">\u2013 Selskapet ble solgt til Exxon Mobile i 2025 og ga betydelige inntekter til Accelerate Capital, sier Hauge.<\/p>\n<p> Millionkrav ble til l\u00e5n <\/p>\n<p class=\"_textTheme_1yhmn_1 _paragraph_2e275_4 _paragraph_181bi_27 layout-component layout-normal layout-padded body-medium\">Daglig leder i Accelerate Capital, Harald S\u00e6tvedt, sier til E24 at gjelden til Bellona Holding utelukkende stammer fra kostnader for ansatte som de l\u00e5nte, da selskapet ble etablert.<\/p>\n<p class=\"_textTheme_1yhmn_1 _paragraph_2e275_4 _paragraph_181bi_27 layout-component layout-normal layout-padded body-medium\">If\u00f8lge Frederic Hauge fakturerte Bellona Holding Accelerate Capital for totalt 7,7 millioner kroner for \u00abdriftskostnader for operasjonelle ressurser\u00bb for perioden frem til utgangen av 2023.\u00a0<\/p>\n<ul class=\"_list_2e275_3 _list_181bi_26 _unordered_2e275_107 _textTheme_1yhmn_1 layout-component layout-normal layout-padded body-medium\">\n<li class=\"_item_2e275_67\">Ved utgangen av 2023 skyldte Accelerate Capital 6,2 millioner kroner til Bellona Holding, if\u00f8lge regnskapene.<\/li>\n<li class=\"_item_2e275_67\">I april \u00e5ret etter byttet de ansatte i Bellona Holding arbeidsgiver og ble ansatt i Accelerate Capital, st\u00e5r det i Bellonas \u00e5rsrapport.<\/li>\n<li class=\"_item_2e275_67\">Dette skulle \u00abvesentlig\u00bb redusere risikoen Bellona Holding tok ved \u00e5 legge ut for Accelerate Capitals driftskostnader.<\/li>\n<\/ul>\n<p class=\"_textTheme_1yhmn_1 _paragraph_2e275_4 _paragraph_181bi_27 layout-component layout-normal layout-padded body-medium\">I l\u00f8pet av 2024 ble gjelden redusert, slik at Bellona Holding ved utgangen av \u00e5ret hadde et forfalt krav p\u00e5 3,9 millioner kroner mot Accelerate.\u00a0<\/p>\n<p class=\"_textTheme_1yhmn_1 _paragraph_2e275_4 _paragraph_181bi_27 layout-component layout-normal layout-padded body-medium\">If\u00f8lge Bellona Holdings \u00e5rsrapport kravet tema p\u00e5 et styrem\u00f8te i stiftelsen i desember 2024. Der var daglig leder i Accelerate Capital innom og sa at de planla \u00e5 betale i 2025.\u00a0<\/p>\n<p class=\"_textTheme_1yhmn_1 _paragraph_2e275_4 _paragraph_181bi_27 layout-component layout-normal layout-padded body-medium\"><strong class=\"_strong_2e275_25\">Det skjedde imidlertid ikke.<\/strong>\u00a0<\/p>\n<ul class=\"_list_2e275_3 _list_181bi_26 _unordered_2e275_107 _textTheme_1yhmn_1 layout-component layout-normal layout-padded body-medium\">\n<li class=\"_item_2e275_67\">I stedet gikk Bellona Holding med p\u00e5 \u00e5 gj\u00f8re om kravet mot Accelerate Capital fra leverand\u00f8rgjeld til et \u00abansvarlig l\u00e5n\u00bb.<\/li>\n<li class=\"_item_2e275_67\">Det inneb\u00e6rer at Bellona Holding stiller seg bakerst i k\u00f8en for \u00e5 f\u00e5 pengene tilbake ved en eventuell konkurs hos Accelerate.<\/li>\n<\/ul>\n<p class=\"_textTheme_1yhmn_1 _paragraph_2e275_4 _paragraph_181bi_27 layout-component layout-normal layout-padded body-medium\">\u2013 L\u00e5net reflekterer i sin helhet at Accelerate p\u00e5 tidspunktet hadde svak likviditet, og \u00f8nsket tid for \u00e5 h\u00e5ndtere betaling av sine fordringer, som derfor ble omgjort til et ansvarlig l\u00e5n, sier Frederic Hauge til E24.\u00a0<\/p>\n<p class=\"_textTheme_1yhmn_1 _paragraph_2e275_4 _paragraph_181bi_27 layout-component layout-normal layout-padded body-medium\"><strong class=\"_strong_2e275_25\">Hauge sier Bellona Holding hele veien har hatt tro p\u00e5 satsingen i Accelerate Capital, og at den vil v\u00e6re \u00abet verdifullt tilskudd til utvikling og verdiskapning innen omr\u00e5der som ligger Bellona n\u00e6rt\u00bb.<\/strong><\/p>\n<p class=\"_textTheme_1yhmn_1 _paragraph_2e275_4 _paragraph_181bi_27 layout-component layout-normal layout-padded body-medium\">\u2013 Bellona Holding valgte dermed, med Milj\u00f8stiftelsens velsignelse, \u00e5 gi Accelerate Capital n\u00f8dvendig tid til \u00e5 bli en suksess. Alternativet ville v\u00e6rt \u00e5 kreve inn fordringen og dermed tvinge selskapet til et sannsynlig oppbud, og tape pengene, sier Hauge.<\/p>\n<p class=\"_textTheme_1yhmn_1 _paragraph_2e275_4 _paragraph_181bi_27 layout-component layout-normal layout-padded body-medium\">Hauge understreker at det ikke var annen langsiktig gjeld i Accelerate Capital, og at omgj\u00f8ringen til l\u00e5n derfor hadde \u00abbegrenset praktisk betydning for Bellona Holdings posisjon som kreditor\u00bb. <\/p>\n<p class=\"_textTheme_1yhmn_1 _paragraph_2e275_4 _paragraph_181bi_27 layout-component layout-normal layout-padded body-medium\">Han sier han meldte seg inhabil, og ikke deltok i behandlingen av saken p\u00e5 noen av sidene.<\/p>\n<p class=\"_textTheme_1yhmn_1 _paragraph_2e275_4 _paragraph_181bi_27 layout-component layout-normal layout-padded body-medium\">\u2013 Avtalen ble h\u00e5ndtert mellom dav\u00e6rende styreledere i Accelerate Capital og Bellona Holding, og kvalitetssikret med regnskapsf\u00f8rer og revisor, sier Hauge.<\/p>\n<p> Avviser habilitetsproblematikk <\/p>\n<p class=\"_textTheme_1yhmn_1 _paragraph_2e275_4 _paragraph_181bi_27 layout-component layout-normal layout-padded body-medium\">Han avviser overfor E24 at det har v\u00e6rt interessekonflikter ved at han har v\u00e6rt eier og styremedlem i Accelerate Capital, samtidig som han har v\u00e6rt styremedlem i milj\u00f8stiftelsen Bellona og Bellona Holding.<\/p>\n<p class=\"_textTheme_1yhmn_1 _paragraph_2e275_4 _paragraph_181bi_27 layout-component layout-normal layout-padded body-medium\">\u2013 Jeg har passet p\u00e5 at alle vurderinger relatert til drift, verdsettelse av fordringer og fordeling av utbytter har v\u00e6rt h\u00e5ndtert av n\u00f8ytrale parter. Accelerate Capital har et profesjonelt og godt balansert styre som ivaretar alle aksjon\u00e6rers interesse, sier Hauge om jobben han har gjort for r\u00e5dgivningsselskapet.<\/p>\n<p class=\"_textTheme_1yhmn_1 _paragraph_2e275_4 _paragraph_181bi_27 layout-component layout-normal layout-padded body-medium\">\u2013 Tilsvarende har disposisjoner i Bellona Holding v\u00e6rt h\u00e5ndtert av et styre best\u00e5ende av dav\u00e6rende styreleder samt daglig leder for Milj\u00f8stiftelsen Bellona \u2013 som ivaretok milj\u00f8stiftelsens interesser, sier han.<\/p>\n<p class=\"_textTheme_1yhmn_1 _paragraph_2e275_4 _paragraph_181bi_27 layout-component layout-normal layout-padded body-medium\">Hauge sier han og Bellonas motivasjon har v\u00e6rt den samme:<\/p>\n<p class=\"_textTheme_1yhmn_1 _paragraph_2e275_4 _paragraph_181bi_27 layout-component layout-normal layout-padded body-medium\">\u2013 Et \u00f8nske om \u00e5 bidra til utviklingen av et selskap som aktivt utvikler l\u00f8sninger. Min vurdering har v\u00e6rt at kombinasjonen av mine direkte bidrag i Accelerate, samt tilrettelegging for Bellonas deltagelse gjennom Bellona Holding har v\u00e6rt hensiktsmessig for m\u00e5lrettet utvikling av selskapet, og at det ikke har oppst\u00e5tt interessekonflikter.<\/p>\n<p class=\"_textTheme_1yhmn_1 _paragraph_2e275_4 _paragraph_181bi_27 layout-component layout-normal layout-padded body-medium\">Milj\u00f8stiftelsen Bellonas vedtekter sl\u00e5r fast at det er Frederic Hauge alene som velger styreleder, to styremedlemmer og to varamedlemmer til styret i stiftelsen. I tillegg velger de ansatte to styremedlemmer.<\/p>\n","protected":false},"excerpt":{"rendered":"Oppsummeringen er laget med kunstig intelligens og kvalitetssikret av E24s journalister. Milj\u00f8stiftelsen Bellonas investeringsselskap har et utest\u00e5ende krav&hellip;\n","protected":false},"author":2,"featured_media":267554,"comment_status":"","ping_status":"","sticky":false,"template":"","format":"standard","meta":{"footnotes":"","_share_on_mastodon":"0"},"categories":[10],"tags":[10622,20,21,24,25,1792,15,22,23,13,30,28,29,14,16,14039,26,27],"class_list":["post-267553","post","type-post","status-publish","format-standard","has-post-thumbnail","category-norge","tag-bellona","tag-breaking-news","tag-breakingnews","tag-featured-news","tag-featurednews","tag-frederic-hauge","tag-headlines","tag-latest-news","tag-latestnews","tag-news","tag-no","tag-norge","tag-norway","tag-nyheter","tag-overskrifter","tag-sveinung-rotevatn","tag-top-stories","tag-topstories"],"share_on_mastodon":{"url":"https:\/\/pubeurope.com\/@no\/116757788808985489","error":""},"_links":{"self":[{"href":"https:\/\/www.europesays.com\/no\/wp-json\/wp\/v2\/posts\/267553","targetHints":{"allow":["GET"]}}],"collection":[{"href":"https:\/\/www.europesays.com\/no\/wp-json\/wp\/v2\/posts"}],"about":[{"href":"https:\/\/www.europesays.com\/no\/wp-json\/wp\/v2\/types\/post"}],"author":[{"embeddable":true,"href":"https:\/\/www.europesays.com\/no\/wp-json\/wp\/v2\/users\/2"}],"replies":[{"embeddable":true,"href":"https:\/\/www.europesays.com\/no\/wp-json\/wp\/v2\/comments?post=267553"}],"version-history":[{"count":0,"href":"https:\/\/www.europesays.com\/no\/wp-json\/wp\/v2\/posts\/267553\/revisions"}],"wp:featuredmedia":[{"embeddable":true,"href":"https:\/\/www.europesays.com\/no\/wp-json\/wp\/v2\/media\/267554"}],"wp:attachment":[{"href":"https:\/\/www.europesays.com\/no\/wp-json\/wp\/v2\/media?parent=267553"}],"wp:term":[{"taxonomy":"category","embeddable":true,"href":"https:\/\/www.europesays.com\/no\/wp-json\/wp\/v2\/categories?post=267553"},{"taxonomy":"post_tag","embeddable":true,"href":"https:\/\/www.europesays.com\/no\/wp-json\/wp\/v2\/tags?post=267553"}],"curies":[{"name":"wp","href":"https:\/\/api.w.org\/{rel}","templated":true}]}}