{"id":26756,"date":"2025-09-04T11:01:14","date_gmt":"2025-09-04T11:01:14","guid":{"rendered":"https:\/\/www.europesays.com\/no\/26756\/"},"modified":"2025-09-04T11:01:14","modified_gmt":"2025-09-04T11:01:14","slug":"ny-studie-skjermbruk-hos-barn-kobles-til-alvorlig-sykdom-vg","status":"publish","type":"post","link":"https:\/\/www.europesays.com\/no\/26756\/","title":{"rendered":"(+) Ny studie: Skjermbruk hos barn kobles til alvorlig sykdom &#8211; VG"},"content":{"rendered":"<ol>\n<li><a href=\"https:\/\/news.google.com\/rss\/articles\/CBMimAFBVV95cUxQeFdZNDdLeGN5U3JRN21TT3VFVjdobHVua3NjU28zcTkxN1luUHdzRFNucVd6UXFDT1JkdWZxX3NreVF3cjEzc242LVZ5T2JYaktKWWItZm5OaW5wNHRHanFsZEpUTU15YnFsd2hjQ09PLTRycGYzU0FpVTRKTGdob2V4NFNieU0weU1uRHdTcDc3VUdUZjdXeA?oc=5\" target=\"_blank\" rel=\"nofollow noopener\">(+) Ny studie: Skjermbruk hos barn kobles til alvorlig sykdom<\/a>&nbsp;&nbsp;VG<\/li>\n<li><a href=\"https:\/\/news.google.com\/rss\/articles\/CBMieEFVX3lxTE5XbV9YZXk1ZlpXVGFCdTBIOWFPQWxjUmVtX3VTazFpS3N5c19LME1hSjBkREFIM1huRFotU2hFdlNmQzZ6UGRUY1RZNmpiS0l6VWhRMFFVNHRiRFpoNEtKM05YX2oxV3BXcGpxeFJXUDNPd0UxNHZIUA?oc=5\" target=\"_blank\" rel=\"nofollow noopener\">Moldepappa: La ungen din vokse opp i 2025!<\/a>&nbsp;&nbsp;rbnett.no<\/li>\n<li><a href=\"https:\/\/news.google.com\/rss\/articles\/CBMieEFVX3lxTFBVMy0xd3lsalhKcXlGWm5HRkc3ZUVaNjllY1c3eG85YzZVNFFEcldhWUZ2S3FkSHlOOWtBeWZTcVlzek8tbnhmTjZLVEt0TklieEllQlBPUmdVaFpuVWN2MVFmTEdnZU1sYkcwcjZiLU13QkllcDYyMA?oc=5\" target=\"_blank\" rel=\"nofollow noopener\">Leder, Mobilbruk | Tre timer p\u00e5 skjerm hver dag!<\/a>&nbsp;&nbsp;Bygdeposten<\/li>\n<li><a href=\"https:\/\/news.google.com\/rss\/articles\/CBMigwFBVV95cUxPTnVqQ0lMOVJTN0NyM1R3WVBYMnJQRWlFRi1fT21rcUNDU3k3ZDR5aWlNcVZZZWd1RC1mM2d4bnpub2lnRkg5QXJBcnFiS3RBODhKaEszVi1uVmlfdWxiMFoyQ09BQ25pY2JiREZZT2NqLXNBWngyRDF2eDJXZ05TTnVLRQ?oc=5\" target=\"_blank\" rel=\"nofollow noopener\">(+) \u2013 Jeg er fan av at alle skal ha like muligheter<\/a>&nbsp;&nbsp;Psykologisk.no<\/li>\n<li><a href=\"https:\/\/news.google.com\/rss\/articles\/CBMiiwFBVV95cUxOWDYxeHdiVWdFaFpWN0QyOHg4WUc1NWU3ZjhkRHJ0cFctdUdINzNlcHduSUJTcGQ5emhtb0N3MU91dXVqSzFIeVNqQXZpWWZJaXBiNGFGUUhIWmZPZDVrRy1qeXRDbXpHM19acThYSFlNUHl4YjRpbUNTYnFrMDdhLVZHdWNnQnJPVjJv?oc=5\" target=\"_blank\" rel=\"nofollow noopener\">(+) Kjetil er bekymret: \u2013 Lettere n\u00e5r det ogs\u00e5 er andre foreldre \u00e5 v\u00e6re alliert med<\/a>&nbsp;&nbsp;Bygdeposten<\/li>\n<\/ol>\n","protected":false},"excerpt":{"rendered":"(+) Ny studie: Skjermbruk hos barn kobles til alvorlig sykdom&nbsp;&nbsp;VG Moldepappa: La ungen din vokse opp i 2025!&nbsp;&nbsp;rbnett.no&hellip;\n","protected":false},"author":2,"featured_media":26757,"comment_status":"","ping_status":"","sticky":false,"template":"","format":"standard","meta":{"footnotes":""},"categories":[10],"tags":[4295,20,21,24,25,4294,15,22,23,13,30,28,29,14,16,433,26,27,46],"class_list":{"0":"post-26756","1":"post","2":"type-post","3":"status-publish","4":"format-standard","5":"has-post-thumbnail","7":"category-norge","8":"tag-blodtrykk","9":"tag-breaking-news","10":"tag-breakingnews","11":"tag-featured-news","12":"tag-featurednews","13":"tag-fysisk-aktivitet","14":"tag-headlines","15":"tag-latest-news","16":"tag-latestnews","17":"tag-news","18":"tag-no","19":"tag-norge","20":"tag-norway","21":"tag-nyheter","22":"tag-overskrifter","23":"tag-skjermtid","24":"tag-top-stories","25":"tag-topstories","26":"tag-vgai"},"share_on_mastodon":{"url":"","error":""},"_links":{"self":[{"href":"https:\/\/www.europesays.com\/no\/wp-json\/wp\/v2\/posts\/26756","targetHints":{"allow":["GET"]}}],"collection":[{"href":"https:\/\/www.europesays.com\/no\/wp-json\/wp\/v2\/posts"}],"about":[{"href":"https:\/\/www.europesays.com\/no\/wp-json\/wp\/v2\/types\/post"}],"author":[{"embeddable":true,"href":"https:\/\/www.europesays.com\/no\/wp-json\/wp\/v2\/users\/2"}],"replies":[{"embeddable":true,"href":"https:\/\/www.europesays.com\/no\/wp-json\/wp\/v2\/comments?post=26756"}],"version-history":[{"count":0,"href":"https:\/\/www.europesays.com\/no\/wp-json\/wp\/v2\/posts\/26756\/revisions"}],"wp:featuredmedia":[{"embeddable":true,"href":"https:\/\/www.europesays.com\/no\/wp-json\/wp\/v2\/media\/26757"}],"wp:attachment":[{"href":"https:\/\/www.europesays.com\/no\/wp-json\/wp\/v2\/media?parent=26756"}],"wp:term":[{"taxonomy":"category","embeddable":true,"href":"https:\/\/www.europesays.com\/no\/wp-json\/wp\/v2\/categories?post=26756"},{"taxonomy":"post_tag","embeddable":true,"href":"https:\/\/www.europesays.com\/no\/wp-json\/wp\/v2\/tags?post=26756"}],"curies":[{"name":"wp","href":"https:\/\/api.w.org\/{rel}","templated":true}]}}