{"id":26773,"date":"2025-09-04T11:22:15","date_gmt":"2025-09-04T11:22:15","guid":{"rendered":"https:\/\/www.europesays.com\/no\/26773\/"},"modified":"2025-09-04T11:22:15","modified_gmt":"2025-09-04T11:22:15","slug":"nyt-det-hvite-hus-vil-ha-fortgang-i-kampen-mot-vindkraft","status":"publish","type":"post","link":"https:\/\/www.europesays.com\/no\/26773\/","title":{"rendered":"NYT: Det hvite hus vil ha fortgang i kampen mot vindkraft"},"content":{"rendered":"<p class=\"txt-ind\">Arbeidet ledes av Susie Wiles, stabssjef i Det hvite hus, og Stephen Miller, en h\u00f8ytst\u00e5ende r\u00e5dgiver i Det hvite hus, if\u00f8lge to anonyme kilder som <a href=\"https:\/\/www.nytimes.com\/2025\/09\/03\/climate\/trump-administration-offshore-wind.html\" target=\"_blank\" rel=\"noopener nofollow\">The New York Times<\/a> har snakket med.<\/p>\n<p class=\"txt-ind\">En h\u00e5ndfull etater som vanligvis har lite med vindkraft \u00e5 gj\u00f8re, er angivelig involvert. Helse- og sosialdepartementet unders\u00f8ker om vindturbiner gir fra seg skadelige elektromagnetiske felt, mens forsvarsdepartementet vurderer konsekvenser for nasjonal sikkerhet, if\u00f8lge avisens kilder.<\/p>\n<p class=\"txt-ind\">President Trump har kritisert vindkraft for \u00e5 v\u00e6re stygg, dyr og ineffektiv.<\/p>\n<p class=\"txt-ind\">I slutten av august beordret Trump-administrasjonen byggestans i Revolution Wind, en havvindpark som er 80 prosent ferdigstilt. Danske \u00d8rsted st\u00e5r bak prosjektet utenfor kysten av Rhode Island og planen var at det skulle igangsettes tidligst neste \u00e5r.<\/p>\n<p class=\"txt-ind\">Equinors Empire Wind-prosjekt fikk samme type stoppordre i p\u00e5sken. If\u00f8lge DN m\u00e5tte det 500 m\u00f8ter og telefoner til for \u00e5 f\u00e5 Trump og hans folk til \u00e5 snu i Empire Wind-saken. Finansminister Jens Stoltenberg (Ap) var involvert i prosessen.<\/p>\n<p><a class=\"group clear-both w-full !no-underline my-8 sm:my-12 bg-stone-50 dark:bg-brandStone-700 dark:text-brandNeutral-100 flex items-stretch flex-nowrap\" href=\"https:\/\/www.tu.no\/artikler\/equinor-tjente-6-53-milliarder-dollar-i-andre-kvartal\/560772\" rel=\"nofollow noopener\" target=\"_blank\"><img decoding=\"async\" class=\" object-cover h-full w-full transition-transform duration-700 ease-in-out group-hover:scale-[1.05] will-change-transform\" src=\"https:\/\/www.europesays.com\/no\/wp-content\/uploads\/2025\/09\/NTB_6qYp_7p2uAs.jpg\"  alt=\"Konsernsjef Anders Opedal i Equinor sier avkastningen p\u00e5 fornybarprosjektene i USA er lavere enn ventet.\" loading=\"lazy\"\/><\/p>\n<p>Les ogs\u00e5:<\/p>\n<p class=\"group-hover:underline text-brandNeutral-900 dark:text-brandNeutral-100 mt-2 text-base sm:text-xl leading-5 sm:leading-6 font-bold\">Equinor: Milliardsmell etter havvind-drama<\/p>\n<p><\/a><\/p>\n","protected":false},"excerpt":{"rendered":"Arbeidet ledes av Susie Wiles, stabssjef i Det hvite hus, og Stephen Miller, en h\u00f8ytst\u00e5ende r\u00e5dgiver i Det&hellip;\n","protected":false},"author":2,"featured_media":26774,"comment_status":"","ping_status":"","sticky":false,"template":"","format":"standard","meta":{"footnotes":""},"categories":[12],"tags":[20,21,382,24,25,379,15,22,23,13,30,28,29,14,16,26,27,42,43,44,45],"class_list":{"0":"post-26773","1":"post","2":"type-post","3":"status-publish","4":"format-standard","5":"has-post-thumbnail","7":"category-verden","8":"tag-breaking-news","9":"tag-breakingnews","10":"tag-energi","11":"tag-featured-news","12":"tag-featurednews","13":"tag-havvind","14":"tag-headlines","15":"tag-latest-news","16":"tag-latestnews","17":"tag-news","18":"tag-no","19":"tag-norge","20":"tag-norway","21":"tag-nyheter","22":"tag-overskrifter","23":"tag-top-stories","24":"tag-topstories","25":"tag-verden","26":"tag-world","27":"tag-world-news","28":"tag-worldnews"},"share_on_mastodon":{"url":"","error":""},"_links":{"self":[{"href":"https:\/\/www.europesays.com\/no\/wp-json\/wp\/v2\/posts\/26773","targetHints":{"allow":["GET"]}}],"collection":[{"href":"https:\/\/www.europesays.com\/no\/wp-json\/wp\/v2\/posts"}],"about":[{"href":"https:\/\/www.europesays.com\/no\/wp-json\/wp\/v2\/types\/post"}],"author":[{"embeddable":true,"href":"https:\/\/www.europesays.com\/no\/wp-json\/wp\/v2\/users\/2"}],"replies":[{"embeddable":true,"href":"https:\/\/www.europesays.com\/no\/wp-json\/wp\/v2\/comments?post=26773"}],"version-history":[{"count":0,"href":"https:\/\/www.europesays.com\/no\/wp-json\/wp\/v2\/posts\/26773\/revisions"}],"wp:featuredmedia":[{"embeddable":true,"href":"https:\/\/www.europesays.com\/no\/wp-json\/wp\/v2\/media\/26774"}],"wp:attachment":[{"href":"https:\/\/www.europesays.com\/no\/wp-json\/wp\/v2\/media?parent=26773"}],"wp:term":[{"taxonomy":"category","embeddable":true,"href":"https:\/\/www.europesays.com\/no\/wp-json\/wp\/v2\/categories?post=26773"},{"taxonomy":"post_tag","embeddable":true,"href":"https:\/\/www.europesays.com\/no\/wp-json\/wp\/v2\/tags?post=26773"}],"curies":[{"name":"wp","href":"https:\/\/api.w.org\/{rel}","templated":true}]}}