{"id":26781,"date":"2025-09-04T11:32:08","date_gmt":"2025-09-04T11:32:08","guid":{"rendered":"https:\/\/www.europesays.com\/no\/26781\/"},"modified":"2025-09-04T11:32:08","modified_gmt":"2025-09-04T11:32:08","slug":"finland-hinter-om-martin-odegaard-fra-start-haaland-bekreftet","status":"publish","type":"post","link":"https:\/\/www.europesays.com\/no\/26781\/","title":{"rendered":"Finland: Hinter om Martin \u00d8degaard fra start \u2013 Haaland bekreftet"},"content":{"rendered":"\n<p class=\"_lead_ew2ao_2 _lead_xtcu6_50 layout-component text-serif-m layout-normal text-serif-l layout-component layout-normal layout-padded layout-padded\">En skulderskade har gjort ham usikker til spill i den f\u00f8rste landskampen denne samlingen.<\/p>\n<p class=\"_paragraph_ew2ao_4 _paragraph_xtcu6_10 layout-component text-serif-m layout-normal text-serif-m layout-padded\">I en melding p\u00e5 NFFs sosiale medier sier Solbakken at \u00aball the big men are in the first line-up\u00bb\u00aball the big men are in the first line-up\u00bb&raquo;Alle de store guttene er i startelleveren&raquo; \u2013 i en video hvor han oppfordrer folk \u00e5 kj\u00f8pe billetter. Dermed bekrefter han langt p\u00e5 vei at \u00d8degaard ogs\u00e5 er i oppstillingen.<\/p>\n<p class=\"_paragraph_ew2ao_4 _paragraph_xtcu6_10 layout-component text-serif-m layout-normal text-serif-m layout-padded\">Kampen mot Finland er en privatlandskamp og er dermed ikke tellende i VM-kvalifiseringen. Likevel stiller Solbakken med et solid mannskap fra start.<\/p>\n<p class=\"_paragraph_ew2ao_4 _paragraph_xtcu6_10 layout-component text-serif-m layout-normal text-serif-m layout-padded\">Oscar Bobb og Erling Braut Haaland ble bekreftet allerede p\u00e5 pressekonferansen onsdag. <\/p>\n<p><img alt=\"ARMEN RUNDT: St\u00e5le Solbakken og Martin \u00d8degaard p\u00e5 onsdagens trening.  Foto: Bj\u00f8rn S. Delebekk \/ VG\" class=\"_image_qp4xg_65 layout-component layout-normal\" data-fullscreen- data-track-element-type=\"Article image fullscreen\" data-track-name=\"ImageFullscreen\" decoding=\"async\" loading=\"lazy\" height=\"5504\" itemprop=\"image\"  src=\"https:\/\/www.europesays.com\/no\/wp-content\/uploads\/2025\/09\/11fb5a82-6769-4361-a1d0-60765bf4bfe8\"  style=\"object-position:0% 0%\" width=\"8256\"\/>ARMEN RUNDT: St\u00e5le Solbakken og Martin \u00d8degaard p\u00e5 onsdagens trening.  Foto: Bj\u00f8rn S. Delebekk \/ VG<\/p>\n<p class=\"_paragraph_ew2ao_4 _paragraph_xtcu6_10 layout-component text-serif-m layout-normal text-serif-m layout-padded\">Mye tyder p\u00e5 at St\u00e5le Solbakken m\u00f8nstrer f\u00f8lgende ellever mot Finland torsdag kveld, if\u00f8lge VGs opplysninger:<\/p>\n<p class=\"_paragraph_ew2ao_4 _paragraph_xtcu6_10 layout-component text-serif-m layout-normal text-serif-m layout-padded\">Egil Selvik \u2013 Julian Ryerson, Kristoffer Ajer, Leo Skiri \u00d8stig\u00e5rd, David M\u00f8ller Wolfe \u2013 Martin \u00d8degaard, Sander Berge, Felix Horn Myhre \u2013 Oscar Bobb, Erling Braut Haaland, Andreas Schjelderup.<\/p>\n<p class=\"_paragraph_ew2ao_4 _paragraph_xtcu6_10 layout-component text-serif-m layout-normal text-serif-m layout-padded\">Laget er forel\u00f8pig ikke bekreftet fra offisielt hold.<\/p>\n<p class=\"_paragraph_ew2ao_4 _paragraph_xtcu6_10 layout-component text-serif-m layout-normal text-serif-m layout-padded\">Rykende fersk podcast om laguttaket:<\/p>\n<p class=\"_paragraph_ew2ao_4 _paragraph_xtcu6_10 layout-component text-serif-m layout-normal text-serif-m layout-padded\">\u00d8degaard har den siste tiden v\u00e6rt usikker til spill i denne kampen, mens han har v\u00e6rt bekreftet klar til den langt viktigere kvalifiseringskampen mot Moldova tirsdag.<\/p>\n<p class=\"_paragraph_ew2ao_4 _paragraph_xtcu6_10 layout-component text-serif-m layout-normal text-serif-m layout-padded\">S\u00f8ndag fikk han et innhopp p\u00e5 20 minutter i Arsenals tap mot Liverpool.<\/p>\n","protected":false},"excerpt":{"rendered":"En skulderskade har gjort ham usikker til spill i den f\u00f8rste landskampen denne samlingen. I en melding p\u00e5&hellip;\n","protected":false},"author":2,"featured_media":26782,"comment_status":"","ping_status":"","sticky":false,"template":"","format":"standard","meta":{"footnotes":""},"categories":[59],"tags":[92,3163,181,30,28,29,83,82,1387],"class_list":{"0":"post-26781","1":"post","2":"type-post","3":"status-publish","4":"format-standard","5":"has-post-thumbnail","7":"category-sport","8":"tag-fotball","9":"tag-herrelandslaget-fotball","10":"tag-martin-odegaard","11":"tag-no","12":"tag-norge","13":"tag-norway","14":"tag-sport","15":"tag-sports","16":"tag-stale-solbakken"},"share_on_mastodon":{"url":"","error":""},"_links":{"self":[{"href":"https:\/\/www.europesays.com\/no\/wp-json\/wp\/v2\/posts\/26781","targetHints":{"allow":["GET"]}}],"collection":[{"href":"https:\/\/www.europesays.com\/no\/wp-json\/wp\/v2\/posts"}],"about":[{"href":"https:\/\/www.europesays.com\/no\/wp-json\/wp\/v2\/types\/post"}],"author":[{"embeddable":true,"href":"https:\/\/www.europesays.com\/no\/wp-json\/wp\/v2\/users\/2"}],"replies":[{"embeddable":true,"href":"https:\/\/www.europesays.com\/no\/wp-json\/wp\/v2\/comments?post=26781"}],"version-history":[{"count":0,"href":"https:\/\/www.europesays.com\/no\/wp-json\/wp\/v2\/posts\/26781\/revisions"}],"wp:featuredmedia":[{"embeddable":true,"href":"https:\/\/www.europesays.com\/no\/wp-json\/wp\/v2\/media\/26782"}],"wp:attachment":[{"href":"https:\/\/www.europesays.com\/no\/wp-json\/wp\/v2\/media?parent=26781"}],"wp:term":[{"taxonomy":"category","embeddable":true,"href":"https:\/\/www.europesays.com\/no\/wp-json\/wp\/v2\/categories?post=26781"},{"taxonomy":"post_tag","embeddable":true,"href":"https:\/\/www.europesays.com\/no\/wp-json\/wp\/v2\/tags?post=26781"}],"curies":[{"name":"wp","href":"https:\/\/api.w.org\/{rel}","templated":true}]}}