{"id":267827,"date":"2026-06-16T09:59:26","date_gmt":"2026-06-16T09:59:26","guid":{"rendered":"https:\/\/www.europesays.com\/no\/267827\/"},"modified":"2026-06-16T09:59:26","modified_gmt":"2026-06-16T09:59:26","slug":"vaer-alvdal-sommerlig-uke-naermer-seg-25-grader","status":"publish","type":"post","link":"https:\/\/www.europesays.com\/no\/267827\/","title":{"rendered":"V\u00e6r, Alvdal | Sommerlig uke: \u2013 N\u00e6rmer seg 25 grader"},"content":{"rendered":"\n<p>(<a rel=\"Follow nofollow noopener\" href=\"https:\/\/www.nettavisen.no\/\" target=\"_blank\">Nettavisen<\/a>\/Hamar Arbeiderblad): Det n\u00e6rmer seg midtsommer, og varmlufta fra Sentral-Europa vil ogs\u00e5 sneie Norge, men svenskene f\u00e5r det enda hetere n\u00e5r de kommende l\u00f8rdag feirer midtsommer.<\/p>\n<p>\u2013 Typisk sommerv\u00e6r, svarer statsmeteorolog Magnus Ovhed n\u00e5r han blir spurt om hva slags v\u00e6r og temperaturer vi kan vente oss denne uken i Norge.<\/p>\n<p>   <img decoding=\"async\" width=\"1743\" height=\"980\" fetchpriority=\"low\"  loading=\"lazy\"  src=\"https:\/\/www.europesays.com\/no\/wp-content\/uploads\/2026\/06\/1781603966_199_ECMWF_fredag19juni_12UTC_20260615061853-39459ee639731ab7c1b9f94721a1c132f5562b8f.jpg\" alt=\"\" class=\"brick-c-cFOWSL\" style=\"--brick-image-ratio: 1743 \/ 980;\"\/><\/p>\n<p>      H\u00d8YE TEMPERATURER: Den europeiske v\u00e6rtjenesten ECMWF har prognosene for hva slags temperaturer vi har i vente, her fredag 19. juni, med et lokk av varmluft i Sentral-Europa og hyggelige sommertemperaturer ogs\u00e5 i deler av Norge, S\u00f8r-Sverige og Danmark.<br \/>\n      Foto: Faksimile (ECMWF)\n    <\/p>\n<p>  Opp mot 30 grader i S\u00f8r-Sverige<\/p>\n<p>\u2013 Den varmeste varmlufta ser ut til \u00e5 holde seg i Sentral-Europa, men den sneier v\u00e5re omr\u00e5der, og i S\u00f8r-Sverige kan de vente seg opp i 30 grader n\u00e5r de til helgen feirer midtsommer. Denne varmlufta sneier ogs\u00e5 \u00d8stlandet, og temperaturen kan n\u00e6rme seg 25 grader, sier Ovhed.<\/p>\n<p>Han kommer selv fra Sverige og har god kjennskap til svensk midtsommerfeiring, som tradisjonelt feires med en l\u00f8v- og blomsterkledd stang der nordmenn heller tenner b\u00e5l og kaller sin midtsommerfeiring for sankthans.<\/p>\n<p>Mens svenskene feirer l\u00f8rdag 20. juni, venter Norge til uken og feirer sankthans 24. juni eller natt til 24.<\/p>\n<p>\u2013 N\u00e6rmere 30 grader, er det ok eller litt mye av det gode for en midtsommerfeiring?<\/p>\n<p>\u2013 Det er mer enn nok, sier Ovhed.<\/p>\n<p>   <img decoding=\"async\" width=\"1596\" height=\"521\" fetchpriority=\"low\"  loading=\"lazy\"  src=\"https:\/\/www.europesays.com\/no\/wp-content\/uploads\/2026\/06\/Skjermbilde%202026-06-16%20065157.png\" alt=\"\" class=\"brick-c-cFOWSL\" style=\"--brick-image-ratio: 1596 \/ 521;\"\/><\/p>\n<p>      OVER 20 PLUSS: Forventet temperatur (r\u00f8dt) i Hamar i perioden mellom 16. juni og 6. juli med mulige temperaturer i skravert felt.<br \/>\n      Foto: Skjermdump, Meteorologisk institutt)\n    <\/p>\n<p>  Kun \u00e9n dag<\/p>\n<p>Det blir godt v\u00e6r i v\u00e5re omr\u00e5der. Ogs\u00e5 her vil temperaturen komme opp mot 25 grader.\u00a0<\/p>\n<p>Men nordover i \u00d8sterdalen blir det en del nedb\u00f8r gjennom uka.\u00a0<\/p>\n<p>I Elverum sp\u00f8ker det fortsatt litt rundt l\u00f8rdagen, som forel\u00f8pig er den eneste dagen med varslet nedb\u00f8r.\u00a0<\/p>\n<p>Mange festivalgjengere h\u00e5per nok det snur f\u00f8r helgas Elvebris.\u00a0<\/p>\n<p>Men til tross for nedb\u00f8r ser det ut til at fredag og l\u00f8rdag blir de varmeste dagene denne uka.\u00a0<\/p>\n","protected":false},"excerpt":{"rendered":"(Nettavisen\/Hamar Arbeiderblad): Det n\u00e6rmer seg midtsommer, og varmlufta fra Sentral-Europa vil ogs\u00e5 sneie Norge, men svenskene f\u00e5r det&hellip;\n","protected":false},"author":2,"featured_media":267828,"comment_status":"","ping_status":"","sticky":false,"template":"","format":"standard","meta":{"footnotes":"","_share_on_mastodon":"0"},"categories":[5],"tags":[4178,7554,36,575,20,21,1070,8137,24,25,4179,15,19,22,23,1272,17,18,13,30,1745,28,29,14,2932,16,2256,478,7555,1510,4176,26,27,2040,4177,1986,553],"class_list":["post-267827","post","type-post","status-publish","format-standard","has-post-thumbnail","category-overskrifter","tag-alvdal","tag-amot","tag-art","tag-asnes","tag-breaking-news","tag-breakingnews","tag-elverum","tag-engerdal","tag-featured-news","tag-featurednews","tag-folldal","tag-headlines","tag-hovedoppslag","tag-latest-news","tag-latestnews","tag-loten","tag-main-news","tag-mainnews","tag-news","tag-no","tag-nord-osterdal","tag-norge","tag-norway","tag-nyheter","tag-os","tag-overskrifter","tag-rendalen","tag-solor","tag-stor-elvdal","tag-story","tag-tolga","tag-top-stories","tag-topstories","tag-trysil","tag-tynset","tag-valer","tag-vaer"],"share_on_mastodon":{"url":"https:\/\/pubeurope.com\/@no\/116759204550451191","error":""},"_links":{"self":[{"href":"https:\/\/www.europesays.com\/no\/wp-json\/wp\/v2\/posts\/267827","targetHints":{"allow":["GET"]}}],"collection":[{"href":"https:\/\/www.europesays.com\/no\/wp-json\/wp\/v2\/posts"}],"about":[{"href":"https:\/\/www.europesays.com\/no\/wp-json\/wp\/v2\/types\/post"}],"author":[{"embeddable":true,"href":"https:\/\/www.europesays.com\/no\/wp-json\/wp\/v2\/users\/2"}],"replies":[{"embeddable":true,"href":"https:\/\/www.europesays.com\/no\/wp-json\/wp\/v2\/comments?post=267827"}],"version-history":[{"count":0,"href":"https:\/\/www.europesays.com\/no\/wp-json\/wp\/v2\/posts\/267827\/revisions"}],"wp:featuredmedia":[{"embeddable":true,"href":"https:\/\/www.europesays.com\/no\/wp-json\/wp\/v2\/media\/267828"}],"wp:attachment":[{"href":"https:\/\/www.europesays.com\/no\/wp-json\/wp\/v2\/media?parent=267827"}],"wp:term":[{"taxonomy":"category","embeddable":true,"href":"https:\/\/www.europesays.com\/no\/wp-json\/wp\/v2\/categories?post=267827"},{"taxonomy":"post_tag","embeddable":true,"href":"https:\/\/www.europesays.com\/no\/wp-json\/wp\/v2\/tags?post=267827"}],"curies":[{"name":"wp","href":"https:\/\/api.w.org\/{rel}","templated":true}]}}