{"id":268459,"date":"2026-06-16T20:47:17","date_gmt":"2026-06-16T20:47:17","guid":{"rendered":"https:\/\/www.europesays.com\/no\/268459\/"},"modified":"2026-06-16T20:47:17","modified_gmt":"2026-06-16T20:47:17","slug":"petter-northug-deltar-i-svensk-reality","status":"publish","type":"post","link":"https:\/\/www.europesays.com\/no\/268459\/","title":{"rendered":"Petter Northug deltar i svensk reality"},"content":{"rendered":"<p class=\"kicker \" style=\"\">Petter Northug:\u00a0<\/p>\n<p class=\"subtitle t30\" style=\"\">40-\u00e5ringen er klar for \u00e5 innta parketten for det svenske folk.\u00a0<\/p>\n<p>\n    KLAR FOR SKJERMEN: Northug er klar for \u00e5 vise seg for svenskene. Foto: Andreas Fadum \/ Se og H\u00f8r\n  <\/p>\n<p>Etter en pause gj\u00f8r \u00abLet\u2019s dance\u00bb, den svenske versjonen av \u00abSkal vi danse\u00bb, comeback p\u00e5 TV4 etter sommeren.\u00a0<\/p>\n<p class=\"font-weight-bold m-font-weight-bold\" data-lab-font_weight=\"font-weight-bold\">N\u00e5 kan avisen\u00a0<a href=\"https:\/\/www.expressen.se\/noje\/tv-och-streaming\/lets-dance-tillbaka-i-tv4-har-deltagarna\/\" target=\"_blank\" rel=\"nofollow noopener\">Expressen<\/a>\u00a0avsl\u00f8re at blant andre skikongen Petter Northug (40) skal svinge seg p\u00e5 den svenske parketten denne sommeren.\u00a0<\/p>\n<p>Northug skal imidlertid ikke v\u00e6re den eneste nordmannen p\u00e5 parketten. Martinus blir ogs\u00e5 \u00e5 se i \u00abLet\u2019s dance\u00bb.<\/p>\n<p>P\u00e5 parketten sammen med nordmennene vil vi ogs\u00e5 se influencer Lisa Borg, Lilla Al-Fadji, Lovisa \u00abLaki\u00bb Karlsson, Christer Fuglesang, Ludwig Blomqvist og Bianca Salming.<\/p>\n<p>        <img loading=\"lazy\" decoding=\"async\" src=\"https:\/\/www.europesays.com\/no\/wp-content\/uploads\/2026\/06\/84775302.webp\" width=\"980\" height=\"559\" alt=\"\" class=\"\" style=\"--aspect-ratio-image: 1.75; \"\/><\/p>\n<p>\n        SKAL OGS\u00c5 MED: Martinus (t.v) skal v\u00e6re med p\u00e5 \u00abLet\u2019s dance\u00bb, if\u00f8lge Expressen. Tvillingbror Marcus skal ikke v\u00f8re med. Foto: Andreas Fadum \/ Se og H\u00f8r\n    <\/p>\n<p>Se og H\u00f8r har fors\u00f8kt \u00e5 kontakte Northug for en kommentar. Han har forel\u00f8pig ikke besvart v\u00e5re henvendelser.\u00a0<\/p>\n<p>Northug har kommet med flere stikk til svenskene gjennom sin lange ski-karriere. Blant annet da han i 2015 klinte til og vant Kirkebakken Grand Prix foran svenske Calle Halfvarsson.<\/p>\n<p>    <a itemprop=\"url\" href=\"https:\/\/www.seher.no\/kjendis\/skal-motes-i-bokseringen\/84525499\" rel=\"nofollow noopener\" target=\"_blank\"><\/p>\n<p>        <img loading=\"lazy\" decoding=\"async\" src=\"https:\/\/www.europesays.com\/no\/wp-content\/uploads\/2026\/06\/1781642836_967_84525509.webp\" width=\"980\" height=\"441\" alt=\"\" class=\"lazyload\" style=\"--aspect-ratio-image: 2.22; \"\/><\/p>\n<p>        Skal m\u00f8tes i bokseringen<\/p>\n<p>    <\/a><\/p>\n<p class=\"font-weight-bold m-font-weight-bold\" data-lab-font_weight=\"font-weight-bold\">Etter l\u00f8pet droppet han \u00e5 prate med pressen, men i sosiale medier var han mer snakkesalig:\u00a0<\/p>\n<p> &#8211; Selv om det er seks m\u00e5neder siden Falun-VM, er jeg fortsatt frustrert over at jeg ikke slo Sverige med mer enn ti meter i stafetten. Men den svake innsatsen har motivert meg til \u00e5 bli en bedre skil\u00f8per i framtida. Det som skjedde i Falun skal aldri skje igjen, skrev han p\u00e5 sin\u00a0<a href=\"https:\/\/instagram.com\/jantelov1\/\" rel=\"nofollow noopener\" target=\"_blank\">Instagram.<\/a> <\/p>\n<p>        <img loading=\"lazy\" decoding=\"async\" src=\"https:\/\/www.europesays.com\/no\/wp-content\/uploads\/2026\/06\/84775300.webp\" width=\"686\" height=\"385\" alt=\"\" class=\"\" style=\"--aspect-ratio-image: 1.78; \"\/><\/p>\n<p>\n        TI METER: Petter Northug sikrer norsk VM-gull p\u00e5 stafetten i Falun. Foto: Bj\u00f8rn Langsem \/ Dagbladet\n    <\/p>\n<p> I tillegg la han p\u00e5 f\u00f8lgende hashtager: SorryNorway, RespectSweden, slowskieer, Falun2015, Calle, guld, gull, gold, stek, stureplan, solsiden, stelvio, mosvik, traktor, takkfordepresjon, parkeringsbot. <\/p>\n<p><script async src=\"\/\/www.instagram.com\/embed.js\"><\/script><\/p>\n","protected":false},"excerpt":{"rendered":"Petter Northug:\u00a0 40-\u00e5ringen er klar for \u00e5 innta parketten for det svenske folk.\u00a0 KLAR FOR SKJERMEN: Northug er&hellip;\n","protected":false},"author":2,"featured_media":268460,"comment_status":"","ping_status":"","sticky":false,"template":"","format":"standard","meta":{"footnotes":"","_share_on_mastodon":"0"},"categories":[58],"tags":[71,479,2543,30,28,29,397,2587,2280,1359,72],"class_list":["post-268459","post","type-post","status-publish","format-standard","has-post-thumbnail","category-underholdning","tag-entertainment","tag-kjendis","tag-kjendisdesken","tag-no","tag-norge","tag-norway","tag-petter-northug","tag-reality","tag-skal-vi-danse","tag-sverige","tag-underholdning"],"share_on_mastodon":{"url":"https:\/\/pubeurope.com\/@no\/116761752263149290","error":""},"_links":{"self":[{"href":"https:\/\/www.europesays.com\/no\/wp-json\/wp\/v2\/posts\/268459","targetHints":{"allow":["GET"]}}],"collection":[{"href":"https:\/\/www.europesays.com\/no\/wp-json\/wp\/v2\/posts"}],"about":[{"href":"https:\/\/www.europesays.com\/no\/wp-json\/wp\/v2\/types\/post"}],"author":[{"embeddable":true,"href":"https:\/\/www.europesays.com\/no\/wp-json\/wp\/v2\/users\/2"}],"replies":[{"embeddable":true,"href":"https:\/\/www.europesays.com\/no\/wp-json\/wp\/v2\/comments?post=268459"}],"version-history":[{"count":0,"href":"https:\/\/www.europesays.com\/no\/wp-json\/wp\/v2\/posts\/268459\/revisions"}],"wp:featuredmedia":[{"embeddable":true,"href":"https:\/\/www.europesays.com\/no\/wp-json\/wp\/v2\/media\/268460"}],"wp:attachment":[{"href":"https:\/\/www.europesays.com\/no\/wp-json\/wp\/v2\/media?parent=268459"}],"wp:term":[{"taxonomy":"category","embeddable":true,"href":"https:\/\/www.europesays.com\/no\/wp-json\/wp\/v2\/categories?post=268459"},{"taxonomy":"post_tag","embeddable":true,"href":"https:\/\/www.europesays.com\/no\/wp-json\/wp\/v2\/tags?post=268459"}],"curies":[{"name":"wp","href":"https:\/\/api.w.org\/{rel}","templated":true}]}}