{"id":26882,"date":"2025-09-04T13:46:10","date_gmt":"2025-09-04T13:46:10","guid":{"rendered":"https:\/\/www.europesays.com\/no\/26882\/"},"modified":"2025-09-04T13:46:10","modified_gmt":"2025-09-04T13:46:10","slug":"en-apenbar-tabbe","status":"publish","type":"post","link":"https:\/\/www.europesays.com\/no\/26882\/","title":{"rendered":"En \u00e5penbar tabbe"},"content":{"rendered":"<p>  Kulturpolitikken har glimret med sitt frav\u00e6r under \u00e5rets valgkamp. Det kan ende med \u00e5 koste oss dyrt.\u00a0<\/p>\n<p>\n    INGEN KULTURDEBATT: H\u00f8yre-leder Erna Solberg og Ap-leder Jonas Gahr St\u00f8re under NRKs partilederdebatt p\u00e5 Kuben videreg\u00e5ende skole. Snakket de om kultur? Neppe. Foto: John Terje Pedersen \/ Dagbladet\n  <\/p>\n<p>\u00abWergeland!\u00bb ropte Trygve Slagsvold Vedum under t<a href=\"https:\/\/tv.nrk.no\/serie\/valg-2025\/sesong\/2025\/episode\/NNFA80000425\" rel=\"nofollow noopener\" target=\"_blank\">irsdagens partilederdebatt p\u00e5 NRK.<\/a> Han var s\u00e5 engasjert at man nesten skulle tro at han var opptatt av kulturpolitikk.\u00a0\u00abVi m\u00e5 ruste opp verdiene v\u00e5re. Arv, tradisjoner og tro og fellesskap er ikke bare tvangstr\u00f8yer, nei det er et fundament\u00bb, mente Dag Inge Ulstein under sin avsluttende replikk i samme debatt. Han var s\u00e5 inderlig, at man nesten skulle tro han var opptatt av kulturpolitikk. Men den gang ei, p\u00e5 tross av den tilsynelatende akutte interessen, har kulturpolitikken knapt v\u00e6rt nevnt i \u00e5rets valgkamp. Det kan vise seg \u00e5 bli en sv\u00e6rt alvorlig tabbe.\u00a0<\/p>\n<p>\u00c5rets valg er et viktig valg. Den internasjonale situasjonen er dramatisk og urovekkende. Her hjemme har h\u00f8y rente og eskalerende matpriser f\u00f8rt til at folk oplever at de har mindre \u00e5 rutte med enn f\u00f8r. Dette er nok litt av forklaringen p\u00e5 hvorfor kulturpolitikken har glimret med sitt frav\u00e6r i valgkampen, men det er ikke hele. Over tid har norske politikere, kulturakt\u00f8rer og medier v\u00e6rt s\u00e5 d\u00e5rlige til \u00e5 snakke om kultur at folk n\u00e5\u00a0 ikke skj\u00f8nner at det er sv\u00e6rt mye som st\u00e5r p\u00e5 spill.\u00a0<\/p>\n<p>    <a itemprop=\"url\" href=\"https:\/\/borsen.dagbladet.no\/meninger\/sneve-tok-kjottkaka\/83538665\" rel=\"nofollow noopener\" target=\"_blank\"><\/p>\n<p>      <img loading=\"lazy\" decoding=\"async\" src=\"https:\/\/www.europesays.com\/no\/wp-content\/uploads\/2025\/09\/1756993569_217_80172988.webp\" width=\"980\" height=\"441\" title=\"Sm\u00e5partienes kveld\" alt=\"\" class=\"lazyload\" style=\"--aspect-ratio-image: 2.22; \"\/><\/p>\n<p>        Sm\u00e5partienes kveld<\/p>\n<p>    <\/a><\/p>\n<p>H\u00f8r bare her: Mediebransjen har tapt milliarder i annonsepenger til tech-gigantene, og det er i ferd med \u00e5 bli et demokratisk problem. Det trengs\u00a0politikk, ikke bare plaster p\u00e5 s\u00e5ret. Leseferdighetene til norske barn stuper, bokbransjen i krise og det er varslet kutt hos kommunale biblioteker over det ganske land. Det trengs\u00a0politikk, ikke bare skjermforbud i skolen. Sosiale medier skaper ekkokamre, og forer b\u00e5de voksne og barn med desinformasjon og falske nyheter. Det trengs politikk, ikke bare <a href=\"https:\/\/www.dagbladet.no\/meninger\/rent-sludder\/82488795\" rel=\"nofollow noopener\" target=\"_blank\">idiotideer<\/a> om hakke opp nyhetsinstitusjonen NRK og selge delene til h\u00f8ystbydende, slik Frp har foresl\u00e5tt. Som vi har skrevet p\u00e5 lederplass f\u00f8r: Det er absurd at et parti som er over gjennomsnittlig opptatt av norsk kultur, vil fjerne et viktig komponent i limet som holder oss sammen. <\/p>\n<p>Kultur er mediene\u00a0som tilrettelegger for ytringsfriheten v\u00e5r, det er litteraturen og tv-programmene som setter fyr p\u00e5 de store samtalene, det er kunstverkene og teaterstykkene som setter i gang debatter om samfunnet v\u00e5rt, hvem vi er og hvem vi \u00f8nsker \u00e5 v\u00e6re. Kultur er ikke minst spr\u00e5ket v\u00e5rt og tradisjonene v\u00e5re. Norge er et lite land og et lite spr\u00e5komr\u00e5de, hvis vi \u00f8nsker \u00e5 ha et levende kulturliv og opprettholde, bevare og videreutvikle v\u00e5r kulturelle egenart, s\u00e5 m\u00e5 det legges til rette for det politisk.<\/p>\n<p><b>I statsbudsjettet for 2025 var det satt av 25,8 milliarder kroner til kulturform\u00e5l. Det vi trenger, er en ordentlig debatt om hvordan disse pengene skal brukes. Om vi har de riktige ordningene, om vi tar de riktige grepene, om vi n\u00e5r de riktige m\u00e5lene. Det vi derimot ikke trenger, er hodel\u00f8se ideer om kutt uten \u00e5 tenke p\u00e5 konsekvensene.\u00a0<\/b><\/p>\n<p><b>Kulturpolitikken har v\u00e6rt frav\u00e6rende fra \u00e5rets valgkamp. Det kan vise seg \u00e5 bli dyrt. Kanskje ikke for bunnlinja i statsbudsjettet, men for den norske kulturen og det norske samfunnet.\u00a0\u00a0<\/b><\/p>\n<p>    <a itemprop=\"url\" href=\"https:\/\/www.dagbladet.no\/meninger\/gutta-gjor-oppror\/83537062\" rel=\"nofollow noopener\" target=\"_blank\"><\/p>\n<p>      <img loading=\"lazy\" decoding=\"async\" src=\"https:\/\/www.europesays.com\/no\/wp-content\/uploads\/2025\/09\/1756993570_774_83458371.webp\" width=\"980\" height=\"441\" title=\"Gutta gj\u00f8r oppr\u00f8r\" alt=\"\" class=\"lazyload\" style=\"--aspect-ratio-image: 2.22; \"\/><\/p>\n<p>        Gutta gj\u00f8r oppr\u00f8r<\/p>\n<p>    <\/a><\/p>\n","protected":false},"excerpt":{"rendered":"Kulturpolitikken har glimret med sitt frav\u00e6r under \u00e5rets valgkamp. Det kan ende med \u00e5 koste oss dyrt.\u00a0 INGEN&hellip;\n","protected":false},"author":2,"featured_media":26883,"comment_status":"","ping_status":"","sticky":false,"template":"","format":"standard","meta":{"footnotes":""},"categories":[10],"tags":[20,21,24,25,15,266,22,23,156,13,30,28,29,14,16,26,27],"class_list":{"0":"post-26882","1":"post","2":"type-post","3":"status-publish","4":"format-standard","5":"has-post-thumbnail","7":"category-norge","8":"tag-breaking-news","9":"tag-breakingnews","10":"tag-featured-news","11":"tag-featurednews","12":"tag-headlines","13":"tag-kommentar","14":"tag-latest-news","15":"tag-latestnews","16":"tag-meninger","17":"tag-news","18":"tag-no","19":"tag-norge","20":"tag-norway","21":"tag-nyheter","22":"tag-overskrifter","23":"tag-top-stories","24":"tag-topstories"},"share_on_mastodon":{"url":"","error":""},"_links":{"self":[{"href":"https:\/\/www.europesays.com\/no\/wp-json\/wp\/v2\/posts\/26882","targetHints":{"allow":["GET"]}}],"collection":[{"href":"https:\/\/www.europesays.com\/no\/wp-json\/wp\/v2\/posts"}],"about":[{"href":"https:\/\/www.europesays.com\/no\/wp-json\/wp\/v2\/types\/post"}],"author":[{"embeddable":true,"href":"https:\/\/www.europesays.com\/no\/wp-json\/wp\/v2\/users\/2"}],"replies":[{"embeddable":true,"href":"https:\/\/www.europesays.com\/no\/wp-json\/wp\/v2\/comments?post=26882"}],"version-history":[{"count":0,"href":"https:\/\/www.europesays.com\/no\/wp-json\/wp\/v2\/posts\/26882\/revisions"}],"wp:featuredmedia":[{"embeddable":true,"href":"https:\/\/www.europesays.com\/no\/wp-json\/wp\/v2\/media\/26883"}],"wp:attachment":[{"href":"https:\/\/www.europesays.com\/no\/wp-json\/wp\/v2\/media?parent=26882"}],"wp:term":[{"taxonomy":"category","embeddable":true,"href":"https:\/\/www.europesays.com\/no\/wp-json\/wp\/v2\/categories?post=26882"},{"taxonomy":"post_tag","embeddable":true,"href":"https:\/\/www.europesays.com\/no\/wp-json\/wp\/v2\/tags?post=26882"}],"curies":[{"name":"wp","href":"https:\/\/api.w.org\/{rel}","templated":true}]}}