{"id":26884,"date":"2025-09-04T13:48:07","date_gmt":"2025-09-04T13:48:07","guid":{"rendered":"https:\/\/www.europesays.com\/no\/26884\/"},"modified":"2025-09-04T13:48:07","modified_gmt":"2025-09-04T13:48:07","slug":"kari-brattset-dale-deler-gladmelding","status":"publish","type":"post","link":"https:\/\/www.europesays.com\/no\/26884\/","title":{"rendered":"Kari Brattset Dale deler gladmelding"},"content":{"rendered":"\n<p class=\"_lead_ew2ao_2 _lead_xtcu6_50 layout-component text-serif-m layout-normal text-serif-l layout-component layout-wide layout-padded _wide_17hqh_1 layout-padded\">\u2013 Vi gleder oss til \u00e5 m\u00f8te lillebror i mars, sier landslagsspilleren. <\/p>\n<p><img alt=\" Foto: Lisa Leutner \/ Reuters \/ NTB\" class=\"_image_qp4xg_65 layout-component layout-wide\" data-fullscreen- data-track-element-type=\"Article image fullscreen\" data-track-name=\"ImageFullscreen\" fetchpriority=\"high\" decoding=\"sync\" loading=\"eager\" height=\"1767\" itemprop=\"image\"  src=\"https:\/\/www.europesays.com\/no\/wp-content\/uploads\/2025\/09\/5dedfb3c-226d-458b-a4e8-813f407c05da\"  style=\"object-position:0% 0%\" width=\"2596\"\/> Foto: Lisa Leutner \/ Reuters \/ NTB<\/p>\n<ul aria-hidden=\"true\" class=\"_images_1y6fe_106\">\n<li><a class=\"_link_1y6fe_111\" href=\"https:\/\/www.vg.no\/forfatter\/synne-sofie-christiansen-2\" style=\"z-index:1\" title=\"Synne Sofie Christiansen\" rel=\"nofollow noopener\" target=\"_blank\"><img alt=\"Bilde av Synne Sofie Christiansen\" class=\"_image_1y6fe_88\" fetchpriority=\"low\" loading=\"lazy\" decoding=\"async\" itemprop=\"image\"  src=\"https:\/\/www.europesays.com\/no\/wp-content\/uploads\/2025\/09\/1756993687_459_8d683f6f-f2ba-47ca-8bcc-2db625b33cb1\"  width=\"480\"\/><\/a><\/li>\n<\/ul>\n<p> Oppdatert torsdag 4. september kl. 15:32     <\/p>\n<p class=\"_paragraph_ew2ao_4 _paragraph_xtcu6_10 layout-component text-serif-m layout-normal text-serif-m layout-padded\">H\u00e5ndballstjernen Kari Brattset Dale venter sitt andre barn og blir dermed uaktuell til h\u00e5ndball-VM i november. <\/p>\n<p class=\"_paragraph_ew2ao_4 _paragraph_xtcu6_10 layout-component text-serif-m layout-normal text-serif-m layout-padded\"><a href=\"https:\/\/www.handball.no\/nyheter\/2025\/09\/kari-brattset-dale-venter-barn\/\" class=\"_link_ew2ao_39\" rel=\"nofollow noopener\" target=\"_blank\">Det opplyser h\u00e5ndballandslaget i en pressemelding. <\/a><\/p>\n<p class=\"_paragraph_ew2ao_4 _paragraph_xtcu6_10 layout-component text-serif-m layout-normal text-serif-m layout-padded\"> \u2013\u2060\u00a0Vi er veldig glade for \u00e5 kunne utvide flokken v\u00e5r. Det er selvf\u00f8lgelig kjedelig \u00e5 g\u00e5 ut av h\u00e5ndballen n\u00e5, men det gir nok bare mer motivasjon til \u00e5 komme sterkere tilbake. Kroppen f\u00f8les veldig fin, og vi gleder oss til \u00e5 m\u00f8te lillebror i mars, sier Brattset Dale.<\/p>\n<p class=\"_paragraph_ew2ao_4 _paragraph_xtcu6_10 layout-component text-serif-m layout-normal text-serif-m layout-padded\">Forsvarsspilleren har fra f\u00f8r s\u00f8nnen Nils sammen med Kristian Dale. <\/p>\n<p class=\"_paragraph_ew2ao_4 _paragraph_xtcu6_10 layout-component text-serif-m layout-normal text-serif-m layout-padded\">\u2013 Jeg gleder meg p\u00e5 Karis vegne og \u00f8nsker henne og familien en fin tid, sier landslagssjef Ole Gustav Gjekstad.<\/p>\n<p class=\"_paragraph_ew2ao_4 _paragraph_xtcu6_10 layout-component text-serif-m layout-normal text-serif-m layout-padded\">Kari Brattset Dale kroner dermed en supersesong med graviditet. <\/p>\n<p class=\"_paragraph_ew2ao_4 _paragraph_xtcu6_10 layout-component text-serif-m layout-normal text-serif-m layout-padded\">I sesongen som var ble hun k\u00e5ret til \u00e5rets forsvar-og linjespiller av Det europeiske h\u00e5ndballforbundet, i tillegg til \u00e5 bli Champions League-vinner med Gy\u0151r og ta OL-gull og EM-gull med Norge. <\/p>\n<p class=\"_paragraph_ew2ao_4 _paragraph_xtcu6_10 layout-component text-serif-m layout-normal text-serif-m layout-padded\">H\u00e5ndball-VM for kvinner er i Tyskland og Nederland og starter 26. november.<\/p>\n","protected":false},"excerpt":{"rendered":"\u2013 Vi gleder oss til \u00e5 m\u00f8te lillebror i mars, sier landslagsspilleren. Foto: Lisa Leutner \/ Reuters \/&hellip;\n","protected":false},"author":2,"featured_media":26885,"comment_status":"","ping_status":"","sticky":false,"template":"","format":"standard","meta":{"footnotes":""},"categories":[59],"tags":[105,30,28,29,83,82],"class_list":{"0":"post-26884","1":"post","2":"type-post","3":"status-publish","4":"format-standard","5":"has-post-thumbnail","7":"category-sport","8":"tag-handball","9":"tag-no","10":"tag-norge","11":"tag-norway","12":"tag-sport","13":"tag-sports"},"share_on_mastodon":{"url":"","error":""},"_links":{"self":[{"href":"https:\/\/www.europesays.com\/no\/wp-json\/wp\/v2\/posts\/26884","targetHints":{"allow":["GET"]}}],"collection":[{"href":"https:\/\/www.europesays.com\/no\/wp-json\/wp\/v2\/posts"}],"about":[{"href":"https:\/\/www.europesays.com\/no\/wp-json\/wp\/v2\/types\/post"}],"author":[{"embeddable":true,"href":"https:\/\/www.europesays.com\/no\/wp-json\/wp\/v2\/users\/2"}],"replies":[{"embeddable":true,"href":"https:\/\/www.europesays.com\/no\/wp-json\/wp\/v2\/comments?post=26884"}],"version-history":[{"count":0,"href":"https:\/\/www.europesays.com\/no\/wp-json\/wp\/v2\/posts\/26884\/revisions"}],"wp:featuredmedia":[{"embeddable":true,"href":"https:\/\/www.europesays.com\/no\/wp-json\/wp\/v2\/media\/26885"}],"wp:attachment":[{"href":"https:\/\/www.europesays.com\/no\/wp-json\/wp\/v2\/media?parent=26884"}],"wp:term":[{"taxonomy":"category","embeddable":true,"href":"https:\/\/www.europesays.com\/no\/wp-json\/wp\/v2\/categories?post=26884"},{"taxonomy":"post_tag","embeddable":true,"href":"https:\/\/www.europesays.com\/no\/wp-json\/wp\/v2\/tags?post=26884"}],"curies":[{"name":"wp","href":"https:\/\/api.w.org\/{rel}","templated":true}]}}