{"id":269017,"date":"2026-06-17T15:03:25","date_gmt":"2026-06-17T15:03:25","guid":{"rendered":"https:\/\/www.europesays.com\/no\/269017\/"},"modified":"2026-06-17T15:03:25","modified_gmt":"2026-06-17T15:03:25","slug":"kadettangen-fotball-vm-full-kadda-jubel-for-norges-nye-fotballyndlinger","status":"publish","type":"post","link":"https:\/\/www.europesays.com\/no\/269017\/","title":{"rendered":"Kadettangen, Fotball-VM | Full Kadda-jubel for Norges nye fotballyndlinger"},"content":{"rendered":"\n<p>En halvtime f\u00f8r avspark i Boston var k\u00f8en lang p\u00e5 Kadettangen. Mange valgte \u00e5 droppe oppgj\u00f8ret mellom Frankrike og Senegal (3-1). Alle de forh\u00e5ndsbestilte bordene var utsolgt. P\u00e5 en av dem satt en gjeng Heggedal.<\/p>\n<p>\u2013 Norge vinner, de er jeg sikker p\u00e5, sa Thomas Schopp f\u00f8r kampen.<\/p>\n<p>   <img decoding=\"async\" width=\"8192\" height=\"5464\" fetchpriority=\"low\"  loading=\"lazy\"  src=\"https:\/\/www.europesays.com\/no\/wp-content\/uploads\/2026\/06\/NORGE-IRAK-335.jpg\" alt=\"NORGE-IRAK\" class=\"brick-c-cFOWSL\" style=\"--brick-image-ratio: 8192 \/ 5464;\"\/><\/p>\n<p>      Denne gjengen fra Heggedal fikk med seg begge kampene tirsdag kveld og natt. Fra venstre og rundt bordet: Frank Larsen, Ole Marius Torvik, Tor-Erik Tennfjord, Vegard Kvam, Geir Larsen, Sven Svenssen, Harald Skaug og Thomas Schoopp.<br \/>\n      Foto: EVA GROVEN\n    <\/p>\n<p>Gjengen fikk med seg Frankrike-kampen ogs\u00e5. Men det var mest for \u00e5 sikre seg et godt bord.<\/p>\n<p>\u2013 Vi bestilte bord til Norge-kampen 1. juni. Bordet til Frankrike-kampen fikset vi i dag. Det verdt pengene, mener Thomas.<\/p>\n<p>Totalt betalte gjengen p\u00e5 \u00e5tte i overkant av 5.000 kroner for de to kampene.<\/p>\n<p>   <img decoding=\"async\" width=\"8030\" height=\"5362\" fetchpriority=\"low\"  loading=\"lazy\"  src=\"https:\/\/www.europesays.com\/no\/wp-content\/uploads\/2026\/06\/NORGE-IRAK-365.jpg\" alt=\"NORGE-IRAK\" class=\"brick-c-cFOWSL\" style=\"--brick-image-ratio: 8030 \/ 5362;\"\/><\/p>\n<p>      Uten mat og drikke&#8230; Det gjelder ogs\u00e5 for gutta fra Heggedal.<br \/>\n      Foto: EVA GROVEN\n    <\/p>\n<p>\u2013 Da f\u00e5r vi to \u00f8l hver, popcorn og burgermeny. Pluss et bord med topp plassering, p\u00e5peker Thomas, som heiet vilt p\u00e5 Norge ved de tre scoringene.<\/p>\n<p>\u2013 Dette er et skjerf fra San Siro, da vi slo Italia.<\/p>\n<p>  <a href=\"https:\/\/www.budstikka.no\/5-55-2307145\" class=\"related-teaser has-image article--c-MkAkR\" rel=\"nofollow noopener\" target=\"_blank\"><\/p>\n<p>    <img decoding=\"async\" width=\"155\"  loading=\"lazy\"  src=\"https:\/\/www.europesays.com\/no\/wp-content\/uploads\/2026\/06\/NORGE-IRAK-354_1.jpg\" alt=\"\" class=\"brick-c-cFOWSL\" style=\"\"\/><\/p>\n<p>\n            Bildeserie<\/p>\n<p>            Se hvem som var p\u00e5 VM-festen\n        <\/p>\n<p>  <\/a><\/p>\n<p>    Vil du se neste video?<\/p>\n<p>    <a href=\"https:\/\/www.budstikka.no\/her-kan-du-se-vm-kamper-i-asker-og-barum\/v\/5-55-2303443\" class=\"recommend-poster\" data-adp-clicklabel=\"video-recommend\" data-adp-clickvalue=\"poster\" rel=\"nofollow noopener\" target=\"_blank\"><br \/>\n      <img decoding=\"async\" width=\"200\" height=\"200\" loading=\"lazy\" src=\"https:\/\/www.europesays.com\/no\/wp-content\/uploads\/2026\/06\/v-i-465ef76a-daab-4d55-a3ae-c0ad183ea9ce-1781177140348.jpg\" alt=\"\" class=\"brick-c-cFOWSL\" style=\"--brick-image-ratio: 200 \/ 200;\"\/><\/p>\n<p>Her kan du se VM-kamper i Asker og B\u00e6rum0:46<\/p>\n<p>    <\/a><\/p>\n<p>   <img decoding=\"async\" width=\"8192\" height=\"5464\" fetchpriority=\"low\"  loading=\"lazy\"  src=\"https:\/\/www.europesays.com\/no\/wp-content\/uploads\/2026\/06\/NORGE-IRAK-342.jpg\" alt=\"NORGE-IRAK\" class=\"brick-c-cFOWSL\" style=\"--brick-image-ratio: 8192 \/ 5464;\"\/><\/p>\n<p>      Ole Marius Torvik og Tor-Erik Tennfjord var i godt hum\u00f8r lenge f\u00f8r avspark i Norges kamp.<br \/>\n      Foto: EVA GROVEN\n    <\/p>\n<p>   <img decoding=\"async\" width=\"7551\" height=\"4397\" fetchpriority=\"low\"  loading=\"lazy\"  src=\"https:\/\/www.europesays.com\/no\/wp-content\/uploads\/2026\/06\/NORGE-IRAK-379.jpg\" alt=\"NORGE-IRAK\" class=\"brick-c-cFOWSL\" style=\"--brick-image-ratio: 7551 \/ 4397;\"\/><\/p>\n<p>      J\u00f8rgen Engedal la ikke noe imellom p\u00e5 Kadettangen.<br \/>\n      Foto: EVA GROVEN\n    <\/p>\n<p>   <img decoding=\"async\" width=\"7309\" height=\"4964\" fetchpriority=\"low\"  loading=\"lazy\"  src=\"https:\/\/www.europesays.com\/no\/wp-content\/uploads\/2026\/06\/NORGE-IRAK-354.jpg\" alt=\"NORGE-IRAK\" class=\"brick-c-cFOWSL\" style=\"--brick-image-ratio: 7309 \/ 4964;\"\/><\/p>\n<p>      The Queens koser seg p\u00e5 kamp. Fra v.: Irina, Maiken. Iselin og Mathilde.<br \/>\n      Foto: EVA GROVEN\n    <\/p>\n<p>   <img decoding=\"async\" width=\"7035\" height=\"4946\" fetchpriority=\"low\"  loading=\"lazy\"  src=\"https:\/\/www.europesays.com\/no\/wp-content\/uploads\/2026\/06\/NORGE-IRAK-358.jpg\" alt=\"NORGE-IRAK\" class=\"brick-c-cFOWSL\" style=\"--brick-image-ratio: 7035 \/ 4946;\"\/><\/p>\n<p>      Br\u00f8drene Jacob Cohen (t. v.) og Kristoffer Vangen er f\u00f8dt i England, men har bodd p\u00e5 Jar siden de var 3 \u00e5r gamle. Og de heier p\u00e5 Norge.<br \/>\n      Foto: EVA GROVEN\n    <\/p>\n<p>   <img decoding=\"async\" width=\"7438\" height=\"5164\" fetchpriority=\"low\"  loading=\"lazy\"  src=\"https:\/\/www.europesays.com\/no\/wp-content\/uploads\/2026\/06\/NORGE-IRAK-353.jpg\" alt=\"NORGE-IRAK\" class=\"brick-c-cFOWSL\" style=\"--brick-image-ratio: 7438 \/ 5164;\"\/><\/p>\n<p>      Det var fullt p\u00e5 alle bord da Norges kamp ble sparket i gang i Boston.<br \/>\n      Foto: EVA GROVEN\n    <\/p>\n<p>   <img decoding=\"async\" width=\"8192\" height=\"5464\" fetchpriority=\"low\"  loading=\"lazy\"  src=\"https:\/\/www.europesays.com\/no\/wp-content\/uploads\/2026\/06\/NORGE-IRAK-346_1.jpg\" alt=\"NORGE-IRAK\" class=\"brick-c-cFOWSL\" style=\"--brick-image-ratio: 8192 \/ 5464;\"\/><\/p>\n<p>      Spreke hodeplass var det nok av p\u00e5 Kadettangen. Her representert ved Philip Thoresen og Kristian H.S.<br \/>\n      Foto: EVA GROVEN\n    <\/p>\n<p>   <img decoding=\"async\" width=\"6742\" height=\"4788\" fetchpriority=\"low\"  loading=\"lazy\"  src=\"https:\/\/www.europesays.com\/no\/wp-content\/uploads\/2026\/06\/NORGE-IRAK-351.jpg\" alt=\"NORGE-IRAK\" class=\"brick-c-cFOWSL\" style=\"--brick-image-ratio: 6742 \/ 4788;\"\/><\/p>\n<p>      Ikke alle har kj\u00f8pt Haaland-drakt. Ogs\u00e5 Askers Sander Berge var godt representert.<br \/>\n      Foto: EVA GROVEN\n    <\/p>\n<p>   <img decoding=\"async\" width=\"6937\" height=\"5032\" fetchpriority=\"low\"  loading=\"lazy\"  src=\"https:\/\/www.europesays.com\/no\/wp-content\/uploads\/2026\/06\/NORGE-IRAK-352.jpg\" alt=\"NORGE-IRAK\" class=\"brick-c-cFOWSL\" style=\"--brick-image-ratio: 6937 \/ 5032;\"\/><\/p>\n<p>      Alex Ros\u00e9n showet mellom kampene tirsdag kveld.<br \/>\n      Foto: EVA GROVEN\n    <\/p>\n<p>   <img decoding=\"async\" width=\"8192\" height=\"5464\" fetchpriority=\"low\"  loading=\"lazy\"  src=\"https:\/\/www.europesays.com\/no\/wp-content\/uploads\/2026\/06\/NORGE-IRAK-371.jpg\" alt=\"NORGE-IRAK\" class=\"brick-c-cFOWSL\" style=\"--brick-image-ratio: 8192 \/ 5464;\"\/><\/p>\n<p>      Stemningen var god p\u00e5 et fullsatt Kadettangen.<br \/>\n      Foto: EVA GROVEN\n    <\/p>\n<p>   <img decoding=\"async\" width=\"7435\" height=\"5390\" fetchpriority=\"low\"  loading=\"lazy\"  src=\"https:\/\/www.europesays.com\/no\/wp-content\/uploads\/2026\/06\/NORGE-IRAK-347.jpg\" alt=\"NORGE-IRAK\" class=\"brick-c-cFOWSL\" style=\"--brick-image-ratio: 7435 \/ 5390;\"\/><\/p>\n<p>      God stemning blant denne gjengen som hadde sikret seg et bord n\u00e6rme tv-skjermen.<br \/>\n      Foto: EVA GROVEN\n    <\/p>\n<p>   <img decoding=\"async\" width=\"7321\" height=\"4607\" fetchpriority=\"low\"  loading=\"lazy\"  src=\"https:\/\/www.europesays.com\/no\/wp-content\/uploads\/2026\/06\/NORGE-IRAK-369.jpg\" alt=\"NORGE-IRAK\" class=\"brick-c-cFOWSL\" style=\"--brick-image-ratio: 7321 \/ 4607;\"\/><\/p>\n<p>      De aller fleste som var med \u00e5 heie p\u00e5 Norge p\u00e5 Kadettangen hadde enten drakt eller skjerf.<br \/>\n      Foto: EVA GROVEN\n    <\/p>\n<p>   <img decoding=\"async\" width=\"7711\" height=\"5177\" fetchpriority=\"low\"  loading=\"lazy\"  src=\"https:\/\/www.europesays.com\/no\/wp-content\/uploads\/2026\/06\/NORGE-IRAK-361.jpg\" alt=\"NORGE-IRAK\" class=\"brick-c-cFOWSL\" style=\"--brick-image-ratio: 7711 \/ 5177;\"\/><\/p>\n<p>      Lommedals-duoen Elias Olsen og Marius B\u00f8rsheim hadde klokkertro p\u00e5 Norge.<br \/>\n      Foto: EVA GROVEN\n    <\/p>\n<p>   <img decoding=\"async\" width=\"6421\" height=\"4410\" fetchpriority=\"low\"  loading=\"lazy\"  src=\"https:\/\/www.europesays.com\/no\/wp-content\/uploads\/2026\/06\/NORGE-IRAK-362.jpg\" alt=\"NORGE-IRAK\" class=\"brick-c-cFOWSL\" style=\"--brick-image-ratio: 6421 \/ 4410;\"\/><\/p>\n<p>      Kathlyn JUrisson fra Estland f\u00e5r p\u00e5malt de norske fargene.<br \/>\n      Foto: EVA GROVEN\n    <\/p>\n<p>   <img decoding=\"async\" width=\"7312\" height=\"5104\" fetchpriority=\"low\"  loading=\"lazy\"  src=\"https:\/\/www.europesays.com\/no\/wp-content\/uploads\/2026\/06\/NORGE-IRAK-359.jpg\" alt=\"NORGE-IRAK\" class=\"brick-c-cFOWSL\" style=\"--brick-image-ratio: 7312 \/ 5104;\"\/><\/p>\n<p>      Ikke lett \u00e5 misforst\u00e5 hvem denne fyren heier p\u00e5.<br \/>\n      Foto: EVA GROVEN\n    <\/p>\n<p>   <img decoding=\"async\" width=\"7478\" height=\"5032\" fetchpriority=\"low\"  loading=\"lazy\"  src=\"https:\/\/www.europesays.com\/no\/wp-content\/uploads\/2026\/06\/NORGE-IRAK-363.jpg\" alt=\"NORGE-IRAK\" class=\"brick-c-cFOWSL\" style=\"--brick-image-ratio: 7478 \/ 5032;\"\/><\/p>\n<p>      K\u00f8ene var lange for \u00e5 f\u00e5 seg noe mat og drikke.<br \/>\n      Foto: EVA GROVEN\n    <\/p>\n<p>   <img decoding=\"async\" width=\"7826\" height=\"4978\" fetchpriority=\"low\"  loading=\"lazy\"  src=\"https:\/\/www.europesays.com\/no\/wp-content\/uploads\/2026\/06\/NORGE-IRAK-380 %281%29.jpg\" alt=\"NORGE-IRAK\" class=\"brick-c-cFOWSL\" style=\"--brick-image-ratio: 7826 \/ 4978;\"\/><\/p>\n<p>      Ro ro ro runget det, s\u00e5 gjenst\u00e5r det \u00e5 se hvor langt det norske laget kommer.<br \/>\n      Foto: EVA GROVEN\n    <\/p>\n","protected":false},"excerpt":{"rendered":"En halvtime f\u00f8r avspark i Boston var k\u00f8en lang p\u00e5 Kadettangen. Mange valgte \u00e5 droppe oppgj\u00f8ret mellom Frankrike&hellip;\n","protected":false},"author":2,"featured_media":269018,"comment_status":"","ping_status":"","sticky":false,"template":"","format":"standard","meta":{"footnotes":"","_share_on_mastodon":"0"},"categories":[59],"tags":[36,1839,4472,3184,30,28,29,83,82,23301],"class_list":["post-269017","post","type-post","status-publish","format-standard","has-post-thumbnail","category-sport","tag-art","tag-feature","tag-fotball-vm","tag-kadettangen","tag-no","tag-norge","tag-norway","tag-sport","tag-sports","tag-vm-fest"],"share_on_mastodon":{"url":"https:\/\/pubeurope.com\/@no\/116766062506695466","error":""},"_links":{"self":[{"href":"https:\/\/www.europesays.com\/no\/wp-json\/wp\/v2\/posts\/269017","targetHints":{"allow":["GET"]}}],"collection":[{"href":"https:\/\/www.europesays.com\/no\/wp-json\/wp\/v2\/posts"}],"about":[{"href":"https:\/\/www.europesays.com\/no\/wp-json\/wp\/v2\/types\/post"}],"author":[{"embeddable":true,"href":"https:\/\/www.europesays.com\/no\/wp-json\/wp\/v2\/users\/2"}],"replies":[{"embeddable":true,"href":"https:\/\/www.europesays.com\/no\/wp-json\/wp\/v2\/comments?post=269017"}],"version-history":[{"count":0,"href":"https:\/\/www.europesays.com\/no\/wp-json\/wp\/v2\/posts\/269017\/revisions"}],"wp:featuredmedia":[{"embeddable":true,"href":"https:\/\/www.europesays.com\/no\/wp-json\/wp\/v2\/media\/269018"}],"wp:attachment":[{"href":"https:\/\/www.europesays.com\/no\/wp-json\/wp\/v2\/media?parent=269017"}],"wp:term":[{"taxonomy":"category","embeddable":true,"href":"https:\/\/www.europesays.com\/no\/wp-json\/wp\/v2\/categories?post=269017"},{"taxonomy":"post_tag","embeddable":true,"href":"https:\/\/www.europesays.com\/no\/wp-json\/wp\/v2\/tags?post=269017"}],"curies":[{"name":"wp","href":"https:\/\/api.w.org\/{rel}","templated":true}]}}