{"id":269106,"date":"2026-06-17T19:58:14","date_gmt":"2026-06-17T19:58:14","guid":{"rendered":"https:\/\/www.europesays.com\/no\/269106\/"},"modified":"2026-06-17T19:58:14","modified_gmt":"2026-06-17T19:58:14","slug":"sjokkerte-storfavoritten-ronaldo-sloste","status":"publish","type":"post","link":"https:\/\/www.europesays.com\/no\/269106\/","title":{"rendered":"Sjokkerte storfavoritten \u2013 Ronaldo sl\u00f8ste"},"content":{"rendered":"\n<ul class=\"_list_145nj_3 _list_64s2r_85 _unordered_145nj_106 text-sans-m\">\n<li class=\"_item_145nj_30\">Portugal snublet i sin f\u00f8rste VM-kamp med 1\u20131 mot Kongo.<\/li>\n<li class=\"_item_145nj_30\">Yoane Wissa scoret Kongos f\u00f8rste VM-m\u00e5l noensinne p\u00e5 overtid av 1. omgang.<\/li>\n<li class=\"_item_145nj_30\">Ronaldo bommet flere ganger i 2. omgang og imponerte ikke kritikerne.<\/li>\n<li class=\"_item_145nj_30\">Fotballekspert Petter Veland mener Ronaldo er for d\u00e5rlig til \u00e5 starte for Portugal.<\/li>\n<\/ul>\n<p>Vis mer <\/p>\n<p class=\"_paragraph_145nj_4 _paragraph_6fko5_10 layout-component text-serif-m layout-normal text-serif-m layout-padded\"><strong class=\"_strong_145nj_25\">\u2013 Ronaldo er ikke i sin prime. Han er 41 \u00e5r. Han har spilt i en liga som ikke er i n\u00e6rheten av toppligaene i Europa, sa ekspert Joakim Jonsson p\u00e5 VGs sending etter kampen.<\/strong><\/p>\n<p class=\"_paragraph_145nj_4 _paragraph_6fko5_10 layout-component text-serif-m layout-normal text-serif-m layout-padded\">Ronaldo fikk flere gode sjanser til \u00e5 score, men det ville seg ikke for 41-\u00e5ringen.<\/p>\n<p class=\"_paragraph_145nj_4 _paragraph_6fko5_10 layout-component text-serif-m layout-normal text-serif-m layout-padded\">\u2013 Jeg skj\u00f8nner ikke alt Roberto Mart\u00ednez gj\u00f8r som trener. Cristiano Ronaldo var knapt involvert. Mart\u00ednez m\u00e5 v\u00e5ge \u00e5 ta styringen. Akkurat n\u00e5 virker det ikke som om han er den egentlige sjefen for <a href=\"https:\/\/www.vg.no\/tag\/portugal?utm_source=vg-article&amp;utm_medium=auto-tagger&amp;utm_campaign=M7jK00\" class=\"_link_145nj_39\" rel=\"nofollow noopener\" target=\"_blank\">Portugal<\/a>, sa Chris Sutton p\u00e5 BBC.<\/p>\n<p><img alt=\"Wissa jublet for 1\u20131.  Foto: Annegret Hilse \/ Reuters \/ NTB\" class=\"_image_jw3bv_65 layout-component layout-normal\" data-fullscreen- data-track-element-type=\"Article image fullscreen\" data-track-name=\"ImageFullscreen\" decoding=\"async\" loading=\"lazy\" height=\"1497\" itemprop=\"image\"  src=\"https:\/\/www.europesays.com\/no\/wp-content\/uploads\/2026\/06\/fa698c98-6500-3e68-8659-6aead8438181.jpeg\"  style=\"object-position:0% 0%\" width=\"2236\"\/>Wissa jublet for 1\u20131.  Foto: Annegret Hilse \/ Reuters \/ NTB<\/p>\n<p class=\"_paragraph_145nj_4 _paragraph_6fko5_10 layout-component text-serif-m layout-normal text-serif-m layout-padded\">Der Ronaldo bommet p\u00e5 to store sjanser han fikk i 2. omgang, var Kongo mer effektive i sitt etterlengtede VM-comeback.<\/p>\n<p class=\"_paragraph_145nj_4 _paragraph_6fko5_10 layout-component text-serif-m layout-normal text-serif-m layout-padded\"><strong class=\"_strong_145nj_25\">Fem minutter p\u00e5 overtid i 1. omgang gikk Yoane Wissa til v\u00e6rs og stanget inn 1\u20131.<\/strong><\/p>\n<p class=\"_paragraph_145nj_4 _paragraph_6fko5_10 layout-component text-serif-m layout-normal text-serif-m layout-padded\">Hodest\u00f8tet fra Wissa, som bare scoret ett Premier League-m\u00e5l for Newcastle denne sesongen, var Kongos f\u00f8rste VM-m\u00e5l noensinne.<\/p>\n<p class=\"_paragraph_145nj_4 _paragraph_6fko5_10 layout-component text-serif-m layout-normal text-serif-m layout-padded\">Kongo, som den gangen gikk under navnet Zaire, deltok sist i et VM i 1974. Den gangen endte det med tre tap, blant annet hele 0\u20139 mot Jugoslavia.<\/p>\n<p class=\"_paragraph_145nj_4 _paragraph_6fko5_10 layout-component text-serif-m layout-normal text-serif-m layout-padded\"><strong class=\"_strong_145nj_25\">\u2013 En briljant avslutning, sa tidligere England-spiss Chris Sutton p\u00e5 BBCs sending.<\/strong><\/p>\n<p class=\"_paragraph_145nj_4 _paragraph_6fko5_10 layout-component text-serif-m layout-normal text-serif-m layout-padded\">F\u00f8r utligningen tydet mye p\u00e5 at storfavoritten Portugal gikk mot en komfortabel seier.<\/p>\n<p class=\"_paragraph_145nj_4 _paragraph_6fko5_10 layout-component text-serif-m layout-normal text-serif-m layout-padded\"><strong class=\"_strong_145nj_25\">Joao Neves headet Portugal i ledelsen etter seks minutter, etter et innlegg fra Pedro Neto.<\/strong><\/p>\n<p class=\"_paragraph_145nj_4 _paragraph_6fko5_10 layout-component text-serif-m layout-normal text-serif-m layout-padded\">Portugal styrte mye og hadde til pause over 80 prosent ballinnehav, men klarte ikke \u00e5 stoppe Wissa fra \u00e5 utligne like f\u00f8r hvilen.<\/p>\n<p class=\"_paragraph_145nj_4 _paragraph_6fko5_10 layout-component text-serif-m layout-normal text-serif-m layout-padded\">Storfavorittene fra Portugal klarte heller ikke \u00e5 f\u00e5 det avgj\u00f8rende m\u00e5let i 2. omgang.<\/p>\n<p><img alt=\"Joao Neves og Ronaldo feiret 1\u20130.  Foto: MIGUEL A. LOPES \/ EPA \/ NTB\" class=\"_image_jw3bv_65 layout-component layout-normal\" data-fullscreen- data-track-element-type=\"Article image fullscreen\" data-track-name=\"ImageFullscreen\" decoding=\"async\" loading=\"lazy\" height=\"1775\" itemprop=\"image\"  src=\"https:\/\/www.europesays.com\/no\/wp-content\/uploads\/2026\/06\/e04b038d-13c1-3cf3-a7ab-fffe20b4c229.jpeg\"  style=\"object-position:0% 0%\" width=\"2662\"\/>Joao Neves og Ronaldo feiret 1\u20130.  Foto: MIGUEL A. LOPES \/ EPA \/ NTB<\/p>\n<p class=\"_paragraph_145nj_4 _paragraph_6fko5_10 layout-component text-serif-m layout-normal text-serif-m layout-padded\">Og Ronaldo gjorde alts\u00e5 lite for \u00e5 imponere kritikerne.<\/p>\n<p class=\"_paragraph_145nj_4 _paragraph_6fko5_10 layout-component text-serif-m layout-normal text-serif-m layout-padded\">\u2013 Kan Portugal lykkes i et VM i 2026 med denne mannen p\u00e5 topp, spurte programleder Vegard Aulstad i VGs sending.<\/p>\n<p class=\"_paragraph_145nj_4 _paragraph_6fko5_10 layout-component text-serif-m layout-normal text-serif-m layout-padded\">\u2013 Slik det ser ut n\u00e5, kan man ikke det. Samtidig m\u00e5 vi se p\u00e5 hva som er alternativene. Ronaldo kommer til \u00e5 starte neste kamp, og den etter det. Det er jeg nesten 100 prosent sikker p\u00e5, sier Joacim Jonsson.<\/p>\n<p><img alt=\"En frustrert Ronaldo i 1. omgang.  Foto: MOLLY DARLINGTON \/ AFP \/ NTB\" class=\"_image_jw3bv_65 layout-component layout-normal\" data-fullscreen- data-track-element-type=\"Article image fullscreen\" data-track-name=\"ImageFullscreen\" decoding=\"async\" loading=\"lazy\" height=\"2646\" itemprop=\"image\"  src=\"https:\/\/www.europesays.com\/no\/wp-content\/uploads\/2026\/06\/46bd26a9-0b39-38e6-adbc-54d5b068279c.jpeg\"  style=\"object-position:0% 0%\" width=\"3739\"\/>En frustrert Ronaldo i 1. omgang.  Foto: MOLLY DARLINGTON \/ AFP \/ NTB<\/p>\n<p class=\"_paragraph_145nj_4 _paragraph_6fko5_10 layout-component text-serif-m layout-normal text-serif-m layout-padded\">Chris Sutton mente det var vondt \u00e5 se p\u00e5 Portugal.<\/p>\n<p class=\"_paragraph_145nj_4 _paragraph_6fko5_10 layout-component text-serif-m layout-normal text-serif-m layout-padded\"><strong class=\"_strong_145nj_25\">\u2013 En sv\u00e6rt tannl\u00f8s, flat og energil\u00f8s forestilling, oppsummerte den tidligere England-spissen.<\/strong><\/p>\n<p class=\"_paragraph_145nj_4 _paragraph_6fko5_10 layout-component text-serif-m layout-normal text-serif-m layout-padded\">Ogs\u00e5 f\u00f8r kampen snakket de fleste om Cristiano Ronaldo. I likhet med \u00aberkerivalen\u00bb Lionel Messi har han n\u00e5 spilt i seks VM-sluttspill.<\/p>\n<p class=\"_paragraph_145nj_4 _paragraph_6fko5_10 layout-component text-serif-m layout-normal text-serif-m layout-padded\"><strong class=\"_strong_145nj_25\">Men der Messi natt til onsdag norsk tid scoret hattrick og tangerte Miroslav Kloses 16 VM-m\u00e5l, st\u00e5r Ronaldo med \u00abbare\u00bb \u00e5tte.<\/strong><\/p>\n<p class=\"_paragraph_145nj_4 _paragraph_6fko5_10 layout-component text-serif-m layout-normal text-serif-m layout-padded\">Er egentlig Ronaldo god nok til \u00e5 starte for Portugal i et VM?<\/p>\n<p class=\"_paragraph_145nj_4 _paragraph_6fko5_10 layout-component text-serif-m layout-normal text-serif-m layout-padded\">Flere mener nei.<\/p>\n<p class=\"_paragraph_145nj_4 _paragraph_6fko5_10 layout-component text-serif-m layout-normal text-serif-m layout-padded\">\u2013 Det er jeg krystallklar p\u00e5. S\u00e5 f\u00e5r han eventuelt motbevise meg og alle andre hvis han mener at vi tar feil, sa Veland til <a href=\"https:\/\/www.vg.no\/sport\/i\/OkjqOE\/mener-ronaldo-er-for-daarlig-en-gigantisk-elefant-i-rommet\" data-track-element-type=\"Link\" data-track-id=\"link:OkjqOE\" class=\"_link_145nj_39\" rel=\"nofollow noopener\" target=\"_blank\">VG<\/a> f\u00f8r kampen.<\/p>\n<p class=\"_paragraph_145nj_4 _paragraph_6fko5_10 layout-component text-serif-m layout-normal text-serif-m layout-padded\"><strong class=\"_strong_145nj_25\">\u2013 Det er en gigantisk elefant i rommet med Cristiano Ronaldo som skal v\u00e6re nummer ni for Portugal i VM 2026, mener Veland.<\/strong><\/p>\n<p class=\"_paragraph_145nj_4 _paragraph_6fko5_10 layout-component text-serif-m layout-normal text-serif-m layout-padded\">\u2013 Ronaldo er mest opptatt av egne rekorder. Det kan g\u00e5 p\u00e5 bekostning av laget, sa John Carew i NRK-studio f\u00f8r kampstart.<\/p>\n<p class=\"_paragraph_145nj_4 _paragraph_6fko5_10 layout-component text-serif-m layout-normal text-serif-m layout-padded\">Ronaldo hadde 25 ballber\u00f8ringer mot Kongo.<\/p>\n<p class=\"_paragraph_145nj_4 _paragraph_6fko5_10 layout-component text-serif-m layout-normal text-serif-m layout-padded\">Han har aldri hatt f\u00e6rre i en fullf\u00f8rt mesterskapskamp, if\u00f8lge OptaJoe.<\/p>\n<p class=\"_paragraph_145nj_4 _paragraph_6fko5_10 layout-component text-serif-m layout-normal text-serif-m layout-padded\">Det er ogs\u00e5 mer statistikk som taler imot Ronaldo om dagen:<\/p>\n<p class=\"_root_1xq52_1\" lang=\"en\" dir=\"auto\">0 &#8211; Cristiano Ronaldo has now gone 10 consecutive major tournament games without scoring for Portugal (FIFA World Cup\/EURO):<\/p>\n<p>33 shots<br \/>\n11 on target<br \/>\n0 goals<\/p>\n<p>Drought.<\/p>\n","protected":false},"excerpt":{"rendered":"Portugal snublet i sin f\u00f8rste VM-kamp med 1\u20131 mot Kongo. Yoane Wissa scoret Kongos f\u00f8rste VM-m\u00e5l noensinne p\u00e5&hellip;\n","protected":false},"author":2,"featured_media":269107,"comment_status":"","ping_status":"","sticky":false,"template":"","format":"standard","meta":{"footnotes":"","_share_on_mastodon":"0"},"categories":[59],"tags":[1288,4472,11851,3408,30,28,29,4495,161,83,82,23304],"class_list":["post-269106","post","type-post","status-publish","format-standard","has-post-thumbnail","category-sport","tag-cristiano-ronaldo","tag-fotball-vm","tag-kongo","tag-lionel-messi","tag-no","tag-norge","tag-norway","tag-portugal","tag-premier-league","tag-sport","tag-sports","tag-yoane-wissa"],"share_on_mastodon":{"url":"https:\/\/pubeurope.com\/@no\/116767222246027547","error":""},"_links":{"self":[{"href":"https:\/\/www.europesays.com\/no\/wp-json\/wp\/v2\/posts\/269106","targetHints":{"allow":["GET"]}}],"collection":[{"href":"https:\/\/www.europesays.com\/no\/wp-json\/wp\/v2\/posts"}],"about":[{"href":"https:\/\/www.europesays.com\/no\/wp-json\/wp\/v2\/types\/post"}],"author":[{"embeddable":true,"href":"https:\/\/www.europesays.com\/no\/wp-json\/wp\/v2\/users\/2"}],"replies":[{"embeddable":true,"href":"https:\/\/www.europesays.com\/no\/wp-json\/wp\/v2\/comments?post=269106"}],"version-history":[{"count":0,"href":"https:\/\/www.europesays.com\/no\/wp-json\/wp\/v2\/posts\/269106\/revisions"}],"wp:featuredmedia":[{"embeddable":true,"href":"https:\/\/www.europesays.com\/no\/wp-json\/wp\/v2\/media\/269107"}],"wp:attachment":[{"href":"https:\/\/www.europesays.com\/no\/wp-json\/wp\/v2\/media?parent=269106"}],"wp:term":[{"taxonomy":"category","embeddable":true,"href":"https:\/\/www.europesays.com\/no\/wp-json\/wp\/v2\/categories?post=269106"},{"taxonomy":"post_tag","embeddable":true,"href":"https:\/\/www.europesays.com\/no\/wp-json\/wp\/v2\/tags?post=269106"}],"curies":[{"name":"wp","href":"https:\/\/api.w.org\/{rel}","templated":true}]}}