{"id":26911,"date":"2025-09-04T14:16:08","date_gmt":"2025-09-04T14:16:08","guid":{"rendered":"https:\/\/www.europesays.com\/no\/26911\/"},"modified":"2025-09-04T14:16:08","modified_gmt":"2025-09-04T14:16:08","slug":"love-island-par-er-forlovet","status":"publish","type":"post","link":"https:\/\/www.europesays.com\/no\/26911\/","title":{"rendered":"Love Island-par er forlovet"},"content":{"rendered":"\n<p class=\"_lead_ew2ao_2 _lead_xtcu6_50 layout-component text-serif-m layout-normal text-serif-l layout-component layout-wide layout-padded _wide_17hqh_1 layout-padded\">Molly Smith (31) og Tom Clare (26) delte romantiske bilder fra frieriet i Dubai.<\/p>\n<p><img alt=\" Foto: Ian West \/ Pa Photos \/ NTB\" class=\"_image_qp4xg_65 layout-component layout-wide\" data-fullscreen- data-track-element-type=\"Article image fullscreen\" data-track-name=\"ImageFullscreen\" fetchpriority=\"high\" decoding=\"sync\" loading=\"eager\" height=\"5832\" itemprop=\"image\"  src=\"https:\/\/www.europesays.com\/no\/wp-content\/uploads\/2025\/09\/9a46cb8c-56e8-466e-bc8c-48d16f3e2cfc\"  style=\"object-position:49.80769230769231% 26.9718792866941%\" width=\"3640\"\/> Foto: Ian West \/ Pa Photos \/ NTB<\/p>\n<ul aria-hidden=\"true\" class=\"_images_1y6fe_106\">\n<li><a class=\"_link_1y6fe_111\" href=\"https:\/\/www.vg.no\/forfatter\/hannah-solstad-klepp\" style=\"z-index:1\" title=\"Hannah Solstad Klepp\" rel=\"nofollow noopener\" target=\"_blank\"><img alt=\"Bilde av Hannah Solstad Klepp\" class=\"_image_1y6fe_88\" fetchpriority=\"low\" loading=\"lazy\" decoding=\"async\" itemprop=\"image\"  src=\"https:\/\/www.europesays.com\/no\/wp-content\/uploads\/2025\/09\/1756995368_752_f811f9c1-64f7-4c50-9133-b5735831a650\"  width=\"480\"\/><\/a><\/li>\n<\/ul>\n<p> Oppdatert torsdag 4. september kl. 16:07     <\/p>\n<p class=\"_paragraph_ew2ao_4 _paragraph_xtcu6_10 layout-component text-serif-m layout-normal text-serif-m layout-padded\">Paret m\u00f8ttes p\u00e5 Love Island: All Stars 2024, som de ogs\u00e5 vant sammen. <\/p>\n<p class=\"_paragraph_ew2ao_4 _paragraph_xtcu6_10 layout-component text-serif-m layout-normal text-serif-m layout-padded\">31-\u00e5ringen str\u00e5ler i en hvit silkekjole mens hun viser frem forlovelsesringen. Paret er omgitt av stearinlys og hvite blomster. <\/p>\n<p class=\"_paragraph_ew2ao_4 _paragraph_xtcu6_10 layout-component text-serif-m layout-normal text-serif-m layout-padded\">\u2013 SHE SAID YES!!!, skrev Clare til bildene som viser at han l\u00f8fter forloveden.<\/p>\n<p class=\"_paragraph_ew2ao_4 _paragraph_xtcu6_10 layout-component text-serif-m layout-normal text-serif-m layout-padded\">Deres kjente venner fra Love Island-universet gratulerer paret i kommentarfeltet. Blant annet Liberty Poole, Paige Thorne og Luca Bish. <\/p>\n<p class=\"_paragraph_ew2ao_4 _paragraph_xtcu6_10 layout-component text-serif-m layout-normal text-serif-m layout-padded\">Molly var opprinnelig med i vintersesongen av Love Island i 2020, hvor hun m\u00f8tte sin dav\u00e6rende kj\u00e6reste Callum Jones. P\u00e5 All Stars valgte hun imidlertid \u00e5 satse p\u00e5 forholdet med Tom i stedet for \u00e5 gjenopplive romansen med Callum.<\/p>\n<p class=\"_paragraph_ew2ao_4 _paragraph_xtcu6_10 layout-component text-serif-m layout-normal text-serif-m layout-padded\">Siden seieren har paret kj\u00f8pt sitt f\u00f8rste hjem sammen og flyttet inn i Manchester. Molly har ogs\u00e5 sikret seg lukrative avtaler med flere store merkevarer.<\/p>\n<p class=\"_paragraph_ew2ao_4 _paragraph_xtcu6_10 layout-component text-serif-m layout-normal text-serif-m layout-padded\">If\u00f8lge\u00a0<a href=\"https:\/\/www.dailymail.co.uk\/tvshowbiz\/article-15065081\/Love-Islands-Molly-Smith-Tom-Clare-engaged-Pair-share-sweet-proposal-snaps-Dubai-meeting-Stars-series.html\" class=\"_link_ew2ao_39\" rel=\"nofollow noopener\" target=\"_blank\">Daily Mail<\/a>\u00a0hadde fansen tidligere spekulert i om paret hadde forlovet seg under en tidligere ferie.<\/p>\n<p>Les ogs\u00e5<\/p>\n","protected":false},"excerpt":{"rendered":"Molly Smith (31) og Tom Clare (26) delte romantiske bilder fra frieriet i Dubai. Foto: Ian West \/&hellip;\n","protected":false},"author":2,"featured_media":26912,"comment_status":"","ping_status":"","sticky":false,"template":"","format":"standard","meta":{"footnotes":""},"categories":[58],"tags":[71,3083,4347,30,28,29,4348,72],"class_list":{"0":"post-26911","1":"post","2":"type-post","3":"status-publish","4":"format-standard","5":"has-post-thumbnail","7":"category-underholdning","8":"tag-entertainment","9":"tag-forlovelse","10":"tag-molly-smith","11":"tag-no","12":"tag-norge","13":"tag-norway","14":"tag-tom-clare","15":"tag-underholdning"},"share_on_mastodon":{"url":"","error":""},"_links":{"self":[{"href":"https:\/\/www.europesays.com\/no\/wp-json\/wp\/v2\/posts\/26911","targetHints":{"allow":["GET"]}}],"collection":[{"href":"https:\/\/www.europesays.com\/no\/wp-json\/wp\/v2\/posts"}],"about":[{"href":"https:\/\/www.europesays.com\/no\/wp-json\/wp\/v2\/types\/post"}],"author":[{"embeddable":true,"href":"https:\/\/www.europesays.com\/no\/wp-json\/wp\/v2\/users\/2"}],"replies":[{"embeddable":true,"href":"https:\/\/www.europesays.com\/no\/wp-json\/wp\/v2\/comments?post=26911"}],"version-history":[{"count":0,"href":"https:\/\/www.europesays.com\/no\/wp-json\/wp\/v2\/posts\/26911\/revisions"}],"wp:featuredmedia":[{"embeddable":true,"href":"https:\/\/www.europesays.com\/no\/wp-json\/wp\/v2\/media\/26912"}],"wp:attachment":[{"href":"https:\/\/www.europesays.com\/no\/wp-json\/wp\/v2\/media?parent=26911"}],"wp:term":[{"taxonomy":"category","embeddable":true,"href":"https:\/\/www.europesays.com\/no\/wp-json\/wp\/v2\/categories?post=26911"},{"taxonomy":"post_tag","embeddable":true,"href":"https:\/\/www.europesays.com\/no\/wp-json\/wp\/v2\/tags?post=26911"}],"curies":[{"name":"wp","href":"https:\/\/api.w.org\/{rel}","templated":true}]}}