{"id":269530,"date":"2026-06-18T06:21:10","date_gmt":"2026-06-18T06:21:10","guid":{"rendered":"https:\/\/www.europesays.com\/no\/269530\/"},"modified":"2026-06-18T06:21:10","modified_gmt":"2026-06-18T06:21:10","slug":"jennifer-lopez-apner-opp-om-affleck-skilsmissen-du-ma-fikse-deg-selv","status":"publish","type":"post","link":"https:\/\/www.europesays.com\/no\/269530\/","title":{"rendered":"Jennifer Lopez \u00e5pner opp om Affleck-skilsmissen: \u2013 Du m\u00e5 fikse deg selv"},"content":{"rendered":"\n<p class=\"_lead_145nj_2 _lead_6fko5_53 layout-component text-serif-m layout-normal text-serif-l layout-component layout-wide layout-padded _wide_17hqh_1 layout-padded\">\u2013 Det er ingen andre \u00e5 skylde p\u00e5 enn deg selv, sier popstjernen.<\/p>\n<p><img alt=\" Foto: Millie Turner \/ AP \/ NTB\" class=\"_image_jw3bv_65 layout-component layout-wide\" data-fullscreen- data-track-element-type=\"Article image fullscreen\" data-track-name=\"ImageFullscreen\" fetchpriority=\"high\" decoding=\"sync\" loading=\"eager\" height=\"3541\" itemprop=\"image\"  src=\"https:\/\/www.europesays.com\/no\/wp-content\/uploads\/2026\/06\/68a32ff5-108a-34a0-bccc-62ca5040787d.jpeg\"  style=\"object-position:0% 0%\" width=\"5309\"\/> Foto: Millie Turner \/ AP \/ NTB<\/p>\n<ul aria-hidden=\"true\" class=\"_images_ntbth_112\">\n<li><a class=\"_link_ntbth_117\" href=\"https:\/\/www.vg.no\/forfatter\/hege-varsi\" style=\"z-index:1\" title=\"Hege Varsi\" rel=\"nofollow noopener\" target=\"_blank\"><img alt=\"Bilde av Hege Varsi\" class=\"_image_ntbth_93\" fetchpriority=\"low\" loading=\"lazy\" decoding=\"async\" itemprop=\"image\"  src=\"https:\/\/www.europesays.com\/no\/wp-content\/uploads\/2026\/06\/1781763670_792_d48c09ee-ae08-4a71-8e5b-8db7c6b4f37d.jpeg\"  width=\"480\"\/><\/a><\/li>\n<\/ul>\n<p> Oppdatert torsdag 18. juni kl. 07:42     <\/p>\n<p class=\"_paragraph_145nj_4 _paragraph_6fko5_10 layout-component text-serif-m layout-normal text-serif-m layout-padded\"><a href=\"https:\/\/www.vg.no\/tag\/jennifer-lopez?utm_source=vg-article&amp;utm_medium=auto-tagger&amp;utm_campaign=n146gQ\" class=\"_link_145nj_39\" rel=\"nofollow noopener\" target=\"_blank\">Jennifer Lopez<\/a> (56) snakker n\u00e5 ut om tiden etter det h\u00f8yprofilerte bruddet med Ben Affleck (53). Paret ble skilt i januar 2025, etter at Lopez leverte inn skilsmissepapirene i august 2024.<\/p>\n<p class=\"_paragraph_145nj_4 _paragraph_6fko5_10 layout-component text-serif-m layout-normal text-serif-m layout-padded\">Det var i podkasten \u00abSmartLess\u00bb, med programlederne Will Arnett, Jason Bateman og Sean Hayes, at Lopez \u00e5pnet opp om den t\u00f8ffe perioden, <a href=\"https:\/\/people.com\/jennifer-lopez-told-herself-to-figure-yourself-out-post-ben-affleck-divorce-11998709\" class=\"_link_145nj_39\" rel=\"nofollow noopener\" target=\"_blank\">melder People<\/a>.<\/p>\n<p class=\"_paragraph_145nj_4 _paragraph_6fko5_10 layout-component text-serif-m layout-normal text-serif-m layout-padded\">Sangerinnen og skuespilleren forteller at hun nylig har flyttet inn i et nytt hus, og at livet hennes har endret seg drastisk de siste \u00e5rene.<\/p>\n<p class=\"_paragraph_145nj_4 _paragraph_6fko5_10 layout-component text-serif-m layout-normal text-serif-m layout-padded\">\u2013 De siste tjue \u00e5rene har v\u00e6rt \u00e9n ting, de siste fem \u00e5rene har v\u00e6rt en oppstandelse, og de siste to \u00e5rene har v\u00e6rt en slags helingsprosess fra den oppstandelsen, der jeg virkelig ble kjent med meg selv, sier Lopez if\u00f8lge People.<\/p>\n<p><img alt=\"Ben Affleck og Jennifer Lopez var gift fra 2022 til 2025.  Foto: ROBYN BECK \/ AFP \/ NTB\" class=\"_image_jw3bv_65 layout-component layout-normal\" data-fullscreen- data-track-element-type=\"Article image fullscreen\" data-track-name=\"ImageFullscreen\" decoding=\"async\" loading=\"lazy\" height=\"2960\" itemprop=\"image\"  src=\"https:\/\/www.europesays.com\/no\/wp-content\/uploads\/2026\/06\/dc63e1da-e590-3356-ba9e-8fa956c6cb32.jpeg\"  style=\"object-position:0% 0%\" width=\"4056\"\/>Ben Affleck og Jennifer Lopez var gift fra 2022 til 2025.  Foto: ROBYN BECK \/ AFP \/ NTBAvlyste turneen<\/p>\n<p class=\"_paragraph_145nj_4 _paragraph_6fko5_10 layout-component text-serif-m layout-normal text-serif-m layout-padded\">Lopez beskriver hvordan hun m\u00e5tte ta et oppgj\u00f8r med seg selv etter skilsmissen. Hun avlyste turneen sin og satte seg ned for \u00e5 reflektere.<\/p>\n<p class=\"_paragraph_145nj_4 _paragraph_6fko5_10 layout-component text-serif-m layout-normal text-serif-m layout-padded\">\u2013 Etter den siste skilsmissen, satt jeg bare der, jeg avlyste turneen min, og tenkte bare: \u00abDu m\u00e5 faen meg finne ut av deg selv. Hva er det som skjer med deg? Glem alle andre. Det er ingen \u00e5 skylde p\u00e5 her, bortsett fra deg selv\u00bb, sier hun if\u00f8lge People.<\/p>\n<p class=\"_paragraph_145nj_4 _paragraph_6fko5_10 layout-component text-serif-m layout-normal text-serif-m layout-padded\">Hun forteller ogs\u00e5 at hun har f\u00f8lt at livet hennes \u00abeksploderte i ansiktet\u00bb p\u00e5 henne, uten at hun nevnte spesifikke hendelser.<\/p>\n<p class=\"_paragraph_145nj_4 _paragraph_6fko5_10 layout-component text-serif-m layout-normal text-serif-m layout-padded\">\u2013 Det var p\u00e5 grunn av valgene jeg tok, men ogs\u00e5 fordi jeg hadde ting jeg trengte \u00e5 endre ved meg selv, som jeg ikke forsto eller gjenkjente, sier hun.<\/p>\n<p>Fortsatt venner<\/p>\n<p class=\"_paragraph_145nj_4 _paragraph_6fko5_10 layout-component text-serif-m layout-normal text-serif-m layout-padded\">Lopez og Affleck var kjent som \u00abBennifer\u00bb allerede tidlig p\u00e5 2000-tallet, da de var forlovet. De gjorde det slutt i 2004, men gjenopptok forholdet i 2021 og giftet seg i Las Vegas i 2022.<\/p>\n<p class=\"_paragraph_145nj_4 _paragraph_6fko5_10 layout-component text-serif-m layout-normal text-serif-m layout-padded\">Til tross for skilsmissen, ser de to ut til \u00e5 ha holdt et godt forhold. Affleck dukket opp p\u00e5 premieren til Lopez sin film \u00abKiss of the Spider-Woman\u00bb i oktober for \u00e5 st\u00f8tte henne, if\u00f8lge People.<\/p>\n<p class=\"_paragraph_145nj_4 _paragraph_6fko5_10 layout-component text-serif-m layout-normal text-serif-m layout-padded\">Lopez deler barna Emme og Max med eksmannen Marc Anthony. Tvillingene skal begynne p\u00e5 college til h\u00f8sten, noe hun beskriver som en emosjonell tid.<\/p>\n<p class=\"_paragraph_145nj_4 _paragraph_6fko5_10 layout-component text-serif-m layout-normal text-serif-m layout-padded\">\u2013 Personen jeg er i dag er s\u00e5 annerledes enn personen jeg var for bare to \u00e5r siden, det er helt sykt, sier hun.<\/p>\n<p class=\"_paragraph_145nj_4 _paragraph_6fko5_10 layout-component text-serif-m layout-normal text-serif-m layout-padded\">Lopez er n\u00e5 aktuell med den nye Netflix-romkomedien \u00abOffice Romance\u00bb, skrevet av \u00abTed Lasso\u00bb-stjernen Brett Goldstein.<\/p>\n","protected":false},"excerpt":{"rendered":"\u2013 Det er ingen andre \u00e5 skylde p\u00e5 enn deg selv, sier popstjernen. Foto: Millie Turner \/ AP&hellip;\n","protected":false},"author":2,"featured_media":269531,"comment_status":"","ping_status":"","sticky":false,"template":"","format":"standard","meta":{"footnotes":"","_share_on_mastodon":"0"},"categories":[58],"tags":[7454,71,7455,30,28,29,72,46],"class_list":["post-269530","post","type-post","status-publish","format-standard","has-post-thumbnail","category-underholdning","tag-ben-affleck","tag-entertainment","tag-jennifer-lopez","tag-no","tag-norge","tag-norway","tag-underholdning","tag-vgai"],"share_on_mastodon":{"url":"https:\/\/pubeurope.com\/@no\/116769671975145836","error":""},"_links":{"self":[{"href":"https:\/\/www.europesays.com\/no\/wp-json\/wp\/v2\/posts\/269530","targetHints":{"allow":["GET"]}}],"collection":[{"href":"https:\/\/www.europesays.com\/no\/wp-json\/wp\/v2\/posts"}],"about":[{"href":"https:\/\/www.europesays.com\/no\/wp-json\/wp\/v2\/types\/post"}],"author":[{"embeddable":true,"href":"https:\/\/www.europesays.com\/no\/wp-json\/wp\/v2\/users\/2"}],"replies":[{"embeddable":true,"href":"https:\/\/www.europesays.com\/no\/wp-json\/wp\/v2\/comments?post=269530"}],"version-history":[{"count":0,"href":"https:\/\/www.europesays.com\/no\/wp-json\/wp\/v2\/posts\/269530\/revisions"}],"wp:featuredmedia":[{"embeddable":true,"href":"https:\/\/www.europesays.com\/no\/wp-json\/wp\/v2\/media\/269531"}],"wp:attachment":[{"href":"https:\/\/www.europesays.com\/no\/wp-json\/wp\/v2\/media?parent=269530"}],"wp:term":[{"taxonomy":"category","embeddable":true,"href":"https:\/\/www.europesays.com\/no\/wp-json\/wp\/v2\/categories?post=269530"},{"taxonomy":"post_tag","embeddable":true,"href":"https:\/\/www.europesays.com\/no\/wp-json\/wp\/v2\/tags?post=269530"}],"curies":[{"name":"wp","href":"https:\/\/api.w.org\/{rel}","templated":true}]}}