{"id":26961,"date":"2025-09-04T15:19:10","date_gmt":"2025-09-04T15:19:10","guid":{"rendered":"https:\/\/www.europesays.com\/no\/26961\/"},"modified":"2025-09-04T15:19:10","modified_gmt":"2025-09-04T15:19:10","slug":"zelenskyj-avviser-putins-moskva-invitasjon","status":"publish","type":"post","link":"https:\/\/www.europesays.com\/no\/26961\/","title":{"rendered":"Zelenskyj avviser Putins Moskva-invitasjon"},"content":{"rendered":"\n<p class=\"_lead_ew2ao_2 _lead_xtcu6_50 layout-component text-serif-m layout-normal text-serif-l layout-component layout-wide layout-padded _wide_17hqh_1 layout-padded\">Under et m\u00f8te med Ukrainas allierte, kom den ukrainske presidenten med stikk til sin russiske motpart.<\/p>\n<p><img alt=\" Foto: LUDOVIC MARIN \/ POOL \/ EPA \/ NTB\" class=\"_image_qp4xg_65 layout-component layout-wide\" data-fullscreen- data-track-element-type=\"Article image fullscreen\" data-track-name=\"ImageFullscreen\" fetchpriority=\"high\" decoding=\"sync\" loading=\"eager\" height=\"4330\" itemprop=\"image\"  src=\"https:\/\/www.europesays.com\/no\/wp-content\/uploads\/2025\/09\/d8ce7353-aaea-43a4-a624-82876d2f33ba\"  style=\"object-position:0% 0%\" width=\"6492\"\/> Foto: LUDOVIC MARIN \/ POOL \/ EPA \/ NTB<\/p>\n<ul aria-hidden=\"true\" class=\"_images_1y6fe_106\">\n<li><a class=\"_link_1y6fe_111\" href=\"https:\/\/www.vg.no\/forfatter\/isak-loeve-pilskog-loe\" style=\"z-index:2\" title=\"Isak L\u00f8ve Pilskog Loe\" rel=\"nofollow noopener\" target=\"_blank\"><img alt=\"Bilde av Isak L\u00f8ve Pilskog Loe\" class=\"_image_1y6fe_88\" fetchpriority=\"low\" loading=\"lazy\" decoding=\"async\" itemprop=\"image\"  src=\"https:\/\/www.europesays.com\/no\/wp-content\/uploads\/2025\/09\/1756999147_78_8b0354e3-bf53-460c-9c1c-790321a0c923\"  width=\"480\"\/><\/a><\/li>\n<li><a class=\"_link_1y6fe_111\" href=\"https:\/\/www.vg.no\/forfatter\/ntb\" style=\"z-index:1\" title=\"NTB\" rel=\"nofollow noopener\" target=\"_blank\"><img alt=\"Bilde av NTB\" class=\"_image_1y6fe_88\" fetchpriority=\"low\" loading=\"lazy\" decoding=\"async\" itemprop=\"image\"  src=\"https:\/\/www.europesays.com\/no\/wp-content\/uploads\/2025\/09\/1756999148_552_c33980b0-5d07-4027-84a1-813f90a7c8d6\"  width=\"480\"\/><\/a><\/li>\n<\/ul>\n<p> Oppdatert torsdag 4. september kl. 17:06     <\/p>\n<p class=\"_paragraph_ew2ao_4 _paragraph_xtcu6_10 layout-component text-serif-m layout-normal text-serif-m layout-padded\">Vladimir Putin sa onsdag at han er <a href=\"https:\/\/www.vg.no\/nyheter\/i\/pPzz01\/putin-klar-til-aa-maa-zelenskyj-i-moskva\" data-track-element-type=\"Link\" data-track-id=\"link:pPzz01\" class=\"_link_ew2ao_39\" rel=\"nofollow noopener\" target=\"_blank\">klar for \u00e5 m\u00f8te den ukrainske presidenten<\/a> \u2013 men under forutsetningen at Volodymyr Zelenskyj reiser til Russlands hovedstad.<\/p>\n<p class=\"_paragraph_ew2ao_4 _paragraph_xtcu6_10 layout-component text-serif-m layout-normal text-serif-m layout-padded\">\u2013 La Zelenskyj komme til Moskva, s\u00e5 vil m\u00f8tet finne sted, sa den russiske presidenten.<\/p>\n<p class=\"_paragraph_ew2ao_4 _paragraph_xtcu6_10 layout-component text-serif-m layout-normal text-serif-m layout-padded\">Det er ikke aktuelt, sier Zelenskyj under en pressekonferanse torsdag.<\/p>\n<p class=\"_paragraph_ew2ao_4 _paragraph_xtcu6_10 layout-component text-serif-m layout-normal text-serif-m layout-padded\">Zelenskyj sier at forslaget om at han skal komme til Moskva viser at Russland egentlig ikke \u00f8nsker at m\u00f8tet skal finne sted.<\/p>\n<p>Toppm\u00f8te om Ukrainas sikkerhet<\/p>\n<p class=\"_paragraph_ew2ao_4 _paragraph_xtcu6_10 layout-component text-serif-m layout-normal text-serif-m layout-padded\">Syv europeiske ledere m\u00f8tes fysisk i Paris i dag for det som kalles \u00abCoalition of the Willing\u00bb-m\u00f8tet, mens rundt 20 andre lands ledere deltar digitalt.<\/p>\n<p class=\"_paragraph_ew2ao_4 _paragraph_xtcu6_10 layout-component text-serif-m layout-normal text-serif-m layout-padded\">President Volodymyr Zelenskyj ankom Paris i g\u00e5r og vil v\u00e6re til stede p\u00e5 m\u00f8tet sammen med Frankrikes president Emmanuel Macron, if\u00f8lge \u00c9lys\u00e9e-palasset.<\/p>\n<p><img alt=\"Foto: LUDOVIC MARIN \/ POOL \/ EPA \/ NTB\" class=\"_image_qp4xg_65 layout-component layout-normal\" data-fullscreen- data-track-element-type=\"Article image fullscreen\" data-track-name=\"ImageFullscreen\" decoding=\"async\" loading=\"lazy\" height=\"3460\" itemprop=\"image\"  src=\"https:\/\/www.europesays.com\/no\/wp-content\/uploads\/2025\/09\/566a7376-d0f1-4cc3-bc05-7f0c1eb0cfe2\"  style=\"object-position:0% 0%\" width=\"5190\"\/>Foto: LUDOVIC MARIN \/ POOL \/ EPA \/ NTB<\/p>\n<p class=\"_paragraph_ew2ao_4 _paragraph_xtcu6_10 layout-component text-serif-m layout-normal text-serif-m layout-padded\">De andre europeiske lederne som m\u00f8ter fysisk er Belgias statsminister Bart De Wever, Nederlands statsminister Dick Schoof, Danmarks statsminister Mette Frederiksen, Finlands president Alexander Stubb, Polens statsminister Donald Tusk og Spanias statsminister Pedro S\u00e1nchez.<\/p>\n<p class=\"_paragraph_ew2ao_4 _paragraph_xtcu6_10 layout-component text-serif-m layout-normal text-serif-m layout-padded\">EU-toppene Ursula von der Leyen og Ant\u00f3nio Costa deltar ogs\u00e5 fysisk p\u00e5 m\u00f8tet.<\/p>\n<p>Bidrar til sikkerhet i fredstid<\/p>\n<p class=\"_paragraph_ew2ao_4 _paragraph_xtcu6_10 layout-component text-serif-m layout-normal text-serif-m layout-padded\">Frankrikes president Emmanuel Macron sier 26 land vil bidra til Ukrainas sikkerhet etter krigen.<\/p>\n<p class=\"_paragraph_ew2ao_4 _paragraph_xtcu6_10 layout-component text-serif-m layout-normal text-serif-m layout-padded\">Konkrete detaljer om hvordan bidraget skal skje, er enn\u00e5 ikke presentert. De 26 har gitt \u00abformell\u00bb tilslutning, if\u00f8lge Macron.<\/p>\n<p class=\"_paragraph_ew2ao_4 _paragraph_xtcu6_10 layout-component text-serif-m layout-normal text-serif-m layout-padded\">\u2013 I l\u00f8pet av de neste dagene skal USA ferdigstille sin st\u00f8tte til sikkerhetsgarantiene, sier den franske presidenten etter en telefon med president Donald Trump.<\/p>\n<p><img alt=\"Foto: LUDOVIC MARIN \/ AFP \/ NTB\" class=\"_image_qp4xg_65 layout-component layout-normal\" data-fullscreen- data-track-element-type=\"Article image fullscreen\" data-track-name=\"ImageFullscreen\" decoding=\"async\" loading=\"lazy\" height=\"3400\" itemprop=\"image\"  src=\"https:\/\/www.europesays.com\/no\/wp-content\/uploads\/2025\/09\/545cf968-f47c-407a-8fc8-c96c53969a8b\"  style=\"object-position:0% 0%\" width=\"5101\"\/>Foto: LUDOVIC MARIN \/ AFP \/ NTB<\/p>\n<p class=\"_paragraph_ew2ao_4 _paragraph_xtcu6_10 layout-component text-serif-m layout-normal text-serif-m layout-padded\">Macron ringte til Trump etter toppm\u00f8tet i Paris mellom representanter for land som st\u00f8tter Ukraina, der ogs\u00e5 Ukrainas president Volodymyr Zelenskyj og USAs utsending Steve Witkoff var til stede.<\/p>\n<p class=\"_paragraph_ew2ao_4 _paragraph_xtcu6_10 layout-component text-serif-m layout-normal text-serif-m layout-padded\">\u2013 Vi hadde en samtale med president Trump, og konklusjonen er enkel: I dagene som kommer, skal vi ferdigstille amerikansk st\u00f8tte og sikkerhetsgarantiene. USA har v\u00e6rt involvert i hvert skritt p\u00e5 veien, sa Macron.<\/p>\n<p class=\"_paragraph_ew2ao_4 _paragraph_xtcu6_10 layout-component text-serif-m layout-normal text-serif-m layout-padded\">I samtalen presset Trump europeiske land til \u00e5 stanse kj\u00f8p av russisk olje, som han sier finansierer Russlands krig mot Ukraina, if\u00f8lge Det hvite hus. <a href=\"https:\/\/commission.europa.eu\/news-and-media\/news\/commission-proposes-plan-phase-out-russian-gas-and-oil-imports-2025-06-17_en?utm_source=chatgpt.com\" class=\"_link_ew2ao_39\" rel=\"nofollow noopener\" target=\"_blank\">EU-kommisjonen<\/a> har foresl\u00e5tt \u00e5 fase ut import av russisk olje og gass innen 2028.<\/p>\n<p class=\"_paragraph_ew2ao_4 _paragraph_xtcu6_10 layout-component text-serif-m layout-normal text-serif-m layout-padded\">Trump sa de ogs\u00e5 m\u00e5 legge press p\u00e5 Kina som han mener finansierer den russiske krigsinnsatsen.<\/p>\n<p>Bred internasjonal oppslutning<\/p>\n<p class=\"_paragraph_ew2ao_4 _paragraph_xtcu6_10 layout-component text-serif-m layout-normal text-serif-m layout-padded\">Blant de som kobler seg p\u00e5 digitalt er Tysklands forbundskansler Friedrich Merz, Italias statsminister Giorgia Meloni og Storbritannias statsminister Keir Starmer.<\/p>\n<p class=\"_paragraph_ew2ao_4 _paragraph_xtcu6_10 layout-component text-serif-m layout-normal text-serif-m layout-padded\">Ogs\u00e5 Norges statsminister Jonas Gahr St\u00f8re deltar p\u00e5 det digitale m\u00f8tet, sammen med sine nordiske kolleger fra Sverige, Danmark og de baltiske landene.<\/p>\n<p><img alt=\"Foto: LUDOVIC MARIN \/ POOL \/ EPA \/ NTB\" class=\"_image_qp4xg_65 layout-component layout-normal\" data-fullscreen- data-track-element-type=\"Article image fullscreen\" data-track-name=\"ImageFullscreen\" decoding=\"async\" loading=\"lazy\" height=\"4810\" itemprop=\"image\"  src=\"https:\/\/www.europesays.com\/no\/wp-content\/uploads\/2025\/09\/19e3ac94-0f86-477a-817f-731fd382a9e1\"  style=\"object-position:0% 0%\" width=\"7215\"\/>Foto: LUDOVIC MARIN \/ POOL \/ EPA \/ NTB<\/p>\n<p class=\"_paragraph_ew2ao_4 _paragraph_xtcu6_10 layout-component text-serif-m layout-normal text-serif-m layout-padded\">NATO-sjef Mark Rutte f\u00f8lger m\u00f8tet digitalt. Det samme gj\u00f8r ledere fra land som Canada, Japan, Australia og New Zealand.<\/p>\n<p class=\"_paragraph_ew2ao_4 _paragraph_xtcu6_10 layout-component text-serif-m layout-normal text-serif-m layout-padded\">Totalt 33 land er representert p\u00e5 m\u00f8tet, if\u00f8lge \u00c9lys\u00e9e-palasset.<\/p>\n<p>Tre EU-land uteblir<\/p>\n<p class=\"_paragraph_ew2ao_4 _paragraph_xtcu6_10 layout-component text-serif-m layout-normal text-serif-m layout-padded\">Blant EU-medlemmene er det bare Slovakia, Ungarn og Malta som ikke deltar i m\u00f8tet.<\/p>\n<p class=\"_paragraph_ew2ao_4 _paragraph_xtcu6_10 layout-component text-serif-m layout-normal text-serif-m layout-padded\">\u00d8sterrike er representert ved utenriksminister Beate Meinl-Reisinger, mens Island sender utenriksminister Karin Gunnarsd\u00f3ttir. <\/p>\n<p class=\"_paragraph_ew2ao_4 _paragraph_xtcu6_10 layout-component text-serif-m layout-normal text-serif-m layout-padded\">Tyrkia deltar med visepresident Cevdet Y\u0131lmaz.<\/p>\n<p>    <img decoding=\"async\" alt=\"Tips oss illustrasjon\" width=\"62px\" height=\"auto\" src=\"https:\/\/www.europesays.com\/no\/wp-content\/uploads\/2025\/08\/1754784428_95_W9avJzE.png\"\/>    <\/p>\n<p class=\"title-serif-s\">Har du tips til oss?<\/p>\n<p class=\"text-sans-m\">Send oss informasjon, bilder eller video<\/p>\n<p>  <a href=\"https:\/\/www.vg.no\/tips-oss\" rel=\"nofollow noopener\" target=\"_blank\"> Tips oss <\/a>      <\/p>\n","protected":false},"excerpt":{"rendered":"Under et m\u00f8te med Ukrainas allierte, kom den ukrainske presidenten med stikk til sin russiske motpart. Foto: LUDOVIC&hellip;\n","protected":false},"author":2,"featured_media":26962,"comment_status":"","ping_status":"","sticky":false,"template":"","format":"standard","meta":{"footnotes":""},"categories":[12],"tags":[31,20,21,24,25,15,22,23,13,30,28,29,14,16,26,27,42,43,44,45],"class_list":{"0":"post-26961","1":"post","2":"type-post","3":"status-publish","4":"format-standard","5":"has-post-thumbnail","7":"category-verden","8":"tag-breaking","9":"tag-breaking-news","10":"tag-breakingnews","11":"tag-featured-news","12":"tag-featurednews","13":"tag-headlines","14":"tag-latest-news","15":"tag-latestnews","16":"tag-news","17":"tag-no","18":"tag-norge","19":"tag-norway","20":"tag-nyheter","21":"tag-overskrifter","22":"tag-top-stories","23":"tag-topstories","24":"tag-verden","25":"tag-world","26":"tag-world-news","27":"tag-worldnews"},"share_on_mastodon":{"url":"","error":""},"_links":{"self":[{"href":"https:\/\/www.europesays.com\/no\/wp-json\/wp\/v2\/posts\/26961","targetHints":{"allow":["GET"]}}],"collection":[{"href":"https:\/\/www.europesays.com\/no\/wp-json\/wp\/v2\/posts"}],"about":[{"href":"https:\/\/www.europesays.com\/no\/wp-json\/wp\/v2\/types\/post"}],"author":[{"embeddable":true,"href":"https:\/\/www.europesays.com\/no\/wp-json\/wp\/v2\/users\/2"}],"replies":[{"embeddable":true,"href":"https:\/\/www.europesays.com\/no\/wp-json\/wp\/v2\/comments?post=26961"}],"version-history":[{"count":0,"href":"https:\/\/www.europesays.com\/no\/wp-json\/wp\/v2\/posts\/26961\/revisions"}],"wp:featuredmedia":[{"embeddable":true,"href":"https:\/\/www.europesays.com\/no\/wp-json\/wp\/v2\/media\/26962"}],"wp:attachment":[{"href":"https:\/\/www.europesays.com\/no\/wp-json\/wp\/v2\/media?parent=26961"}],"wp:term":[{"taxonomy":"category","embeddable":true,"href":"https:\/\/www.europesays.com\/no\/wp-json\/wp\/v2\/categories?post=26961"},{"taxonomy":"post_tag","embeddable":true,"href":"https:\/\/www.europesays.com\/no\/wp-json\/wp\/v2\/tags?post=26961"}],"curies":[{"name":"wp","href":"https:\/\/api.w.org\/{rel}","templated":true}]}}