{"id":26963,"date":"2025-09-04T15:20:10","date_gmt":"2025-09-04T15:20:10","guid":{"rendered":"https:\/\/www.europesays.com\/no\/26963\/"},"modified":"2025-09-04T15:20:10","modified_gmt":"2025-09-04T15:20:10","slug":"strommer-til-stor-okning","status":"publish","type":"post","link":"https:\/\/www.europesays.com\/no\/26963\/","title":{"rendered":"Str\u00f8mmer til: &#8211; Stor \u00f8kning"},"content":{"rendered":"<p class=\"kicker bg-blue color_mobile_bg-blue hasTextPadding mobile-hasTextPadding\" style=\"\">Forh\u00e5ndsstemming<\/p>\n<p>  Snart er det siste frist f\u00f8r valgdagen.<\/p>\n<p>\n    VALG 2025: Torsdag ettermiddag er det k\u00f8dannelser utenfor stemmelokalet ved BI i Nydalen i Oslo. Foto: Mina Ridder-Nielsen Janssen\/Dagbladet\n  <\/p>\n<p>          <a href=\"https:\/\/www.dagbladet.no\/valg\/2025\" class=\"election2025\" style=\"width: 95%; max-width: 580px; margin: 0 auto; text-decoration: none; border: 0; display: flex; justify-content: flex-start;\" rel=\"nofollow noopener\" target=\"_blank\"><br \/>\n  <img decoding=\"async\" src=\"https:\/\/graphics.dbstatic.no\/Grafikk\/valg\/2025\/valg_logo.svg\" alt=\"Valg logo\" style=\"width: 200px;\"\/><br \/>\n <\/a><\/p>\n<p>    Kort fortalt<\/p>\n<p lang=\"nb-NO\">Forh\u00e5ndsstemmingen f\u00f8r valget er i sin siste uke, og det er lange k\u00f8er ved stemmelokalene i Oslo.<\/p>\n<p lang=\"nb-NO\">Kommunikasjonsansvarlig Maren Blaalid sier at det er vanlig med h\u00f8y p\u00e5gang i siste uke av forh\u00e5ndsstemmingen.<\/p>\n<p lang=\"nb-NO\">Oslo har mottatt 222 944 forh\u00e5ndsstemmer, n\u00e6r antallet fra stortingsvalget i 2021.<\/p>\n<p lang=\"nb-NO\">Blaalid anbefaler \u00e5 stemme p\u00e5 s\u00f8ndag for \u00e5 unng\u00e5 k\u00f8, da 100 valglokaler er \u00e5pne.<\/p>\n<p class=\"italic ai-disclaimer\" data-lab-italic=\"italic\">Sammendraget er laget av ChatGPT og godkjent av DinSide.<\/p>\n<p>      Vis mer<br \/>\n      Vis mindre<\/p>\n<p>N\u00e5 er vi inne i siste uka for forh\u00e5ndsstemmingen f\u00f8r valget. Har du ikke tid til \u00e5 stemme p\u00e5 selve valgdagen, b\u00f8r du f\u00e5 ut fingeren n\u00e5.<\/p>\n<p>Skal du forh\u00e5ndsstemme er du n\u00f8dt til \u00e5 gj\u00f8re det enten i dag eller i morgen, fredag. Og det er tydelig at folk \u00f8nsker \u00e5 benytte muligheten denne uka. Utenfor flere forh\u00e5ndsstemmelokaler i Oslo er det k\u00f8dannelser torsdag ettermiddag.<\/p>\n<p>        \u00d8YER, INNLANDET: Dagbladet har igjen m\u00f8tt gudbrandsd\u00f8l og \u00absinnamann\u00bb Jan Erik Husom &#8211; denne gang for \u00e5 snakke om politikk og valg. Video: Christina H. Korneliussen. Reporter: Amalie Bernhus \u00c5rtun<\/p>\n<p>Flere stemmer\t<\/p>\n<p>Dette er for s\u00e5 vidt ikke helt uvanlig.<\/p>\n<p>&#8211; Det er helt vanlig at det er mye k\u00f8 ved hvert valg, og spesielt siste uka med forh\u00e5ndsstemming er det stor p\u00e5gang, forteller Maren Blaalid, kommunikasjonsansvarlig for valg i Oslo, til DinSide.<\/p>\n<p>Og i \u00e5r har osloborgere tilsynelatende tatt oppfordringen om at det er viktig \u00e5 benytte stemmeretten sin.<\/p>\n<p>    <a itemprop=\"url\" href=\"https:\/\/dinside.dagbladet.no\/fritid\/da-far-du-ikke-stemt\/83538066\" rel=\"nofollow noopener\" target=\"_blank\"><\/p>\n<p>      <img loading=\"lazy\" decoding=\"async\" src=\"https:\/\/www.europesays.com\/no\/wp-content\/uploads\/2025\/09\/83538369.webp\" width=\"980\" height=\"441\" title=\"Da f\u00e5r du ikke stemt\" alt=\"\" class=\"lazyload\" style=\"--aspect-ratio-image: 2.22; \"\/><\/p>\n<p>        Da f\u00e5r du ikke stemt<\/p>\n<p>    <\/a><\/p>\n<p>&#8211; Det har v\u00e6rt en stor \u00f8kning av forh\u00e5ndsstemmer ved dette valget, men vi har stor kapasitet i Oslo til \u00e5 ta imot velgerne, forsikrer Blaalid.<\/p>\n<p>Status per 3. september:<\/p>\n<ul>\n<li class=\"lab-bodytext-line\">Oslo kommune har mottatt 222\u00a0944 forh\u00e5ndsstemmer fra velgere som er folkeregistrert i Oslo.<\/li>\n<li class=\"lab-bodytext-line\">Ved stortingsvalget i 2021 mottok Oslo\u00a0235 114 forh\u00e5ndsstemmer fra Oslo-velgere i hele perioden.<\/li>\n<li class=\"lab-bodytext-line\">P\u00e5 landsbasis har over 1,5 millioner forh\u00e5ndsstemt. Dette tilsvarer 37,9 prosent av alle stemmeberettigede.<\/li>\n<\/ul>\n<p>Slik kan du unng\u00e5 k\u00f8\t<\/p>\n<p>Blaalid deler til slutt et godt r\u00e5d for dem som \u00f8nsker \u00e5 stemme, men som vil unng\u00e5 de lengste k\u00f8ene:<\/p>\n<p>&#8211; Hvis du er folkeregistrert i Oslo er det ingen grunn til \u00e5 st\u00e5 i k\u00f8 i dag og i morgen. P\u00e5 s\u00f8ndag har vi 100 valglokaler \u00e5pne mellom klokka 13.00 og 18.00 og p\u00e5 mandag klokka 09.00 til 21.00. Jeg vil anbefale Oslo-velgere til \u00e5 stemme p\u00e5 s\u00f8ndag &#8211; da er det garantert ikke k\u00f8.<\/p>\n<p>    Stortingsvalget 2025:<\/p>\n<ul>\n<li class=\"lab-bodytext-line\">Man kan forh\u00e5ndsstemme til og med fredag 5. september.<\/li>\n<li class=\"lab-bodytext-line\">I mange kommuner er det mulig \u00e5 stemme s\u00f8ndag 7. september.<\/li>\n<li class=\"lab-bodytext-line\">Valgdagen er mandag 8. september.<\/li>\n<li class=\"lab-bodytext-line\">Det er ikke lenger mulig \u00e5 endre rekkef\u00f8lge p\u00e5 kandidatene. Dette etter at den nye valgloven fra 2024 innf\u00f8rte lukkede lister.<\/li>\n<li class=\"lab-bodytext-line\">Du m\u00e5 ha med gyldig legitimasjon for \u00e5 stemme.<\/li>\n<li class=\"lab-bodytext-line\">Oversikt over valglokaler og \u00e5pningstider finner du p\u00e5 denne <a href=\"https:\/\/www.valg.no\/valglokaler\/valglokaler2\/\" rel=\"nofollow noopener\" target=\"_blank\">nettsiden<\/a>.<\/li>\n<\/ul>\n<p class=\"italic m-italic\" data-lab-italic=\"italic\">(Kilde: Valgdirektoratet)<\/p>\n<p>      Vis mer<br \/>\n      Vis mindre<\/p>\n","protected":false},"excerpt":{"rendered":"Forh\u00e5ndsstemming Snart er det siste frist f\u00f8r valgdagen. VALG 2025: Torsdag ettermiddag er det k\u00f8dannelser utenfor stemmelokalet ved&hellip;\n","protected":false},"author":2,"featured_media":26964,"comment_status":"","ping_status":"","sticky":false,"template":"","format":"standard","meta":{"footnotes":""},"categories":[10],"tags":[20,21,24,25,728,15,22,23,13,30,28,29,14,16,776,26,27],"class_list":{"0":"post-26963","1":"post","2":"type-post","3":"status-publish","4":"format-standard","5":"has-post-thumbnail","7":"category-norge","8":"tag-breaking-news","9":"tag-breakingnews","10":"tag-featured-news","11":"tag-featurednews","12":"tag-fritid","13":"tag-headlines","14":"tag-latest-news","15":"tag-latestnews","16":"tag-news","17":"tag-no","18":"tag-norge","19":"tag-norway","20":"tag-nyheter","21":"tag-overskrifter","22":"tag-stortingsvalg-2025","23":"tag-top-stories","24":"tag-topstories"},"share_on_mastodon":{"url":"","error":""},"_links":{"self":[{"href":"https:\/\/www.europesays.com\/no\/wp-json\/wp\/v2\/posts\/26963","targetHints":{"allow":["GET"]}}],"collection":[{"href":"https:\/\/www.europesays.com\/no\/wp-json\/wp\/v2\/posts"}],"about":[{"href":"https:\/\/www.europesays.com\/no\/wp-json\/wp\/v2\/types\/post"}],"author":[{"embeddable":true,"href":"https:\/\/www.europesays.com\/no\/wp-json\/wp\/v2\/users\/2"}],"replies":[{"embeddable":true,"href":"https:\/\/www.europesays.com\/no\/wp-json\/wp\/v2\/comments?post=26963"}],"version-history":[{"count":0,"href":"https:\/\/www.europesays.com\/no\/wp-json\/wp\/v2\/posts\/26963\/revisions"}],"wp:featuredmedia":[{"embeddable":true,"href":"https:\/\/www.europesays.com\/no\/wp-json\/wp\/v2\/media\/26964"}],"wp:attachment":[{"href":"https:\/\/www.europesays.com\/no\/wp-json\/wp\/v2\/media?parent=26963"}],"wp:term":[{"taxonomy":"category","embeddable":true,"href":"https:\/\/www.europesays.com\/no\/wp-json\/wp\/v2\/categories?post=26963"},{"taxonomy":"post_tag","embeddable":true,"href":"https:\/\/www.europesays.com\/no\/wp-json\/wp\/v2\/tags?post=26963"}],"curies":[{"name":"wp","href":"https:\/\/api.w.org\/{rel}","templated":true}]}}