{"id":26981,"date":"2025-09-04T15:50:17","date_gmt":"2025-09-04T15:50:17","guid":{"rendered":"https:\/\/www.europesays.com\/no\/26981\/"},"modified":"2025-09-04T15:50:17","modified_gmt":"2025-09-04T15:50:17","slug":"legeforeningen-slar-alarm-etter-sjokkfunn","status":"publish","type":"post","link":"https:\/\/www.europesays.com\/no\/26981\/","title":{"rendered":"Legeforeningen sl\u00e5r alarm etter sjokkfunn"},"content":{"rendered":"<p class=\"kicker \" style=\"\">Sjokkfunn i unders\u00f8kelse:<\/p>\n<p>  &#8211; Folks grunnleggende trygghet st\u00e5r p\u00e5 spill, advarer Legeforeningen.\u00a0Helseministeren sier regjeringen ikke er forn\u00f8yd<\/p>\n<p>\n    BEKYMRET: Anne-Karin Rime, president i Legeforeningen, sier de nye funnene er alvorlige og urovekkende. N\u00e5 ber hun politikerne ta grep. Foto: Legeforeningen\/Thomas B. Eckhoff\n  <\/p>\n<p>    Kort fortalt<\/p>\n<p lang=\"nb-NO\">En Kantar-unders\u00f8kelse viser at nesten 1 av 5 nordmenn har opplevd \u00e5 ikke f\u00e5 n\u00f8dvendig helsehjelp.<\/p>\n<p lang=\"nb-NO\">Legeforeningen uttrykker bekymring over lange ventetider og manglende psykisk helsehjelp.<\/p>\n<p lang=\"nb-NO\">Helseministeren fremhever forbedringer i ventetider og fastlegekrisen, men erkjenner behovet for ytterligere tiltak.<\/p>\n<p lang=\"nb-NO\">Frp kritiserer regjeringens helsepolitikk og foresl\u00e5r en garanti for raskere behandling.<\/p>\n<p class=\"italic ai-disclaimer\" data-lab-italic=\"italic\">Sammendraget er laget av ChatGPT og godkjent av B\u00f8rsen.<\/p>\n<p>      Vis mer<br \/>\n      Vis mindre<\/p>\n<p class=\"color_mobile_no_bg_color\" data-lab-text_background_color=\"\">En\u00a0landsrepresentativ Kantar-unders\u00f8kelse om folks syn p\u00e5 helsetjenesten, utf\u00f8rt av Legeforeningen i forbindelse med valget, avdekker blant annet at:<\/p>\n<ul class=\"font-weight-normal m-font-weight-normal bg-red color_mobile_bg-red\" data-lab-font_weight=\"font-weight-normal\">\n<li>Nesten 1 av 5 nordmenn har selv eller som p\u00e5r\u00f8rende opplevd \u00e5 ikke f\u00e5 n\u00f8dvendig helsehjelp.<\/li>\n<li>Bare 11 prosent mener at de fleste som trenger det f\u00e5r psykisk helsehjelp.<\/li>\n<li>33 prosent har opplevd lange ventetider p\u00e5 n\u00f8dvendig behandling.<\/li>\n<li>17 prosent har betalt for private helsetjenester eller brukt privat forsikring fordi ventetiden i det offentlige var for lang.<\/li>\n<li>Hele 84 prosent mener helsetjenesten b\u00f8r prioriteres h\u00f8yere i budsjettene.<\/li>\n<\/ul>\n<p>&#8211; Tallene er b\u00e5de urovekkende og alvorlige. Folks grunnleggende trygghet st\u00e5r p\u00e5 spill. N\u00e5r \u00e9n av fem opplever \u00e5 ikke ha f\u00e5tt n\u00f8dvendig helsehjelp, stikker problemene dypere enn lange ventetider og fristbrudd, sier Anne-Karin Rime, president i Legeforeningen, til Dagbladet.<\/p>\n<p>    <a itemprop=\"url\" href=\"https:\/\/borsen.dagbladet.no\/video\/folk-i-butikken-vet-ikke\/BUMEbiqz\" rel=\"nofollow noopener\" target=\"_blank\"><\/p>\n<p>      <img loading=\"lazy\" decoding=\"async\" src=\"https:\/\/www.europesays.com\/no\/wp-content\/uploads\/2025\/09\/83535542.webp\" width=\"980\" height=\"441\" title=\"- Folk i butikken vet ikke\" alt=\"\" class=\"lazyload\" style=\"--aspect-ratio-image: 2.22; \"\/><\/p>\n<p>        &#8211; Folk i butikken vet ikke<\/p>\n<p>    <\/a><\/p>\n<p>H\u00f8y tillit blant eldre\t<\/p>\n<p>Unders\u00f8kelsen viser samtidig at befolkningen har h\u00f8y tillit til helsetjenesten. 89 prosent svarer at de har ganske eller sv\u00e6rt stor tillit til at de vil f\u00e5 n\u00f8dvendig helsehjelp dersom de blir alvorlig syke. Tilliten er st\u00f8rst blant eldre over 60 \u00e5r og personer med h\u00f8y utdanning <\/p>\n<p>Rime i Legeforeningen anerkjenner at befolkningen fortsatt har h\u00f8y tillit til helsetjenesten, men hun mener tilliten er p\u00e5 vikende front.\u00a0<\/p>\n<p>&#8211; N\u00e5 haster det med et skikkelig helsel\u00f8ft, mener hun.<\/p>\n<p>    <a itemprop=\"url\" href=\"https:\/\/borsen.dagbladet.no\/nyheter\/raevkjort-hele-gjengen\/83530601\" rel=\"nofollow noopener\" target=\"_blank\"><\/p>\n<p>      <img loading=\"lazy\" decoding=\"async\" src=\"https:\/\/www.europesays.com\/no\/wp-content\/uploads\/2025\/09\/1757001009_122_83494113.webp\" width=\"980\" height=\"441\" title=\"- R\u00e6vkj\u00f8rt hele gjengen\" alt=\"\" class=\"lazyload\" style=\"--aspect-ratio-image: 2.22; \"\/><\/p>\n<p>        &#8211; R\u00e6vkj\u00f8rt hele gjengen<\/p>\n<p>    <\/a><\/p>\n<p>89 prosent av de spurte i unders\u00f8kelsen mener at nordmenn som trenger n\u00f8dvendig psykisk helsehjelp ikke f\u00e5r det. Det f\u00e5r Legeforeningen til \u00e5 sl\u00e5 full alarm.<\/p>\n<p>&#8211; N\u00e5r bare elleve prosent opplever at psykisk helsehjelp er tilgjengelig for dem som trenger det, er det b\u00e5de alarmerende og et kraftig varsku. Det er bred politisk enighet om \u00e5 satse p\u00e5 psykisk helse, men folk opplever ikke at det skjer i praksis. N\u00e5r mennesker m\u00e5 vente for lenge eller ikke f\u00e5r hjelp i det hele tatt, rammer det b\u00e5de den enkelte og samfunnet.<\/p>\n<p>    Fakta om unders\u00f8kelsen<\/p>\n<p> Metode: Intervjuene er gjennomf\u00f8rt p\u00e5 WEB.\u00a0<\/p>\n<p>Feltperiode: 18. \u2013 26. juni 2025.\u00a0<\/p>\n<p>M\u00e5lgruppe: Befolking 18 \u00e5r+\u00a0<\/p>\n<p>Antall respondenter: 1011 intervju.\u00a0<\/p>\n<p>Feilmarginer: ca. +\/- 3,1%-poeng.\u00a0<\/p>\n<p>Vekting: Resultatene er vektet p\u00e5 kj\u00f8nn, alder og geografi. <\/p>\n<p>      Vis mer<br \/>\n      Vis mindre<\/p>\n<p>&#8211; Formidabel innsats\t<\/p>\n<p>40 prosent opplever at beredskapen i helsetjenesten har blitt bedre etter pandemien, mens 36 prosent mener den er uforandret. Det er bred enighet om at h\u00f8yt arbeidspress blant helsepersonell p\u00e5virker kvaliteten i helsetjenestene &#8211; 79 prosent st\u00f8tter dette.<\/p>\n<p>    <a itemprop=\"url\" href=\"https:\/\/borsen.dagbladet.no\/nyheter\/dodt-lop\/83534159\" rel=\"nofollow noopener\" target=\"_blank\"><\/p>\n<p>      <img loading=\"lazy\" decoding=\"async\" src=\"https:\/\/www.europesays.com\/no\/wp-content\/uploads\/2025\/09\/83534174.webp\" width=\"980\" height=\"441\" title=\"D\u00f8dt l\u00f8p\" alt=\"\" class=\"lazyload\" style=\"--aspect-ratio-image: 2.22; \"\/><\/p>\n<p>        D\u00f8dt l\u00f8p<\/p>\n<p>    <\/a><\/p>\n<p>&#8211; N\u00e5r fire av fem mener at h\u00f8yt arbeidspress g\u00e5r ut over kvaliteten, bekrefter det hva legene selv forteller. Ansatte gj\u00f8r en formidabel innsats, men presset kan g\u00e5 ut over pasientene. Skal vi klare \u00e5 beholde og rekruttere fagfolk, m\u00e5 vi gi trygge rammer og s\u00f8rge for at legene f\u00e5r brukt tiden sin p\u00e5 pasientene.\u00a0<\/p>\n<p class=\"italic m-italic\" data-lab-italic=\"italic\">&#8211; Hvem er ansvarlig for at folk opplever at de ikke f\u00e5r det tilbudet de har behov for?<\/p>\n<p>&#8211; Det er et politisk ansvar. Det er et resultat av underfinansiering over mange \u00e5r av flere regjeringer. Politikerne har latt investeringene henge etter, etterslepet er n\u00e5 p\u00e5 over 100 milliarder kroner, samtidig som budsjettene stadig presses.\u00a0<\/p>\n<p>    <a itemprop=\"url\" href=\"https:\/\/borsen.dagbladet.no\/nyheter\/kristin-23-mange-hatmeldinger\/83487856\" rel=\"nofollow noopener\" target=\"_blank\"><\/p>\n<p>      <img loading=\"lazy\" decoding=\"async\" src=\"https:\/\/www.europesays.com\/no\/wp-content\/uploads\/2025\/09\/83487937.webp\" width=\"980\" height=\"441\" title=\"Kristin (23): - Mange hatmeldinger\" alt=\"\" class=\"lazyload\" style=\"--aspect-ratio-image: 2.22; \"\/><\/p>\n<p>        Kristin (23): &#8211; Mange hatmeldinger<\/p>\n<p>    <\/a><\/p>\n<p>&#8211; Et skippertak\t<\/p>\n<p>Rime mener sykehusene ikke har f\u00e5tt dekket sine faktiske kostnader, mens pasienter og ansatte betaler prisen.\u00a0<\/p>\n<p>&#8211; Samtidig har ogs\u00e5 sykehusdirekt\u00f8rene et ansvar for \u00e5 v\u00e6re tydelige oppover i systemet og si ifra n\u00e5r rammene ikke strekker til, understreker Rime.<\/p>\n<p class=\"italic m-italic\" data-lab-italic=\"italic\">&#8211; Hva synes dere om regjeringens helsepolitikk? Lykkes de?<\/p>\n<p>&#8211; Unders\u00f8kelsen viser et betydelig forbedringspotensial. Ventetidsl\u00f8ftet har f\u00f8rst og fremst v\u00e6rt et skippertak. Lange k\u00f8er er bare symptomet. Problemet er underfinansiering over mange \u00e5r av flere regjeringer. Med et helsel\u00f8ft hadde vi ikke trengt et ventetidsl\u00f8ft. Men da m\u00e5 regjeringen ta et forpliktende veivalg.<\/p>\n<p>    <a itemprop=\"url\" href=\"https:\/\/borsen.dagbladet.no\/nyheter\/det-er-selvskading\/83506603\" rel=\"nofollow noopener\" target=\"_blank\"><\/p>\n<p>      <img loading=\"lazy\" decoding=\"async\" src=\"https:\/\/www.europesays.com\/no\/wp-content\/uploads\/2025\/09\/83512966.webp\" width=\"980\" height=\"441\" title=\"- Det verste \u00e5 st\u00e5 i\" alt=\"\" class=\"lazyload\" style=\"--aspect-ratio-image: 2.22; \"\/><\/p>\n<p>        &#8211; Det verste \u00e5 st\u00e5 i<\/p>\n<p>    <\/a><\/p>\n<p>Legeforeningen tar til orde for \u00e5 \u00f8ke kapasiteten gjennom kraftige investeringer i bygg, teknologi og utstyr, sikre bedre rammer for \u00e5 beholde og rekruttere fagfolk, prioritere etter faglige kriterier og styrke samhandlingen mellom sykehus og kommuner.\u00a0<\/p>\n<p>&#8211; Norge har de beste forutsetningene for \u00e5 snu dette, men det haster.<\/p>\n<p>&#8211; Kan v\u00e6re stolte\t<\/p>\n<p> Helse- og omsorgsminister Jan Christian Vestre (Ap) er forelagt innholdet i denne saken. Han sier dette om funnene i unders\u00f8kelsen:<\/p>\n<p>&#8211; Fagfolka kan v\u00e6re stolte av den h\u00f8ye tilliten folk har til v\u00e5r felles helsetjeneste. Det at vi n\u00e5 har f\u00e5tt redusert ventetidene markant og stoppet fastlegekrisen har v\u00e6rt viktig for \u00e5 opprettholde den tilliten.<\/p>\n<p>          <img loading=\"lazy\" decoding=\"async\" src=\"https:\/\/www.europesays.com\/no\/wp-content\/uploads\/2025\/09\/83202110.webp\" width=\"686\" height=\"460\" title=\"VIL GJ\u00d8RE MER: Helse- og omsorgsminister Jan Christian Vestre (Ap) peker p\u00e5 at sykehusene har f\u00e5tt \u00f8kte bevilgninger med Arbeiderpartiet i regjering.&#10;Foto: Stian Lysberg Solum \/ NTB\" alt=\"\" class=\"\" style=\"--aspect-ratio-image: 1.49; \"\/><\/p>\n<p>\n          VIL GJ\u00d8RE MER: Helse- og omsorgsminister Jan Christian Vestre (Ap) peker p\u00e5 at sykehusene har f\u00e5tt \u00f8kte bevilgninger med Arbeiderpartiet i regjering.<br \/>\nFoto: Stian Lysberg Solum \/ NTB\n      <\/p>\n<p>Statsr\u00e5den sier regjeringen ikke er forn\u00f8yd, og at norske pasienter forventer mer.<\/p>\n<p>&#8211; S\u00e6rlig m\u00e5 vi bruke milliard-opptrappingen innen psykisk helsehjelp til \u00e5 bygge ut tilbudet, med lavterskeltilbud, persontilpassede behandlingsforl\u00f8p og nok d\u00f8gnplasser. Vi skal ogs\u00e5 f\u00e5 ventetidene ned hvert \u00e5r og gjennomf\u00f8re en helsereform slik at pasienter ikke blir kasteballer mellom ulike avdelinger og niv\u00e5er i systemet.<\/p>\n<p>    <a itemprop=\"url\" href=\"https:\/\/borsen.dagbladet.no\/nyheter\/har-frekkhetens-nadegave\/83511933\" rel=\"nofollow noopener\" target=\"_blank\"><\/p>\n<p>      <img loading=\"lazy\" decoding=\"async\" src=\"https:\/\/www.europesays.com\/no\/wp-content\/uploads\/2025\/09\/1757001014_322_83488232.webp\" width=\"980\" height=\"441\" title=\"- Helt absurd\" alt=\"\" class=\"lazyload\" style=\"--aspect-ratio-image: 2.22; \"\/><\/p>\n<p>        &#8211; Helt absurd<\/p>\n<p>    <\/a><\/p>\n<p>&#8211; 12 ganger over Erna\t<\/p>\n<p>Vestre p\u00e5peker at Legeforeningen er opptatt av sykehusfinansiering. Han viser til at teknisk beregningsutvalg for spesialisthelsetjenestens \u00f8konomi har ansl\u00e5tt at sykehusene under St\u00f8re har hatt en realvekst i bevilgninger p\u00e5 3,8 milliarder kroner.\u00a0<\/p>\n<p>&#8211; Til sammenligning var niv\u00e5et tiln\u00e6rmet uendret f\u00f8r det, om lag 0,3 milliarder fra 2015 til 2022. Vi har alts\u00e5 en realvekst som ligger 12 ganger over det Erna Solberg fikk til, og vi vil fortsette \u00e5 styrke sykehusene nok til \u00e5 m\u00f8te befolkningens behov om vi blir gjenvalgt.<\/p>\n<p>&#8211; Uakseptabelt\t<\/p>\n<p> Helsepolitisk talsperson i Frp, B\u00e5rd Hoksrud, reagerer p\u00e5 de nye funnene.<\/p>\n<p>&#8211; Det er urovekkende at s\u00e5 mange har opplevd \u00e5 ikke f\u00e5 den helsehjelpen man trenger. Det trengs et sterkt Frp for \u00e5 snu skuta i helsevesenet, og det haster, sier Hoksrud til Dagbladet.<\/p>\n<p>          <img loading=\"lazy\" decoding=\"async\" src=\"https:\/\/www.europesays.com\/no\/wp-content\/uploads\/2025\/09\/83089619.webp\" width=\"686\" height=\"460\" title=\"BETENKT: Frps helsepolitiker B\u00e5rd Hoksrud mener sp\u00f8rreunders\u00f8kelsen viser at det er behov for et krafttak i det norske helsevesenet. Foto: \u00d8rn E. Borgen \/ NTB\" alt=\"\" class=\"\" style=\"--aspect-ratio-image: 1.49; \"\/><\/p>\n<p>\n          BETENKT: Frps helsepolitiker B\u00e5rd Hoksrud mener sp\u00f8rreunders\u00f8kelsen viser at det er behov for et krafttak i det norske helsevesenet. Foto: \u00d8rn E. Borgen \/ NTB\n      <\/p>\n<p>Han mener Ap-regjeringen \u00abhar s\u00f8rget for at vi har et amerikanisert helsevesen der det er lommeboka som avgj\u00f8r om og n\u00e5r man f\u00e5r behandling\u00bb.\u00a0<\/p>\n<p>&#8211; N\u00e5 m\u00e5 det bli en slutt p\u00e5 at bare de med penger eller helseforsikring f\u00e5r hjelp raskt.\u00a0<\/p>\n<p>    <a itemprop=\"url\" href=\"https:\/\/borsen.dagbladet.no\/nyheter\/jeg-er-en-av-veldig-mange\/83518123\" rel=\"nofollow noopener\" target=\"_blank\"><\/p>\n<p>      <img loading=\"lazy\" decoding=\"async\" src=\"https:\/\/www.europesays.com\/no\/wp-content\/uploads\/2025\/09\/1757001016_7_83521210.webp\" width=\"980\" height=\"441\" title=\"- Jeg er \u00e9n av veldig mange\" alt=\"\" class=\"lazyload\" style=\"--aspect-ratio-image: 2.22; \"\/><\/p>\n<p>        &#8211; Jeg er \u00e9n av veldig mange<\/p>\n<p>    <\/a><\/p>\n<p class=\"italic m-italic\" data-lab-italic=\"italic\">&#8211; Hva tenker du det haster mest med \u00e5 forbedre?<\/p>\n<p class=\"no_italic m-no_italic\" data-lab-italic=\"\">&#8211; Det er uakseptabelt at det st\u00e5r over 200 000 mennesker i helsek\u00f8. Frp vil innf\u00f8re en utrednings- og behandlingsgaranti p\u00e5 30 dager, og ta i bruk all ledig privat kapasitet for \u00e5 f\u00e5 bukt med helsek\u00f8ene. De private har i snart fire \u00e5r st\u00e5tt klare til \u00e5 hjelpe flere pasienter. N\u00e5 er det p\u00e5 tide \u00e5 ta de i bruk.<\/p>\n<p>&#8211; Advarer mot det\t<\/p>\n<p>Helse- og omsorgsminister Jan Christian Vestre sl\u00e5r tilbake mot Hoksrud.<\/p>\n<p>&#8211; Frp b\u00f8r g\u00e5 litt stillere i d\u00f8rene. De lover alltid mer til alt, men innfrir i liten grad. N\u00e5 er det f\u00e6rre i helsek\u00f8 og kortere ventetider i sykehusene enn da Frp styrte, sier Vestre til Dagbladet.<\/p>\n<p>    <a itemprop=\"url\" href=\"https:\/\/borsen.dagbladet.no\/nyheter\/brenner-under-huden-hele-tiden\/83501893\" rel=\"nofollow noopener\" target=\"_blank\"><\/p>\n<p>      <img loading=\"lazy\" decoding=\"async\" src=\"https:\/\/www.europesays.com\/no\/wp-content\/uploads\/2025\/09\/1757001017_506_83511016.webp\" width=\"980\" height=\"441\" title=\"- Helt forferdelig\" alt=\"\" class=\"lazyload\" style=\"--aspect-ratio-image: 2.22; \"\/><\/p>\n<p>        &#8211; Helt forferdelig<\/p>\n<p>    <\/a><\/p>\n<p>Statsr\u00e5den sier sykehus\u00f8konomien er forbedret, og at \u00abvi har berget fastlegeordningen fra borgerlig kollaps\u00bb.\u00a0<\/p>\n<p>&#8211; N\u00e5r Frp denne valgkampen har lovet 150 milliarder i skattekutt, mest til de som har mest fra f\u00f8r av, blir det mindre penger til b\u00e5de sykehus og eldreomsorg. Det vil jeg advare sterkt mot.<\/p>\n","protected":false},"excerpt":{"rendered":"Sjokkfunn i unders\u00f8kelse: &#8211; Folks grunnleggende trygghet st\u00e5r p\u00e5 spill, advarer Legeforeningen.\u00a0Helseministeren sier regjeringen ikke er forn\u00f8yd BEKYMRET:&hellip;\n","protected":false},"author":2,"featured_media":26982,"comment_status":"","ping_status":"","sticky":false,"template":"","format":"standard","meta":{"footnotes":""},"categories":[10],"tags":[4356,20,21,24,25,15,22,23,4357,13,30,28,29,14,16,776,26,27],"class_list":{"0":"post-26981","1":"post","2":"type-post","3":"status-publish","4":"format-standard","5":"has-post-thumbnail","7":"category-norge","8":"tag-bard-hoksrud","9":"tag-breaking-news","10":"tag-breakingnews","11":"tag-featured-news","12":"tag-featurednews","13":"tag-headlines","14":"tag-latest-news","15":"tag-latestnews","16":"tag-legeforeningen","17":"tag-news","18":"tag-no","19":"tag-norge","20":"tag-norway","21":"tag-nyheter","22":"tag-overskrifter","23":"tag-stortingsvalg-2025","24":"tag-top-stories","25":"tag-topstories"},"share_on_mastodon":{"url":"","error":""},"_links":{"self":[{"href":"https:\/\/www.europesays.com\/no\/wp-json\/wp\/v2\/posts\/26981","targetHints":{"allow":["GET"]}}],"collection":[{"href":"https:\/\/www.europesays.com\/no\/wp-json\/wp\/v2\/posts"}],"about":[{"href":"https:\/\/www.europesays.com\/no\/wp-json\/wp\/v2\/types\/post"}],"author":[{"embeddable":true,"href":"https:\/\/www.europesays.com\/no\/wp-json\/wp\/v2\/users\/2"}],"replies":[{"embeddable":true,"href":"https:\/\/www.europesays.com\/no\/wp-json\/wp\/v2\/comments?post=26981"}],"version-history":[{"count":0,"href":"https:\/\/www.europesays.com\/no\/wp-json\/wp\/v2\/posts\/26981\/revisions"}],"wp:featuredmedia":[{"embeddable":true,"href":"https:\/\/www.europesays.com\/no\/wp-json\/wp\/v2\/media\/26982"}],"wp:attachment":[{"href":"https:\/\/www.europesays.com\/no\/wp-json\/wp\/v2\/media?parent=26981"}],"wp:term":[{"taxonomy":"category","embeddable":true,"href":"https:\/\/www.europesays.com\/no\/wp-json\/wp\/v2\/categories?post=26981"},{"taxonomy":"post_tag","embeddable":true,"href":"https:\/\/www.europesays.com\/no\/wp-json\/wp\/v2\/tags?post=26981"}],"curies":[{"name":"wp","href":"https:\/\/api.w.org\/{rel}","templated":true}]}}