{"id":26986,"date":"2025-09-04T15:59:15","date_gmt":"2025-09-04T15:59:15","guid":{"rendered":"https:\/\/www.europesays.com\/no\/26986\/"},"modified":"2025-09-04T15:59:15","modified_gmt":"2025-09-04T15:59:15","slug":"bjorn-borg-apner-opp-i-ny-bok-har-fatt-kreft","status":"publish","type":"post","link":"https:\/\/www.europesays.com\/no\/26986\/","title":{"rendered":"Bj\u00f6rn Borg \u00e5pner opp i ny bok: Har f\u00e5tt kreft"},"content":{"rendered":"\n<p class=\"_lead_ew2ao_2 _lead_xtcu6_50 layout-component text-serif-m layout-normal text-serif-l layout-component layout-wide layout-padded _wide_17hqh_1 layout-padded\"><strong class=\"_strong_ew2ao_25\">Tennisstjernen skriver om sykdommen i sin nye selvbiografi.<\/strong><\/p>\n<p><img alt=\"Bj\u00f6rn Borg. Her p\u00e5 plass p\u00e5 Wimbledon i juli i \u00e5r.  Foto: Mike Egerton \/ Pa Photos \/ NTB\" class=\"_image_qp4xg_65 layout-component layout-wide\" data-fullscreen- data-track-element-type=\"Article image fullscreen\" data-track-name=\"ImageFullscreen\" fetchpriority=\"high\" decoding=\"sync\" loading=\"eager\" height=\"1977\" itemprop=\"image\"  src=\"https:\/\/www.europesays.com\/no\/wp-content\/uploads\/2025\/09\/81e9924a-0099-44c0-9490-54c9e72b4125\"  style=\"object-position:0% 0%\" width=\"2913\"\/>Bj\u00f6rn Borg. Her p\u00e5 plass p\u00e5 Wimbledon i juli i \u00e5r.  Foto: Mike Egerton \/ Pa Photos \/ NTB<\/p>\n<ul aria-hidden=\"true\" class=\"_images_1y6fe_106\">\n<li><a class=\"_link_1y6fe_111\" href=\"https:\/\/www.vg.no\/forfatter\/synne-sofie-christiansen-2\" style=\"z-index:1\" title=\"Synne Sofie Christiansen\" rel=\"nofollow noopener\" target=\"_blank\"><img alt=\"Bilde av Synne Sofie Christiansen\" class=\"_image_1y6fe_88\" fetchpriority=\"low\" loading=\"lazy\" decoding=\"async\" itemprop=\"image\"  src=\"https:\/\/www.europesays.com\/no\/wp-content\/uploads\/2025\/09\/1757001555_784_8d683f6f-f2ba-47ca-8bcc-2db625b33cb1\"  width=\"480\"\/><\/a><\/li>\n<\/ul>\n<p> Oppdatert torsdag 4. september kl. 14:53     <\/p>\n<p class=\"_paragraph_ew2ao_4 _paragraph_xtcu6_10 layout-component text-serif-m layout-normal text-serif-m layout-padded\">Den svenske tennislegenden Bj\u00f6rn Borg (69) avsl\u00f8rer at han har f\u00e5tt kreft i sin kommende selvbiografi \u00abHj\u00e4rtslag\u00bb, som kommer ut 18. september.<\/p>\n<p class=\"_paragraph_ew2ao_4 _paragraph_xtcu6_10 layout-component text-serif-m layout-normal text-serif-m layout-padded\"><a href=\"https:\/\/www.amazon.it\/-\/en\/Bj%C3%B6rn-Borg\/dp\/8817190306\/ref=sr_1_1?crid=CLG63H7P449Y&amp;dib=eyJ2IjoiMSJ9.ZT4gs6a1BizSahObtb-BgbzU5WYdXptXysjw3mC5ezipHY4xOKAtx6Uomm-WRgKfX4bT3CvVrKbqpPN3EWyj-lzIypDiTfsOuhHiFyGpltRURz6Y1bYj1UXNaH6McmaOuBc99qCJ-wgF-INPv8_-Wf6LtwSwidAFFfiNOQdmmTQ8HLHA2cYlk6ycyaSnfkvWmTidlrUduB_D5JE7AzGwkI29qJwYJJwjflJKJk32wsvmQaPePyYeXUO2kQDFHb65ceF_u3jEop9I6nkekOmQGtjriI5fhltlwNZ5rvBMZsc.RHJlUAr1krjfCI2mqWpp_fyfsG0aJxxIl9tj7Bo7PbM&amp;dib_tag=se&amp;keywords=bj%C3%B8rn+borg&amp;qid=1756989237&amp;sprefix=bj%C3%B8rn+borg%2Caps%2C86&amp;sr=8-1\" class=\"_link_ew2ao_39\" rel=\"nofollow noopener\" target=\"_blank\">Det kommer fram p\u00e5 italienske Amazon,<\/a> hvor boken er lagt ut for forh\u00e5ndssalg. <\/p>\n<p class=\"_paragraph_ew2ao_4 _paragraph_xtcu6_10 layout-component text-serif-m layout-normal text-serif-m layout-padded\">En person n\u00e6r bokutgivelsen bekrefter overfor svenske <a href=\"https:\/\/www.expressen.se\/sport\/bjorn-borg-har-cancer-berattar-i-ny-bok\/\" class=\"_link_ew2ao_39\" rel=\"nofollow noopener\" target=\"_blank\">Expressen<\/a> at Borg skriver om prostatakreft.prostatakreft.Prostatakreft er ondartede svulster som utg\u00e5r fra kjertler og ganger i prostatakjertelen Det er if\u00f8lge <a href=\"https:\/\/www.helsenorge.no\/sykdom\/kreft\/prostatakreft\/\" class=\"_link_ew2ao_39\" rel=\"nofollow noopener\" target=\"_blank\">Helse Norge<\/a> den kreftformen som rammer flest menn.<\/p>\n<p class=\"_paragraph_ew2ao_4 _paragraph_xtcu6_10 layout-component text-serif-m layout-normal text-serif-m layout-padded\">Borg har selv ikke kommentert opplysningene.<\/p>\n<p class=\"_paragraph_ew2ao_4 _paragraph_xtcu6_10 layout-component text-serif-m layout-normal text-serif-m layout-padded\">Boken er skrevet sammen med kona Patricia og vil for f\u00f8rste gang fortelle hele historien om tennishelten som vant Wimbledon fem \u00e5r p\u00e5 rad.<\/p>\n<p>Dette er Bj\u00f6rn Borg<\/p>\n<p class=\"_paragraph_ew2ao_4 _paragraph_xtcu6_10 _paragraph_16v91_10 layout-component text-serif-m layout-normal text-sans-m layout-padded\">Bj\u00f6rn Borg regnes som en av de st\u00f8rste tennisspillerne i sportens historie. Han har vunnet 11 Grand Slam-titler, blant annet fem Wimbledon-seire og seks French Open. <\/p>\n<p class=\"_paragraph_ew2ao_4 _paragraph_xtcu6_10 _paragraph_16v91_10 layout-component text-serif-m layout-normal text-sans-m layout-padded\">Han la opp i en alder av 26 \u00e5r, og har i ettertid bygd opp en suksessrik merkevare innen kl\u00e6r og undert\u00f8y under navnet Bj\u00f6rn Borg. <\/p>\n<p>Vis mer   <\/p>\n<p class=\"_paragraph_ew2ao_4 _paragraph_xtcu6_10 layout-component text-serif-m layout-normal text-serif-m layout-padded\">Boken har v\u00e6rt omgitt av stort hemmelighold. <\/p>\n<p class=\"_paragraph_ew2ao_4 _paragraph_xtcu6_10 layout-component text-serif-m layout-normal text-serif-m layout-padded\">Den skal f\u00f8rst sendes til anmeldere samme dag som den kommer i bokhandlene, og Borg vil v\u00e6re sv\u00e6rt sparsom med intervjuer i forbindelse med utgivelsen.<\/p>\n<p class=\"_paragraph_ew2ao_4 _paragraph_xtcu6_10 layout-component text-serif-m layout-normal text-serif-m layout-padded\">\u2013 Det her er en bok som mange har ventet lenge p\u00e5, sa forlegger Gunilla Bergmark da bokutgivelsen ble annonsert i mars.<\/p>\n<p class=\"_paragraph_ew2ao_4 _paragraph_xtcu6_10 layout-component text-serif-m layout-normal text-serif-m layout-padded\">Selvbiografien kommer ut i flere land, inkludert USA, Storbritannia, Australia, Spania og Nederland. <\/p>\n","protected":false},"excerpt":{"rendered":"Tennisstjernen skriver om sykdommen i sin nye selvbiografi. Bj\u00f6rn Borg. Her p\u00e5 plass p\u00e5 Wimbledon i juli i&hellip;\n","protected":false},"author":2,"featured_media":26987,"comment_status":"","ping_status":"","sticky":false,"template":"","format":"standard","meta":{"footnotes":""},"categories":[59],"tags":[30,28,29,83,82,909,46],"class_list":{"0":"post-26986","1":"post","2":"type-post","3":"status-publish","4":"format-standard","5":"has-post-thumbnail","7":"category-sport","8":"tag-no","9":"tag-norge","10":"tag-norway","11":"tag-sport","12":"tag-sports","13":"tag-tennis","14":"tag-vgai"},"share_on_mastodon":{"url":"","error":""},"_links":{"self":[{"href":"https:\/\/www.europesays.com\/no\/wp-json\/wp\/v2\/posts\/26986","targetHints":{"allow":["GET"]}}],"collection":[{"href":"https:\/\/www.europesays.com\/no\/wp-json\/wp\/v2\/posts"}],"about":[{"href":"https:\/\/www.europesays.com\/no\/wp-json\/wp\/v2\/types\/post"}],"author":[{"embeddable":true,"href":"https:\/\/www.europesays.com\/no\/wp-json\/wp\/v2\/users\/2"}],"replies":[{"embeddable":true,"href":"https:\/\/www.europesays.com\/no\/wp-json\/wp\/v2\/comments?post=26986"}],"version-history":[{"count":0,"href":"https:\/\/www.europesays.com\/no\/wp-json\/wp\/v2\/posts\/26986\/revisions"}],"wp:featuredmedia":[{"embeddable":true,"href":"https:\/\/www.europesays.com\/no\/wp-json\/wp\/v2\/media\/26987"}],"wp:attachment":[{"href":"https:\/\/www.europesays.com\/no\/wp-json\/wp\/v2\/media?parent=26986"}],"wp:term":[{"taxonomy":"category","embeddable":true,"href":"https:\/\/www.europesays.com\/no\/wp-json\/wp\/v2\/categories?post=26986"},{"taxonomy":"post_tag","embeddable":true,"href":"https:\/\/www.europesays.com\/no\/wp-json\/wp\/v2\/tags?post=26986"}],"curies":[{"name":"wp","href":"https:\/\/api.w.org\/{rel}","templated":true}]}}