{"id":26988,"date":"2025-09-04T16:05:10","date_gmt":"2025-09-04T16:05:10","guid":{"rendered":"https:\/\/www.europesays.com\/no\/26988\/"},"modified":"2025-09-04T16:05:10","modified_gmt":"2025-09-04T16:05:10","slug":"melby-frykter-venstre-katastrofe-sjansen-er-litt-for-stor","status":"publish","type":"post","link":"https:\/\/www.europesays.com\/no\/26988\/","title":{"rendered":"Melby frykter Venstre-katastrofe: &#8211; Sjansen er litt for stor"},"content":{"rendered":"\n<p class=\"_lead_ew2ao_2 _lead_xtcu6_50 layout-component text-serif-m layout-normal text-serif-l layout-component layout-wide layout-padded _wide_17hqh_1 layout-padded\">Guri Melby kan ende p\u00e5 Stortinget alene med Abid Raja. Den skjebnen gj\u00f8r hun n\u00e5 alt for \u00e5 unng\u00e5. <\/p>\n<p><img alt=\"NERV\u00d8S: Guri Melby frykter at Venstre kan havne under sperregrensen i valget. Foto: Eirik R\u00f8svik\" class=\"_image_qp4xg_65 layout-component layout-wide\" data-fullscreen- data-track-element-type=\"Article image fullscreen\" data-track-name=\"ImageFullscreen\" fetchpriority=\"high\" decoding=\"sync\" loading=\"eager\" height=\"1365\" itemprop=\"image\"  src=\"https:\/\/www.europesays.com\/no\/wp-content\/uploads\/2025\/09\/f903f2b9-e679-490d-afa1-6fdb0af96a16\"  style=\"object-position:0% 0%\" width=\"2048\"\/>NERV\u00d8S: Guri Melby frykter at Venstre kan havne under sperregrensen i valget. Foto: Eirik R\u00f8svik<\/p>\n<ul aria-hidden=\"true\" class=\"_images_1y6fe_106\">\n<li><a class=\"_link_1y6fe_111\" href=\"https:\/\/www.vg.no\/forfatter\/eirik-roesvik\" style=\"z-index:1\" title=\"Eirik R\u00f8svik\" rel=\"nofollow noopener\" target=\"_blank\"><img alt=\"Bilde av Eirik R\u00f8svik\" class=\"_image_1y6fe_88\" fetchpriority=\"low\" loading=\"lazy\" decoding=\"async\" itemprop=\"image\"  src=\"https:\/\/www.europesays.com\/no\/wp-content\/uploads\/2025\/09\/70a67d81-f421-451e-a350-09c2af1a54cf\"  width=\"480\"\/><\/a><\/li>\n<\/ul>\n<p>Rapporterer fra Gr\u00fcnerl\u00f8kka Oppdatert torsdag 4. september kl. 17:53    <\/p>\n<ul class=\"_list_ew2ao_3 _list_64s2r_85 _unordered_ew2ao_99 text-sans-m\">\n<li class=\"_item_ew2ao_30\">Guri Melby frykter at Venstre faller under sperregrensen, etter m\u00e5linger p\u00e5 tretallet <\/li>\n<li class=\"_item_ew2ao_30\">Da kan Venstre bare f\u00e5 Melby og Abid Raja inn p\u00e5 Stortinget.<\/li>\n<li class=\"_item_ew2ao_30\">Hun ber om st\u00f8tte, sier hun kan p\u00e5virke Ap med \u00abflertalls-shopping\u00bb fra Jonas Gahr St\u00f8re, og kjemper for stemmer i indre \u00f8st i Oslo.<\/li>\n<\/ul>\n<p>Vis mer <\/p>\n<p class=\"_paragraph_ew2ao_4 _paragraph_xtcu6_10 layout-component text-serif-m layout-normal text-serif-m layout-padded\">\u2013 V\u00e5r stemme kan forsvinne fra norsk politikk p\u00e5 nasjonalt niv\u00e5 for alle praktiske form\u00e5l, sier Guri Melby til VG.<\/p>\n<p class=\"_paragraph_ew2ao_4 _paragraph_xtcu6_10 layout-component text-serif-m layout-normal text-serif-m layout-padded\">Venstre-lederen kjemper n\u00e5 en desperat kamp for \u00e5 redde partiet over sperregrensensperregrensenParti som f\u00e5r over fire prosent oppslutning f\u00e5r tilgang til 19 utjevningsmandater de konkurrerer om. Her kan de f\u00e5 uttelling for stemmer som ikke har gitt distriktsmandat i ulike valgdistrikt.  p\u00e5 fire prosent oppslutning. <\/p>\n<p class=\"_paragraph_ew2ao_4 _paragraph_xtcu6_10 layout-component text-serif-m layout-normal text-serif-m layout-padded\">Rett f\u00f8r valget har Venstre f\u00e5tt en rekke d\u00e5rlige meningsm\u00e5linger. Torsdag morgen meldte <a href=\"https:\/\/www.tv2.no\/nyheter\/innenriks\/slik-stemmer-de-som-allerede-har-stemt\/18036851\/\" class=\"_link_ew2ao_39\" rel=\"nofollow noopener\" target=\"_blank\">TV 2<\/a> at de ogs\u00e5 har spurt velgere som allerede har forh\u00e5ndsstemt: der f\u00e5r Venstre bare 3,1 prosent av stemmene.<\/p>\n<p>\u2013 Dessverre for stor sjanse<\/p>\n<p class=\"_paragraph_ew2ao_4 _paragraph_xtcu6_10 layout-component text-serif-m layout-normal text-serif-m layout-padded\">Sperregrensen er 19 bonusmandat som deles ut blant alle partiene som havner over fire prosent i stortingsvalget. <\/p>\n<p class=\"_paragraph_ew2ao_4 _paragraph_xtcu6_10 layout-component text-serif-m layout-normal text-serif-m layout-padded\">Havner du over eller under den magiske grensen kan forskjellen v\u00e6re en stor gruppe eller nesten ingen. <\/p>\n<p class=\"_paragraph_ew2ao_4 _paragraph_xtcu6_10 layout-component text-serif-m layout-normal text-serif-m layout-padded\">Venstre st\u00e5r sterkt i Oslo og Akershus. G\u00e5r alt galt kan Venstre sitte igjen med bare Venstre-leder Guri Melby og nestleder Abid Raja p\u00e5 tinget.<\/p>\n<p class=\"_paragraph_ew2ao_4 _paragraph_xtcu6_10 layout-component text-serif-m layout-normal text-serif-m layout-padded\">Alle som har v\u00e6rt p\u00e5 tomannsh\u00e5nd med Abid Raja skj\u00f8nner at det kan bli fire intense \u00e5r for Guri Melby.<\/p>\n<p><img alt=\"PARTY I AKERSHUS: Abid Raja og kona Nadia Ansar disket opp med et pakistansk festm\u00e5ltid til Guri Melby og nestleder Sveinung Rotevatn.   Foto: Lars Martin Hunstad \/ VG\" class=\"_image_qp4xg_65 layout-component layout-normal\" data-fullscreen- data-track-element-type=\"Article image fullscreen\" data-track-name=\"ImageFullscreen\" decoding=\"async\" loading=\"lazy\" height=\"5504\" itemprop=\"image\"  src=\"https:\/\/www.europesays.com\/no\/wp-content\/uploads\/2025\/09\/19a01bba-9dfe-48ff-94bb-f7dc822cc068\"  style=\"object-position:0% 0%\" width=\"8256\"\/>PARTY I AKERSHUS: Abid Raja og kona Nadia Ansar disket opp med et pakistansk festm\u00e5ltid til Guri Melby og nestleder Sveinung Rotevatn.   Foto: Lars Martin Hunstad \/ VG<\/p>\n<p class=\"_paragraph_ew2ao_4 _paragraph_xtcu6_10 layout-component text-serif-m layout-normal text-serif-m layout-padded\">\u2013 Sperregrensen betyr mye. Det handler om hvilken plass du f\u00e5r p\u00e5 Stortinget, hvilken kapasitet du har til \u00e5 jobbe og hvordan du kan v\u00e6re p\u00e5 vippen i viktige saker. For \u00e5 dra et flertall eller en regjeringen i riktig retning, sier hun.<\/p>\n<p class=\"_paragraph_ew2ao_4 _paragraph_xtcu6_10 layout-component text-serif-m layout-normal text-serif-m layout-padded\">\u2013 Hva er sjansen for at dere faller under sperregrensen? <\/p>\n<p class=\"_paragraph_ew2ao_4 _paragraph_xtcu6_10 layout-component text-serif-m layout-normal text-serif-m layout-padded\">\u2013 Dessverre litt for stor. Vi har hatt noen m\u00e5linger p\u00e5 tretallet. De bekymrer meg veldig. Det siste borgerlige h\u00e5pet forsvinner hvis vi havner under sperregrensen, sier hun.<\/p>\n<p class=\"_paragraph_ew2ao_4 _paragraph_xtcu6_10 layout-component text-serif-m layout-normal text-serif-m layout-padded\">\u2013 Politikken handler om mer enn overskrifter i VG. Det handler om jobben p\u00e5 Stortinget. Den blir nesten umulig med to-tre representanter, sier hun. <\/p>\n<p><img alt=\"Guri Melby snakker med r\u00e5dgiver Kamilla Willix torsdag morgen.   Foto: Eirik R\u00f8svik\" class=\"_image_qp4xg_65 layout-component layout-normal\" data-fullscreen- data-track-element-type=\"Article image fullscreen\" data-track-name=\"ImageFullscreen\" decoding=\"async\" loading=\"lazy\" height=\"1365\" itemprop=\"image\"  src=\"https:\/\/www.europesays.com\/no\/wp-content\/uploads\/2025\/09\/609ced8d-5dc0-44ef-9aa3-7be594ead590\"  style=\"object-position:0% 0%\" width=\"2048\"\/>Guri Melby snakker med r\u00e5dgiver Kamilla Willix torsdag morgen.   Foto: Eirik R\u00f8svik<\/p>\n<p class=\"_paragraph_ew2ao_4 _paragraph_xtcu6_10 layout-component text-serif-m layout-normal text-serif-m layout-padded\">Hun sier at det personlig blir tungt hvis de havner under sperregrensen, men hun angrer ikke p\u00e5 de siste fire \u00e5rene.<\/p>\n<p class=\"_paragraph_ew2ao_4 _paragraph_xtcu6_10 layout-component text-serif-m layout-normal text-serif-m layout-padded\">\u2013 Jeg mener fra hjertet: Hvis det som st\u00e5r igjen er at vi gjorde et d\u00e5rlig valg, men bidro til at Norge bidro mer til Ukraina er det vanskelig \u00e5 si at det ble feil, sier hun. <\/p>\n<p>\u2013 Jonas shopper flertall<\/p>\n<p class=\"_paragraph_ew2ao_4 _paragraph_xtcu6_10 layout-component text-serif-m layout-normal text-serif-m layout-padded\">M\u00e5let er fremdeles \u00e5 havne i en regjering ledet av H\u00f8yre-leder Erna Solberg.<\/p>\n<p class=\"_paragraph_ew2ao_4 _paragraph_xtcu6_10 layout-component text-serif-m layout-normal text-serif-m layout-padded\">Melby minner samtidig om at de kan gj\u00f8re en forskjell \u2013 ogs\u00e5 i opposisjon. S\u00e6rlig dersom Ap blir avhengige av nye flertall fra sak til sak. <\/p>\n<p class=\"_paragraph_ew2ao_4 _paragraph_xtcu6_10 layout-component text-serif-m layout-normal text-serif-m layout-padded\">\u2013 Min appell i dag handler ikke bare om \u00e5 f\u00e5 et skifte og ny regjering. Men ogs\u00e5 hvem som skal sitte p\u00e5 Stortinget. Vi har en viktig rolle uansett, ogs\u00e5 om Jonas Gahr St\u00f8re f\u00e5r fortsette. Han shopper flertall der det passer ham best, sier hun. <\/p>\n<p><img alt=\"TAKKET FOR TERNINGKAST: Jonas Gahr St\u00f8re var glad for VGs terningkast i partilederdebattene. Men barnevernssp\u00f8rsm\u00e5let fra Venstre svarte han ikke p\u00e5.   Foto: G\u00f8ran Bohlin \/ VG\" class=\"_image_qp4xg_65 layout-component layout-normal\" data-fullscreen- data-track-element-type=\"Article image fullscreen\" data-track-name=\"ImageFullscreen\" decoding=\"async\" loading=\"lazy\" height=\"5504\" itemprop=\"image\"  src=\"https:\/\/www.europesays.com\/no\/wp-content\/uploads\/2025\/09\/6269b833-ec53-472f-8086-8728cdb75f60\"  style=\"object-position:0% 0%\" width=\"8256\"\/>TAKKET FOR TERNINGKAST: Jonas Gahr St\u00f8re var glad for VGs terningkast i partilederdebattene. Men barnevernssp\u00f8rsm\u00e5let fra Venstre svarte han ikke p\u00e5.   Foto: G\u00f8ran Bohlin \/ VG<\/p>\n<p class=\"_paragraph_ew2ao_4 _paragraph_xtcu6_10 layout-component text-serif-m layout-normal text-serif-m layout-padded\">Hun peker p\u00e5 tre saker der Venstre har p\u00e5virket Arbeiderpartiet: <\/p>\n<ul class=\"_list_ew2ao_3 _list_xtcu6_9 _unordered_ew2ao_99 layout-component text-serif-m layout-normal text-serif-m layout-padded\">\n<li class=\"_item_ew2ao_30\">Presset p\u00e5 for \u00f8kt Ukraina-st\u00f8tte<\/li>\n<li class=\"_item_ew2ao_30\">Gr\u00f8nnere klimaforlik<\/li>\n<li class=\"_item_ew2ao_30\">Mer liberal politikk i rusreform-kompromisset <\/li>\n<\/ul>\n<p>Slaget om Gr\u00fcnerl\u00f8kka<\/p>\n<p class=\"_paragraph_ew2ao_4 _paragraph_xtcu6_10 layout-component text-serif-m layout-normal text-serif-m layout-padded\">N\u00e5 st\u00e5r slaget for Venstre s\u00e6rlig i indre \u00f8st i Oslo by. Her st\u00e5r blant annet det fremadstormende Milj\u00f8partiet De Gr\u00f8nne (MDG) sterkt.<\/p>\n<p class=\"_paragraph_ew2ao_4 _paragraph_xtcu6_10 layout-component text-serif-m layout-normal text-serif-m layout-padded\">Hun peker p\u00e5 bydelene Gr\u00fcnerl\u00f8kka, Gamle Oslo og deler av St. Hanshaugen. <\/p>\n<p class=\"_paragraph_ew2ao_4 _paragraph_xtcu6_10 layout-component text-serif-m layout-normal text-serif-m layout-padded\">Dette er deler av Oslo der mange potensielle Venstre-velgere trolig har h\u00f8y utdanning og kulturavisen Morgenbladet p\u00e5 d\u00f8rstokken hver fredag. Her er det trolig ogs\u00e5 f\u00e6rre som har blitt rike p\u00e5 b\u00f8rsspekulasjon og arv enn hos Venstre-velgerne lenger vest i byen. <\/p>\n<p class=\"_paragraph_ew2ao_4 _paragraph_xtcu6_10 layout-component text-serif-m layout-normal text-serif-m layout-padded\">\u2013 N\u00e5r Venstre gj\u00f8r det bra klarer vi \u00e5 holde p\u00e5 begge gruppene: vi holder p\u00e5 de tradisjonelt borgerlig orienterte velgere i vestlige bydeler og vinner mer yngre og mer radikale velgere, sier hun. <\/p>\n<p><img alt=\"\" class=\"_image_qp4xg_65 layout-component layout-normal\" data-fullscreen- data-track-element-type=\"Article image fullscreen\" data-track-name=\"ImageFullscreen\" decoding=\"async\" loading=\"lazy\" height=\"1365\" itemprop=\"image\"  src=\"https:\/\/www.europesays.com\/no\/wp-content\/uploads\/2025\/09\/1a684611-8cdf-4c9c-8442-6b9d69a7b772\"  style=\"object-position:0% 0%\" width=\"2048\"\/><img alt=\"KULTURKAPITALISTENES PARTI: Guri Melby h\u00e5per at de liberale byvelgerne redder partiet.   Foto: Eirik R\u00f8svik\" class=\"_image_qp4xg_65 layout-component layout-normal\" data-fullscreen- data-track-element-type=\"Article image fullscreen\" data-track-name=\"ImageFullscreen\" decoding=\"async\" loading=\"lazy\" height=\"2048\" itemprop=\"image\"  src=\"https:\/\/www.europesays.com\/no\/wp-content\/uploads\/2025\/09\/8537f214-4f31-46a5-9bc1-cb03d8c0bd5c\"  style=\"object-position:0% 0%\" width=\"1365\"\/>KULTURKAPITALISTENES PARTI: Guri Melby h\u00e5per at de liberale byvelgerne redder partiet.   Foto: Eirik R\u00f8svik<\/p>\n<p class=\"_paragraph_ew2ao_4 _paragraph_xtcu6_10 layout-component text-serif-m layout-normal text-serif-m layout-padded\">Venstre har hele valgkampen <a href=\"https:\/\/www.vg.no\/nyheter\/i\/GykXnq\/guri-melby-hyller-erna-beskjed-gir-ikke-borgerlig-garanti\" data-track-element-type=\"Link\" data-track-id=\"link:GykXnq\" class=\"_link_ew2ao_39\" rel=\"nofollow noopener\" target=\"_blank\">nektet \u00e5 gi en borgerlig garanti<\/a> som gjelder uavhengig av om H\u00f8yre-leder Erna Solberg eller Frp-leder Sylvi Listhaug blir statsminister.<\/p>\n<p class=\"_paragraph_ew2ao_4 _paragraph_xtcu6_10 layout-component text-serif-m layout-normal text-serif-m layout-padded\">\u2013 Burde du ha gitt en slik garanti? <\/p>\n<p class=\"_paragraph_ew2ao_4 _paragraph_xtcu6_10 layout-component text-serif-m layout-normal text-serif-m layout-padded\">\u2013 Det kan hende at det hadde gjort at noen velgere hadde g\u00e5tt til oss. Men for oss er det viktig \u00e5 beholde forhandlingsrommet for \u00e5 p\u00e5virke politikken. Poenget er ikke \u00e5 f\u00e5 nye ansikter i regjering, men ny politikk, sier hun. <\/p>\n","protected":false},"excerpt":{"rendered":"Guri Melby kan ende p\u00e5 Stortinget alene med Abid Raja. Den skjebnen gj\u00f8r hun n\u00e5 alt for \u00e5&hellip;\n","protected":false},"author":2,"featured_media":26989,"comment_status":"","ping_status":"","sticky":false,"template":"","format":"standard","meta":{"footnotes":""},"categories":[10],"tags":[2221,20,21,24,25,1099,15,22,23,13,30,28,281,29,14,16,199,26,27,1098,205],"class_list":{"0":"post-26988","1":"post","2":"type-post","3":"status-publish","4":"format-standard","5":"has-post-thumbnail","7":"category-norge","8":"tag-abid-raja","9":"tag-breaking-news","10":"tag-breakingnews","11":"tag-featured-news","12":"tag-featurednews","13":"tag-guri-melby","14":"tag-headlines","15":"tag-latest-news","16":"tag-latestnews","17":"tag-news","18":"tag-no","19":"tag-norge","20":"tag-norsk-politikk","21":"tag-norway","22":"tag-nyheter","23":"tag-overskrifter","24":"tag-stortingsvalg","25":"tag-top-stories","26":"tag-topstories","27":"tag-venstre-v","28":"tag-vgsamfunn"},"share_on_mastodon":{"url":"","error":""},"_links":{"self":[{"href":"https:\/\/www.europesays.com\/no\/wp-json\/wp\/v2\/posts\/26988","targetHints":{"allow":["GET"]}}],"collection":[{"href":"https:\/\/www.europesays.com\/no\/wp-json\/wp\/v2\/posts"}],"about":[{"href":"https:\/\/www.europesays.com\/no\/wp-json\/wp\/v2\/types\/post"}],"author":[{"embeddable":true,"href":"https:\/\/www.europesays.com\/no\/wp-json\/wp\/v2\/users\/2"}],"replies":[{"embeddable":true,"href":"https:\/\/www.europesays.com\/no\/wp-json\/wp\/v2\/comments?post=26988"}],"version-history":[{"count":0,"href":"https:\/\/www.europesays.com\/no\/wp-json\/wp\/v2\/posts\/26988\/revisions"}],"wp:featuredmedia":[{"embeddable":true,"href":"https:\/\/www.europesays.com\/no\/wp-json\/wp\/v2\/media\/26989"}],"wp:attachment":[{"href":"https:\/\/www.europesays.com\/no\/wp-json\/wp\/v2\/media?parent=26988"}],"wp:term":[{"taxonomy":"category","embeddable":true,"href":"https:\/\/www.europesays.com\/no\/wp-json\/wp\/v2\/categories?post=26988"},{"taxonomy":"post_tag","embeddable":true,"href":"https:\/\/www.europesays.com\/no\/wp-json\/wp\/v2\/tags?post=26988"}],"curies":[{"name":"wp","href":"https:\/\/api.w.org\/{rel}","templated":true}]}}