{"id":26990,"date":"2025-09-04T16:11:09","date_gmt":"2025-09-04T16:11:09","guid":{"rendered":"https:\/\/www.europesays.com\/no\/26990\/"},"modified":"2025-09-04T16:11:09","modified_gmt":"2025-09-04T16:11:09","slug":"shazia-majid-om-jordskjelvet-i-afghanistan-og-hvordan-det-rammer-kvinner-hardest","status":"publish","type":"post","link":"https:\/\/www.europesays.com\/no\/26990\/","title":{"rendered":"Shazia Majid om jordskjelvet i Afghanistan og hvordan det rammer kvinner hardest."},"content":{"rendered":"\n<p class=\"_paragraph_ew2ao_4 _paragraph_xtcu6_10 layout-component text-serif-m layout-normal text-serif-m layout-padded\">Hva et kvinnefiendtlig regime kan bety i ytterste konsekvens, ser man i disse dager i <a href=\"https:\/\/www.vg.no\/tag\/afghanistan?utm_source=vg-article&amp;utm_medium=auto-tagger&amp;utm_campaign=MnKQyJ\" class=\"_link_ew2ao_39\" rel=\"nofollow noopener\" target=\"_blank\">Afghanistan<\/a>. <\/p>\n<p class=\"_paragraph_ew2ao_4 _paragraph_xtcu6_10 layout-component text-serif-m layout-normal text-serif-m layout-padded\">Hvor bare kvinnelige leger og helsepersonell kan behandle kvinner.<\/p>\n<p class=\"_paragraph_ew2ao_4 _paragraph_xtcu6_10 layout-component text-serif-m layout-normal text-serif-m layout-padded\">S\u00f8ndag ble det lutfattige landet rammet av en av de verste jordskjelvene i landets historie. 1 457 mennesker er registrert omkommet s\u00e5 langt.<\/p>\n<p class=\"_paragraph_ew2ao_4 _paragraph_xtcu6_10 layout-component text-serif-m layout-normal text-serif-m layout-padded\">I tillegg er 3 400 skadet og 84.000 afghanere rammet.  <\/p>\n<p class=\"_paragraph_ew2ao_4 _paragraph_xtcu6_10 layout-component text-serif-m layout-normal text-serif-m layout-padded\">Skjelvet kom midt p\u00e5 natten, og ble m\u00e5lt til en styrke p\u00e5 6,0. <\/p>\n<p><img alt=\"MENN F\u00c5R F\u00d8RSTEHJELP. S\u00f8ndag 31. august ble Afghanistan rammet av et d\u00f8delig jordskjelv. Kvinner er hardest rammet, men f\u00e5r minst hjelp. Bildet er tatt i Kunar 2. september.   Foto: SAMIULLAH POPAL \/ EPA \/ NTB\" class=\"_image_qp4xg_65 layout-component layout-normal\" data-fullscreen- data-track-element-type=\"Article image fullscreen\" data-track-name=\"ImageFullscreen\" decoding=\"async\" loading=\"lazy\" height=\"3814\" itemprop=\"image\"  src=\"https:\/\/www.europesays.com\/no\/wp-content\/uploads\/2025\/09\/08668f00-0fff-4daf-92ba-c403d64cb677\"  style=\"object-position:0% 0%\" width=\"4713\"\/>MENN F\u00c5R F\u00d8RSTEHJELP. S\u00f8ndag 31. august ble Afghanistan rammet av et d\u00f8delig jordskjelv. Kvinner er hardest rammet, men f\u00e5r minst hjelp. Bildet er tatt i Kunar 2. september.   Foto: SAMIULLAH POPAL \/ EPA \/ NTB<\/p>\n<p class=\"_paragraph_ew2ao_4 _paragraph_xtcu6_10 layout-component text-serif-m layout-normal text-serif-m layout-padded\">Flere landsbyer er blitt jevnet med jorden. Hele familier er blitt tatt av p\u00e5f\u00f8lgende jordras. Hundrevis er fortsatt fanget under jordmasser og raserte bygninger. <\/p>\n<p class=\"_paragraph_ew2ao_4 _paragraph_xtcu6_10 layout-component text-serif-m layout-normal text-serif-m layout-padded\">Bildene fra omr\u00e5det er rystende, b\u00e5de fordi de viser store \u00f8deleggelser og lidelser, men fordi det knapt er kvinner \u00e5 se.<\/p>\n<p class=\"_paragraph_ew2ao_4 _paragraph_xtcu6_10 layout-component text-serif-m layout-normal text-serif-m layout-padded\">\u00abMannlige familiemedlemmer tillater ikke kvinner eller jenter \u00e5 bli sett av fremmede. De vil heller ikke at fremmede skal hjelpe dem\u00bb, sier Fatemeh Rezaei, en kvinnerettighetsaktivist til <a href=\"https:\/\/www.dw.com\/en\/afghanistan-quake-why-are-women-struggling-to-get-help\/a-73867403\" class=\"_link_ew2ao_39\" rel=\"nofollow noopener\" target=\"_blank\">den tyske avisen DW<\/a>. <\/p>\n<p class=\"_paragraph_ew2ao_4 _paragraph_xtcu6_10 layout-component text-serif-m layout-normal text-serif-m layout-padded\">Det betyr at kvinner lider dobbelt. F\u00f8rst rammes de av naturkreftene, s\u00e5 rammes de av kvinnefiendtligheten. <\/p>\n<p><img alt=\"MENN I REDNINGSARBEID: I bilder og videoer fra det rammede omr\u00e5det er det knapt noen som viser at kvinner reddes ut eller mottar behandling.   Foto: Hedayat Shah \/ AP \/ NTB\" class=\"_image_qp4xg_65 layout-component layout-normal\" data-fullscreen- data-track-element-type=\"Article image fullscreen\" data-track-name=\"ImageFullscreen\" decoding=\"async\" loading=\"lazy\" height=\"4000\" itemprop=\"image\"  src=\"https:\/\/www.europesays.com\/no\/wp-content\/uploads\/2025\/09\/340b78ef-ad88-4381-8a1e-e491244ceb88\"  style=\"object-position:0% 0%\" width=\"5453\"\/>MENN I REDNINGSARBEID: I bilder og videoer fra det rammede omr\u00e5det er det knapt noen som viser at kvinner reddes ut eller mottar behandling.   Foto: Hedayat Shah \/ AP \/ NTB<\/p>\n<p class=\"_paragraph_ew2ao_4 _paragraph_xtcu6_10 layout-component text-serif-m layout-normal text-serif-m layout-padded\">Redningsarbeidet p\u00e5g\u00e5r, men er <a href=\"https:\/\/www.reuters.com\/business\/environment\/afghanistan-earthquake-death-toll-rises-survivors-face-aid-crunch-2025-09-04\/\" class=\"_link_ew2ao_39\" rel=\"nofollow noopener\" target=\"_blank\">kraftig hemmet<\/a> av Trumps n\u00e6rmest fullstendige kutt i all bistand, inkludert store deler av n\u00f8dhjelpen. <\/p>\n<p class=\"_paragraph_ew2ao_4 _paragraph_xtcu6_10 layout-component text-serif-m layout-normal text-serif-m layout-padded\">USA har v\u00e6rt en av de st\u00f8rste bistandslandene globalt siden 2. verdenskrig.<\/p>\n<p class=\"_paragraph_ew2ao_4 _paragraph_xtcu6_10 layout-component text-serif-m layout-normal text-serif-m layout-padded\">Jordskjelvet hadde episenter i det avsidesliggende Nurgal-distriktet i Kunar-provinsen n\u00e6r grensen til Pakistan. Omr\u00e5det er sv\u00e6rt vanskelig \u00e5 n\u00e5. Mye av hjelpen m\u00e5 bringes inn til fots.<\/p>\n<p class=\"_paragraph_ew2ao_4 _paragraph_xtcu6_10 layout-component text-serif-m layout-normal text-serif-m layout-padded\">Tirsdag denne uken ble omr\u00e5det igjen rammet av kraftige etterskjelv. <\/p>\n<p><img alt=\"MENN P\u00c5 SYKEHUS: Menn rammet av jordskjelvet s\u00f8ndag her utenfor Nangarhar sykehus i Jalalabad, Afghanistan, onsdag, Sept. 3  Foto: Siddiqullah Alizai \/ AP \/ NTB\" class=\"_image_qp4xg_65 layout-component layout-normal\" data-fullscreen- data-track-element-type=\"Article image fullscreen\" data-track-name=\"ImageFullscreen\" decoding=\"async\" loading=\"lazy\" height=\"4424\" itemprop=\"image\"  src=\"https:\/\/www.europesays.com\/no\/wp-content\/uploads\/2025\/09\/018fd191-1f83-4ea5-a613-7dd78151d8e8\"  style=\"object-position:0% 0%\" width=\"6637\"\/>MENN P\u00c5 SYKEHUS: Menn rammet av jordskjelvet s\u00f8ndag her utenfor Nangarhar sykehus i Jalalabad, Afghanistan, onsdag, Sept. 3  Foto: Siddiqullah Alizai \/ AP \/ NTB<\/p>\n<p class=\"_paragraph_ew2ao_4 _paragraph_xtcu6_10 layout-component text-serif-m layout-normal text-serif-m layout-padded\">Jordskjelv er destruktive uansett hvor de inntreffer. Men for et land som Afghanistan rammer \u00f8deleggelsene ubeskrivelig hardt. <\/p>\n<p class=\"_paragraph_ew2ao_4 _paragraph_xtcu6_10 layout-component text-serif-m layout-normal text-serif-m layout-padded\">For de kommer p\u00e5 toppen av andre katastrofer, b\u00e5de naturkatastrofer og menneskeskapte katastrofer. <\/p>\n<p class=\"_paragraph_ew2ao_4 _paragraph_xtcu6_10 layout-component text-serif-m layout-normal text-serif-m layout-padded\">Landet er rammet av rekordt\u00f8rke, millioner mangler rent drikkevann. N\u00e6rmere ti millioner afghanere er i desperat mangel p\u00e5 mat, viser <a href=\"https:\/\/www.wfp.org\/emergencies\/afghanistan\" class=\"_link_ew2ao_39\" rel=\"nofollow noopener\" target=\"_blank\">tall fra Verdens matvareprogram<\/a>. <\/p>\n<p class=\"_paragraph_ew2ao_4 _paragraph_xtcu6_10 layout-component text-serif-m layout-normal text-serif-m layout-padded\">Samtidig har USA med Trump i spissen alts\u00e5 kuttet hundrevis av milliarder kroner i n\u00f8dhjelp til fattige land. Blant annet den n\u00f8dhjelpen Afghanistan har v\u00e6rt helt avhengig av. <\/p>\n<p class=\"_paragraph_ew2ao_4 _paragraph_xtcu6_10 layout-component text-serif-m layout-normal text-serif-m layout-padded\">Mens <a href=\"https:\/\/app.powerbi.com\/view?r=eyJrIjoiNjMwYjJmMzMtOGYwNS00MzA4LTk1N2MtZWQ1OTk3MjU2OTE4IiwidCI6IjE1ODgyNjJkLTIzZmItNDNiNC1iZDZlLWJjZTQ5YzhlNjE4NiIsImMiOjh9\" class=\"_link_ew2ao_39\" rel=\"nofollow noopener\" target=\"_blank\">Pakistan og Iran<\/a> har til sammen sendt tilbake 1,7 millioner afghanske flyktninger.   <\/p>\n<p><img alt=\"MANGEL P\u00c5 LEGER: En kvinne s\u00f8ker hjelp for sin datter etter jordskjelvet s\u00f8ndag. Det meldes om en akutt mangel p\u00e5 kvinnelige leger og helsepersonell. Bildet er tatt p\u00e5 Jalalabad sykehus 1. september.   Foto: WAKIL KOHSAR \/ AFP \/ NTB\" class=\"_image_qp4xg_65 layout-component layout-normal\" data-fullscreen- data-track-element-type=\"Article image fullscreen\" data-track-name=\"ImageFullscreen\" decoding=\"async\" loading=\"lazy\" height=\"2184\" itemprop=\"image\"  src=\"https:\/\/www.europesays.com\/no\/wp-content\/uploads\/2025\/09\/da7ded1c-c477-4ef3-b964-ecd167c821d8\"  style=\"object-position:0% 0%\" width=\"2658\"\/>MANGEL P\u00c5 LEGER: En kvinne s\u00f8ker hjelp for sin datter etter jordskjelvet s\u00f8ndag. Det meldes om en akutt mangel p\u00e5 kvinnelige leger og helsepersonell. Bildet er tatt p\u00e5 Jalalabad sykehus 1. september.   Foto: WAKIL KOHSAR \/ AFP \/ NTB<\/p>\n<p class=\"_paragraph_ew2ao_4 _paragraph_xtcu6_10 layout-component text-serif-m layout-normal text-serif-m layout-padded\">Det er knapt mulig \u00e5 ta inn over seg omfanget av lidelsene som ligger bak disse tallene. <\/p>\n<p class=\"_paragraph_ew2ao_4 _paragraph_xtcu6_10 layout-component text-serif-m layout-normal text-serif-m layout-padded\">Taliban forverrer en allerede ulidelig situasjon, s\u00e6rlig for kvinnene. <\/p>\n<p class=\"_paragraph_ew2ao_4 _paragraph_xtcu6_10 layout-component text-serif-m layout-normal text-serif-m layout-padded\">Taliban har bannlyst kvinner fra \u00e5 bevege seg utend\u00f8rs, eller ytre seg offentlig, ha jobb og ta utdannelse. <\/p>\n<p class=\"_paragraph_ew2ao_4 _paragraph_xtcu6_10 layout-component text-serif-m layout-normal text-serif-m layout-padded\">I desember i fjor ble det ogs\u00e5 forbudt for kvinner \u00e5 ta medisinsk utdannelse og avlegge avsluttende eksamen for de som var i gang. 35 000 kvinnelige studenter m\u00e5tte avslutte sine studier.<\/p>\n<p class=\"_paragraph_ew2ao_4 _paragraph_xtcu6_10 layout-component text-serif-m layout-normal text-serif-m layout-padded\">N\u00e5r det da skjer en naturkatastrofe som jordskjelvet p\u00e5 s\u00f8ndag, rammer den kvinner hardest. <\/p>\n<p class=\"_paragraph_ew2ao_4 _paragraph_xtcu6_10 layout-component text-serif-m layout-normal text-serif-m layout-padded\">\u00abFolk i landsbyer vet at det ikke er nok kvinnelig helsepersonell p\u00e5 sykehuset og t\u00f8r derfor ikke \u00e5 ta med sine skadede kvinner og jenter til sykehuset. Familier pr\u00f8ver n\u00e5 \u00e5 behandle kvinner for skader lokalt, istedenfor \u00e5 ta dem med til sykehuset\u00bb, sier legen Abdul Qayum Raheem til <a href=\"https:\/\/www.rferl.org\/a\/afghan-women-bear-brunt-earthquake-taliban-restrictions\/33519956.html\" class=\"_link_ew2ao_39\" rel=\"nofollow noopener\" target=\"_blank\">RFE\/RLs Radio Azadi<\/a>. <\/p>\n<p><img alt=\"KVINNER STUET UNNA: En kvinne sitter med intraven\u00f8st i h\u00e5nden, mens andre venter p\u00e5 hjelp. Bildet er tatt i landsbyen Mazar Dara i Nurgal 1. september.  Foto: WAKIL KOHSAR \/ AFP \/ NTB\" class=\"_image_qp4xg_65 layout-component layout-normal\" data-fullscreen- data-track-element-type=\"Article image fullscreen\" data-track-name=\"ImageFullscreen\" decoding=\"async\" loading=\"lazy\" height=\"4015\" itemprop=\"image\"  src=\"https:\/\/www.europesays.com\/no\/wp-content\/uploads\/2025\/09\/0597fe43-8c4b-498d-8573-e5e7e9587ba9\"  style=\"object-position:0% 0%\" width=\"5127\"\/>KVINNER STUET UNNA: En kvinne sitter med intraven\u00f8st i h\u00e5nden, mens andre venter p\u00e5 hjelp. Bildet er tatt i landsbyen Mazar Dara i Nurgal 1. september.  Foto: WAKIL KOHSAR \/ AFP \/ NTB<\/p>\n<p class=\"_paragraph_ew2ao_4 _paragraph_xtcu6_10 layout-component text-serif-m layout-normal text-serif-m layout-padded\">De fleste d\u00f8de og skadede etter jordskjelvet meldes \u00e5 v\u00e6re kvinner og barn. <\/p>\n<p class=\"_paragraph_ew2ao_4 _paragraph_xtcu6_10 layout-component text-serif-m layout-normal text-serif-m layout-padded\">Afghanistan ble rammet av et tilsvarende d\u00f8delig jordskjelv i 2023; den gang var <a href=\"https:\/\/news.un.org\/en\/story\/2025\/09\/1165766\" class=\"_link_ew2ao_39\" rel=\"nofollow noopener\" target=\"_blank\">6 av 10 d\u00f8de kvinner<\/a>, mens to av tre skadede var kvinner. <\/p>\n<p class=\"_paragraph_ew2ao_4 _paragraph_xtcu6_10 layout-component text-serif-m layout-normal text-serif-m layout-padded\">Dette skyldes nettopp at kvinner er hjemme, husene er skj\u00f8re, og n\u00e5r de f\u00f8rste rammes av en naturkatastrofe, f\u00e5r de ikke hjelp. <\/p>\n<p class=\"_paragraph_ew2ao_4 _paragraph_xtcu6_10 layout-component text-serif-m layout-normal text-serif-m layout-padded\">Sjefen ved sykehuset i Kunar-provinsen forteller at kun 13 av de innlagte pasientene etter s\u00f8ndagens jordskjelv er kvinner, mens 67 er menn. <\/p>\n<p><img alt=\"TRENGER HJELP: Verdenssamfunnet gir ikke nok i n\u00f8dhjelp og det rammer afghanske kvinner hardest.   Foto: Stringer \/ Reuters \/ NTB\" class=\"_image_qp4xg_65 layout-component layout-normal\" data-fullscreen- data-track-element-type=\"Article image fullscreen\" data-track-name=\"ImageFullscreen\" decoding=\"async\" loading=\"lazy\" height=\"2256\" itemprop=\"image\"  src=\"https:\/\/www.europesays.com\/no\/wp-content\/uploads\/2025\/09\/020f447c-a18a-4945-a325-fbcbe8ac14e4\"  style=\"object-position:0% 0%\" width=\"2654\"\/>TRENGER HJELP: Verdenssamfunnet gir ikke nok i n\u00f8dhjelp og det rammer afghanske kvinner hardest.   Foto: Stringer \/ Reuters \/ NTB<\/p>\n<p class=\"_paragraph_ew2ao_4 _paragraph_xtcu6_10 layout-component text-serif-m layout-normal text-serif-m layout-padded\">Under slike omstendigheter blir hjelp fra omverdenen desto viktigere. S\u00e6rlig kvinnelige bistandsarbeidere og redningsarbeidere. <\/p>\n<p class=\"_paragraph_ew2ao_4 _paragraph_xtcu6_10 layout-component text-serif-m layout-normal text-serif-m layout-padded\">De f\u00e5 som finnes i Afghanistan, er utslitte, melder FNs spesialutsending til Afghanistan, Susan Ferguson 3. september. <\/p>\n<p class=\"_paragraph_ew2ao_4 _paragraph_xtcu6_10 layout-component text-serif-m layout-normal text-serif-m layout-padded\">Det trengs mer penger og ressurser for \u00e5 komme afghanerne, og s\u00e6rlig afghanske kvinner til unnsetning. <\/p>\n<p class=\"_paragraph_ew2ao_4 _paragraph_xtcu6_10 layout-component text-serif-m layout-normal text-serif-m layout-padded\">Men verden har mer eller mindre isolert Afghanistan, som en reaksjon p\u00e5 Talibans grove kvinnefiendtlighet. Det er forst\u00e5elig. <\/p>\n<p class=\"_paragraph_ew2ao_4 _paragraph_xtcu6_10 layout-component text-serif-m layout-normal text-serif-m layout-padded\">Men det hjelper ikke kvinnene. <\/p>\n<p class=\"_paragraph_ew2ao_4 _paragraph_xtcu6_10 layout-component text-serif-m layout-normal text-serif-m layout-padded\">Isolasjonen bidrar til at afghanske kvinner f\u00e5r det enda verre. Det blir s\u00e6rlig tydelig n\u00e5r landet rammes av den ene katastrofen etter den andre.<\/p>\n<p>      Dette er en kommentar. Kommentaren gir uttrykk for skribentens holdning. <\/p>\n","protected":false},"excerpt":{"rendered":"Hva et kvinnefiendtlig regime kan bety i ytterste konsekvens, ser man i disse dager i Afghanistan. Hvor bare&hellip;\n","protected":false},"author":2,"featured_media":26991,"comment_status":"","ping_status":"","sticky":false,"template":"","format":"standard","meta":{"footnotes":""},"categories":[12],"tags":[3818,20,21,24,25,15,1133,22,23,4358,13,30,28,29,1451,14,16,4359,26,27,42,103,43,44,45],"class_list":{"0":"post-26990","1":"post","2":"type-post","3":"status-publish","4":"format-standard","5":"has-post-thumbnail","7":"category-verden","8":"tag-afghanistan","9":"tag-breaking-news","10":"tag-breakingnews","11":"tag-featured-news","12":"tag-featurednews","13":"tag-headlines","14":"tag-jordskjelv","15":"tag-latest-news","16":"tag-latestnews","17":"tag-naturkatastrofe","18":"tag-news","19":"tag-no","20":"tag-norge","21":"tag-norway","22":"tag-nodhjelp","23":"tag-nyheter","24":"tag-overskrifter","25":"tag-taliban","26":"tag-top-stories","27":"tag-topstories","28":"tag-verden","29":"tag-vgmeninger","30":"tag-world","31":"tag-world-news","32":"tag-worldnews"},"share_on_mastodon":{"url":"","error":""},"_links":{"self":[{"href":"https:\/\/www.europesays.com\/no\/wp-json\/wp\/v2\/posts\/26990","targetHints":{"allow":["GET"]}}],"collection":[{"href":"https:\/\/www.europesays.com\/no\/wp-json\/wp\/v2\/posts"}],"about":[{"href":"https:\/\/www.europesays.com\/no\/wp-json\/wp\/v2\/types\/post"}],"author":[{"embeddable":true,"href":"https:\/\/www.europesays.com\/no\/wp-json\/wp\/v2\/users\/2"}],"replies":[{"embeddable":true,"href":"https:\/\/www.europesays.com\/no\/wp-json\/wp\/v2\/comments?post=26990"}],"version-history":[{"count":0,"href":"https:\/\/www.europesays.com\/no\/wp-json\/wp\/v2\/posts\/26990\/revisions"}],"wp:featuredmedia":[{"embeddable":true,"href":"https:\/\/www.europesays.com\/no\/wp-json\/wp\/v2\/media\/26991"}],"wp:attachment":[{"href":"https:\/\/www.europesays.com\/no\/wp-json\/wp\/v2\/media?parent=26990"}],"wp:term":[{"taxonomy":"category","embeddable":true,"href":"https:\/\/www.europesays.com\/no\/wp-json\/wp\/v2\/categories?post=26990"},{"taxonomy":"post_tag","embeddable":true,"href":"https:\/\/www.europesays.com\/no\/wp-json\/wp\/v2\/tags?post=26990"}],"curies":[{"name":"wp","href":"https:\/\/api.w.org\/{rel}","templated":true}]}}