{"id":26999,"date":"2025-09-04T16:19:23","date_gmt":"2025-09-04T16:19:23","guid":{"rendered":"https:\/\/www.europesays.com\/no\/26999\/"},"modified":"2025-09-04T16:19:23","modified_gmt":"2025-09-04T16:19:23","slug":"skolevalg-2025-oslodebatten-frp-vant-skolevalgene-med-klar-margin-men-ikke-i-oslo","status":"publish","type":"post","link":"https:\/\/www.europesays.com\/no\/26999\/","title":{"rendered":"Skolevalg 2025, Oslodebatten | Frp vant skolevalgene med klar margin. Men ikke i Oslo."},"content":{"rendered":"\n<p>Tvert i mot.<\/p>\n<p><b>I Oslo havner Frp p\u00e5 fjerdeplass.<\/b><\/p>\n<p>\u00abLille Oslo er en egen planet\u00bb fastslo som kjent Lars Lillo-Stenberg allerede i 1986, da han selv var en ung p\u00e5 vei hjem til Frogner til fots.<\/p>\n<p><b>Valgresultatene fra de videreg\u00e5ende skolene her i byen viser at Oslo er en egen planet ogs\u00e5 i det politiske verdensrommet.<\/b><\/p>\n<p>Soleklar vinner<\/p>\n<p>P\u00e5 f\u00f8rsteplass:<\/p>\n<p><b>SV! Den soleklare vinneren!<\/b><\/p>\n<p><b>22,3 prosent!<\/b><\/p>\n<p>Andreplassen g\u00e5r til Ap med 18,3 prosent.<\/p>\n<p>Tredjeplassen g\u00e5r til H\u00f8yre med 18,2 prosent.<\/p>\n<p>Nasjonalt gjorde Frp sitt beste skolevalg i historien med 26 prosents oppslutning.<\/p>\n<p>Men her p\u00e5 planeten gjelder det \u00e5penbart helt andre politiske tyngdelover.<\/p>\n<p><b>Frp fikk bare 15,1 prosent i Oslo.<\/b><\/p>\n<p>  <a href=\"https:\/\/www.ao.no\/5-128-1134939\" class=\"related-teaser has-image default-story-teaser article--c-eRUmMG article--c-eRUmMG-jKCPdD-design-default\" rel=\"nofollow noopener\" target=\"_blank\"><\/p>\n<p>    <img decoding=\"async\" loading=\"lazy\"  src=\"https:\/\/www.europesays.com\/no\/wp-content\/uploads\/2025\/09\/photo+%2830%29.jpg\" alt=\"\" class=\"brick-c-cFOWSL\" style=\"\"\/><\/p>\n<p>\n            Les ogs\u00e5<\/p>\n<p>              Resultatene fra denne Oslo-skolen skiller seg kraftig ut: \u2013 En veldig stor kontrast\n        <\/p>\n<p>  <\/a><br \/>\n  Fenomenet Simen Velle<\/p>\n<p>Alt dette til tross for at Oslo Frp stiller med lederen i Fremskrittspartiets Ungdom (FpU), Simen Velle (24), som andrekandidat bak tidligere statsr\u00e5d Tor Mikkel Wara.<\/p>\n<p><b>Riktignok er ikke Velle fra Oslo, han er fra Asker, men han har de siste par \u00e5rene blitt til noe av et fenomen blant unge p\u00e5 sosiale medier, og da s\u00e6rlig TikTok.<\/b><\/p>\n<p><b>En hotshot de konkurrerende partiene har sett p\u00e5 med misunnelse, og som til og med veteraner innad i Frp er sv\u00e6rt stolte av \u00e5 ha p\u00e5 sitt lag.<\/b><\/p>\n<p>Livredde for formuesskatten<\/p>\n<p>Han er p\u00e5st\u00e5tt egenhendig \u00e5 ha s\u00f8rget for at (sv\u00e6rt) unge menn landet rundt har begynt \u00e5 g\u00e5 rundt med en bekymret mine i ansiktet. Livredde for at formuesskatten \u00f8delegger fedrelandet.<\/p>\n<p>  <a href=\"https:\/\/www.ao.no\/5-128-1117474\" class=\"related-teaser has-image default-opinion-teaser article--c-eRUmMG article--c-eRUmMG-jKCPdD-design-default\" rel=\"nofollow noopener\" target=\"_blank\"><\/p>\n<p>    <img decoding=\"async\" loading=\"lazy\"  src=\"https:\/\/www.europesays.com\/no\/wp-content\/uploads\/2025\/09\/1757002760_943_Kopi+av+MAL_KOMMENTAR_AO+%282%29.jpg\" alt=\"\" class=\"brick-c-cFOWSL\" style=\"\"\/><\/p>\n<p>\n            Les ogs\u00e5<\/p>\n<p>              \u00abIngen slagord. Bare seks millioner i skattelette til Nikolai Astrup\u00bb\n        <\/p>\n<p>  <\/a><\/p>\n<p>N\u00e5 sitter vi med fasiten:<\/p>\n<p><b>Simen Velle sjarmerte ikke elevene ved de videreg\u00e5ende skolene i Oslo i senk.<\/b><\/p>\n<p>Jeg er blitt fortalt av folk internt i Frp at Velle selv var mildt sagt skeptisk til \u00e5 stille til valg i Oslo. Han ville i stedet studere.<\/p>\n<p>Men folk satte seg p\u00e5 ham. En av dem som ut\u00f8vde mest press, var Tor Mikkel Wara selv, men ogs\u00e5 partiledelsen nasjonalt skal ha v\u00e6rt involvert.<\/p>\n<p>Hva forteller dette om valget i Oslo p\u00e5 mandag?<\/p>\n<p>Vel, min erfaring er at man skal v\u00e6re uhyre forsiktig med \u00e5 trekke bastante konklusjoner om hva skolevalget er et uttrykk for. Men det er vanskelig \u00e5 se helt bort fra muligheten for at Frp fortsatt ikke fremst\u00e5r like attraktive for velgerne som i resten av landet.<\/p>\n<p>Underprestert i 20 \u00e5r<\/p>\n<p><b>Det er isolert sett ikke s\u00e5 rart. Frp har underprestert i Oslo i hvert fall de siste 20 \u00e5rene i forhold til partiets oppslutning nasjonalt. Det vil de helt sikkert gj\u00f8re i \u00e5r ogs\u00e5. <\/b><\/p>\n<p>Sp\u00f8rsm\u00e5let er egentlig: Hvor mye vil de underprestere denne gangen?<\/p>\n<p>Frps skolevalgsresultat indikerer i hvert fall at Frps store framgang, som for alvor begynte for ett \u00e5r siden, ikke har visket ut skepsisen mot partiet blant byens velgere.<\/p>\n<p>Nedtur<\/p>\n<p>Men det er ogs\u00e5 andre ting som gj\u00f8r Oslo til en egen planet ved skolevalget. B\u00e5de nasjonalt og i Oslo ligger MDG an til \u00e5 bli en valgvinner. Ja, det meste tyder n\u00e5 p\u00e5 at det gr\u00f8nne partiet omsider f\u00e5r sitt gjennombrudd og kommer over sperregrensa p\u00e5 fire prosent.<\/p>\n<p>Oslo er MDGs desidert sterkeste valgkrets.<\/p>\n<p>Partiet er ogs\u00e5 kjent for \u00e5 appellere til unge velgere. \u00abGenerasjon Greta Thunberg\u00bb, som det var popul\u00e6rt \u00e5 snakke om for noen \u00e5r siden.<\/p>\n<p><b>P\u00e5 denne bakgrunnen gjorde vel MDG det skarpt i skolevalget?<\/b><\/p>\n<p>Niks.<\/p>\n<p><b>7,1 prosent.<\/b><\/p>\n<p>Som er litt svakere enn ved skolevalget i 2021, til og med.<\/p>\n<p>Tr\u00e6dal p\u00e5 Stortinget<\/p>\n<p><b>TV2s m\u00e5ling torsdag kveld plasserer dessuten bystyreprofilen Eivind Tr\u00e6dal p\u00e5 Stortinget selv om han er partiets fjerdekandidat. Tr\u00e6dal er ogs\u00e5 noe av et fenomen p\u00e5 sosiale medier selv.<\/b><\/p>\n<p><b>Mens de unge stjernene i H\u00f8yre, Mathilde Tybring-Gjedde og Unge H\u00f8yre-leder Ola Svenneby, er ute av dansen.<\/b><\/p>\n<p>Jeg vet ikke hvordan valget g\u00e5r p\u00e5 mandag, men jeg er ganske sikker p\u00e5 at dette er et stortingsvalg vi kommer til \u00e5 huske.<\/p>\n<p>  <a href=\"https:\/\/www.ao.no\/5-128-1133783\" class=\"related-teaser has-image default-opinion-teaser article--c-eRUmMG article--c-eRUmMG-jKCPdD-design-default\" rel=\"nofollow noopener\" target=\"_blank\"><\/p>\n<p>    <img decoding=\"async\" loading=\"lazy\"  src=\"https:\/\/www.europesays.com\/no\/wp-content\/uploads\/2025\/09\/Kopi+av+MAL_KOMMENTAR_AO.jpg\" alt=\"\" class=\"brick-c-cFOWSL\" style=\"\"\/><\/p>\n<p>\n            Les ogs\u00e5<\/p>\n<p>              Kvalmende misbruk av ordf\u00f8reren \u2013 og en skjending av Tamimas minne\n        <\/p>\n<p>  <\/a><\/p>\n<p>  <a href=\"https:\/\/www.ao.no\/5-128-1128031\" class=\"related-teaser has-image default-opinion-teaser article--c-eRUmMG article--c-eRUmMG-jKCPdD-design-default\" rel=\"nofollow noopener\" target=\"_blank\"><\/p>\n<p>    <img decoding=\"async\" loading=\"lazy\"  src=\"https:\/\/www.europesays.com\/no\/wp-content\/uploads\/2025\/09\/Kopi+av+MAL_KOMMENTAR_AO+-+2025-08-25T174002.630.jpg\" alt=\"\" class=\"brick-c-cFOWSL\" style=\"\"\/><\/p>\n<p>\n            Les ogs\u00e5<\/p>\n<p>              Denne gangen er det personlig\n        <\/p>\n<p>  <\/a><\/p>\n<p>  <a href=\"https:\/\/www.ao.no\/5-128-1088534\" class=\"related-teaser has-image default-opinion-teaser article--c-eRUmMG article--c-eRUmMG-jKCPdD-design-default\" rel=\"nofollow noopener\" target=\"_blank\"><\/p>\n<p>    <img decoding=\"async\" loading=\"lazy\"  src=\"https:\/\/www.europesays.com\/no\/wp-content\/uploads\/2025\/08\/Kopi+av+MAL_KOMMENTAR_AO+-+2025-08-05T102000.334.jpg\" alt=\"\" class=\"brick-c-cFOWSL\" style=\"\"\/><\/p>\n<p>\n            Les ogs\u00e5<\/p>\n<p>              Det som har kommet ut av skolebehovsplanen til n\u00e5, er total forvirring og full usikkerhet\n        <\/p>\n<p>  <\/a><\/p>\n<p>  <a href=\"https:\/\/www.ao.no\/5-128-1065765\" class=\"related-teaser has-image default-opinion-teaser article--c-eRUmMG article--c-eRUmMG-jKCPdD-design-default\" rel=\"nofollow noopener\" target=\"_blank\"><\/p>\n<p>    <img decoding=\"async\" loading=\"lazy\"  src=\"https:\/\/www.europesays.com\/no\/wp-content\/uploads\/2025\/09\/NTB_7zQjhOZbpLg.jpg\" alt=\"\" class=\"brick-c-cFOWSL\" style=\"\"\/><\/p>\n<p>\n            Les ogs\u00e5<\/p>\n<p>              En gang var Simen Velle en tydelig stemme\n        <\/p>\n<p>  <\/a><\/p>\n","protected":false},"excerpt":{"rendered":"Tvert i mot. I Oslo havner Frp p\u00e5 fjerdeplass. \u00abLille Oslo er en egen planet\u00bb fastslo som kjent&hellip;\n","protected":false},"author":2,"featured_media":27000,"comment_status":"","ping_status":"","sticky":false,"template":"","format":"standard","meta":{"footnotes":""},"categories":[10],"tags":[36,20,21,3595,24,25,15,22,23,13,30,28,29,14,1533,3594,16,4360,4174,26,27],"class_list":{"0":"post-26999","1":"post","2":"type-post","3":"status-publish","4":"format-standard","5":"has-post-thumbnail","7":"category-norge","8":"tag-art","9":"tag-breaking-news","10":"tag-breakingnews","11":"tag-eirik-mosveen","12":"tag-featured-news","13":"tag-featurednews","14":"tag-headlines","15":"tag-latest-news","16":"tag-latestnews","17":"tag-news","18":"tag-no","19":"tag-norge","20":"tag-norway","21":"tag-nyheter","22":"tag-opinion","23":"tag-oslodebatten","24":"tag-overskrifter","25":"tag-simen-velle","26":"tag-skolevalg-2025","27":"tag-top-stories","28":"tag-topstories"},"share_on_mastodon":{"url":"","error":""},"_links":{"self":[{"href":"https:\/\/www.europesays.com\/no\/wp-json\/wp\/v2\/posts\/26999","targetHints":{"allow":["GET"]}}],"collection":[{"href":"https:\/\/www.europesays.com\/no\/wp-json\/wp\/v2\/posts"}],"about":[{"href":"https:\/\/www.europesays.com\/no\/wp-json\/wp\/v2\/types\/post"}],"author":[{"embeddable":true,"href":"https:\/\/www.europesays.com\/no\/wp-json\/wp\/v2\/users\/2"}],"replies":[{"embeddable":true,"href":"https:\/\/www.europesays.com\/no\/wp-json\/wp\/v2\/comments?post=26999"}],"version-history":[{"count":0,"href":"https:\/\/www.europesays.com\/no\/wp-json\/wp\/v2\/posts\/26999\/revisions"}],"wp:featuredmedia":[{"embeddable":true,"href":"https:\/\/www.europesays.com\/no\/wp-json\/wp\/v2\/media\/27000"}],"wp:attachment":[{"href":"https:\/\/www.europesays.com\/no\/wp-json\/wp\/v2\/media?parent=26999"}],"wp:term":[{"taxonomy":"category","embeddable":true,"href":"https:\/\/www.europesays.com\/no\/wp-json\/wp\/v2\/categories?post=26999"},{"taxonomy":"post_tag","embeddable":true,"href":"https:\/\/www.europesays.com\/no\/wp-json\/wp\/v2\/tags?post=26999"}],"curies":[{"name":"wp","href":"https:\/\/api.w.org\/{rel}","templated":true}]}}