{"id":270201,"date":"2026-06-18T17:04:17","date_gmt":"2026-06-18T17:04:17","guid":{"rendered":"https:\/\/www.europesays.com\/no\/270201\/"},"modified":"2026-06-18T17:04:17","modified_gmt":"2026-06-18T17:04:17","slug":"rovdyr-natur-og-miljo-trekker-skadefelling-pa-ulv-med-umiddelbar-virkning","status":"publish","type":"post","link":"https:\/\/www.europesays.com\/no\/270201\/","title":{"rendered":"Rovdyr, Natur og milj\u00f8 | Trekker skadefelling p\u00e5 ulv med umiddelbar virkning"},"content":{"rendered":"\n<p>Det kommer fram i en pressemelding, torsdag ettermiddag.\u00a0<\/p>\n<p>Tidligere denne uken, var det to tillatelser p\u00e5 skadefelling av ulv.\u00a0<\/p>\n<p>\u00c9n i Rendalen, Alvdal og Tynset kommuner, og \u00e9n i flere kommuner i Tr\u00f8ndelag, samt Tynset og Folldal i Nord-\u00d8sterdal.\u00a0<\/p>\n<p>Ved 17-tiden torsdag kommer Statsforvalteren i Tr\u00f8ndelag med en ny vending.\u00a0<\/p>\n<p>Der informeres det at skadefellingstillatelsen p\u00e5 den aktuelle ulven trekkes, med umiddelbar virkning.\u00a0<\/p>\n<p>Dette fordi at DNA-pr\u00f8ver viser at ulven er viktig for \u00e5 styrke den genetiske variasjonen i ulvestammen.\u00a0<\/p>\n<p>\u00abAnalyse av DNA-pr\u00f8ven fra ulven som har gjort skade p\u00e5 sau og lam i kommunene Oppdal og Midtre Gauldal viser at ulven er en finsk-russisk immigrant, og dermed er definert som en genetisk viktig ulv. \u00bb<\/p>\n<p>Skadefellingstillatelsen ble gitt 15. juni, men er n\u00e5 alts\u00e5 trukket tilbake.\u00a0<\/p>\n<p>\u2013 Retningslinjene for genetisk viktig ulv sier at slike individer skal gis s\u00e6rskilt beskyttelse for \u00e5 sikre at disse ulvene f\u00e5r bidra til \u00e5 styrke den genetiske variasjonen i ulvestammen. Skadene den aktuelle ulven har p\u00e5f\u00f8rt sau og lam har skjedd p\u00e5 grensen mellom Tr\u00f8ndelag og Innlandet, og at vi har tett dialog med Statsforvalteren i Innlandet om situasjonen. Vi er ogs\u00e5 i dialog med beiten\u00e6ringa samt Milj\u00f8direktoratet for \u00e5 diskutere mulige tiltak, sier klima- og milj\u00f8direkt\u00f8r Line Lund Fjellv\u00e6r hos Statsforvalteren i Tr\u00f8ndelag.<\/p>\n<p>Det st\u00e5r ingenting i pressemeldingen at skadefellingen p\u00e5 ulven i Rendalen, Alvdal og Tynset er trukket tilbake, og den gjelder da fortsatt.\u00a0<\/p>\n<p>  <a href=\"https:\/\/www.ostlendingen.no\/80-69-277880\" class=\"related-teaser article--c-MkAkR\" rel=\"nofollow noopener\" target=\"_blank\"><\/p>\n<p>\n            Les ogs\u00e5<\/p>\n<p>            To fellingstillatelser p\u00e5 ulv: \u2013 Skadepotensialet er stort\n        <\/p>\n<p>  <\/a><\/p>\n<p>  <a href=\"https:\/\/www.ostlendingen.no\/80-69-276537\" class=\"related-teaser has-image article--c-MkAkR\" rel=\"nofollow noopener\" target=\"_blank\"><\/p>\n<p>    <img decoding=\"async\" width=\"155\"  loading=\"lazy\"  src=\"https:\/\/www.europesays.com\/no\/wp-content\/uploads\/2026\/06\/Ulv%20terningmoen.jpeg\" alt=\"\" class=\"brick-c-cFOWSL\" style=\"\"\/><\/p>\n<p>\n            Les ogs\u00e5<\/p>\n<p>            Ulv skutt i Elverum\n        <\/p>\n<p>  <\/a><\/p>\n","protected":false},"excerpt":{"rendered":"Det kommer fram i en pressemelding, torsdag ettermiddag.\u00a0 Tidligere denne uken, var det to tillatelser p\u00e5 skadefelling av&hellip;\n","protected":false},"author":2,"featured_media":268838,"comment_status":"","ping_status":"","sticky":false,"template":"","format":"standard","meta":{"footnotes":"","_share_on_mastodon":"0"},"categories":[10],"tags":[36,20,21,24,25,4179,15,22,23,1744,13,30,1745,28,29,14,16,1520,1510,26,27,4177],"class_list":["post-270201","post","type-post","status-publish","format-standard","has-post-thumbnail","category-norge","tag-art","tag-breaking-news","tag-breakingnews","tag-featured-news","tag-featurednews","tag-folldal","tag-headlines","tag-latest-news","tag-latestnews","tag-natur-og-miljo","tag-news","tag-no","tag-nord-osterdal","tag-norge","tag-norway","tag-nyheter","tag-overskrifter","tag-rovdyr","tag-story","tag-top-stories","tag-topstories","tag-tynset"],"share_on_mastodon":{"url":"https:\/\/pubeurope.com\/@no\/116772200018020219","error":""},"_links":{"self":[{"href":"https:\/\/www.europesays.com\/no\/wp-json\/wp\/v2\/posts\/270201","targetHints":{"allow":["GET"]}}],"collection":[{"href":"https:\/\/www.europesays.com\/no\/wp-json\/wp\/v2\/posts"}],"about":[{"href":"https:\/\/www.europesays.com\/no\/wp-json\/wp\/v2\/types\/post"}],"author":[{"embeddable":true,"href":"https:\/\/www.europesays.com\/no\/wp-json\/wp\/v2\/users\/2"}],"replies":[{"embeddable":true,"href":"https:\/\/www.europesays.com\/no\/wp-json\/wp\/v2\/comments?post=270201"}],"version-history":[{"count":0,"href":"https:\/\/www.europesays.com\/no\/wp-json\/wp\/v2\/posts\/270201\/revisions"}],"wp:featuredmedia":[{"embeddable":true,"href":"https:\/\/www.europesays.com\/no\/wp-json\/wp\/v2\/media\/268838"}],"wp:attachment":[{"href":"https:\/\/www.europesays.com\/no\/wp-json\/wp\/v2\/media?parent=270201"}],"wp:term":[{"taxonomy":"category","embeddable":true,"href":"https:\/\/www.europesays.com\/no\/wp-json\/wp\/v2\/categories?post=270201"},{"taxonomy":"post_tag","embeddable":true,"href":"https:\/\/www.europesays.com\/no\/wp-json\/wp\/v2\/tags?post=270201"}],"curies":[{"name":"wp","href":"https:\/\/api.w.org\/{rel}","templated":true}]}}