{"id":270305,"date":"2026-06-18T18:44:19","date_gmt":"2026-06-18T18:44:19","guid":{"rendered":"https:\/\/www.europesays.com\/no\/270305\/"},"modified":"2026-06-18T18:44:19","modified_gmt":"2026-06-18T18:44:19","slug":"fotball-sport-slik-presenteres-granaas-snappet-stortalentet-foran-nesen-pa-europeiske-giganter","status":"publish","type":"post","link":"https:\/\/www.europesays.com\/no\/270305\/","title":{"rendered":"Fotball, Sport | Slik presenteres Granaas: \u2013 Snappet stortalentet foran nesen p\u00e5 europeiske giganter"},"content":{"rendered":"\n<p>\u2013 FC Porto styrker troppen sin med Eirik Granaas, en norsk ungdomslandslagsspiller, som i f\u00f8rste omgang blir med p\u00e5 B-laget. Se hvordan den 16 \u00e5r gamle norske midtbanespilleren fra Fredrikstad spiller.<\/p>\n<p>I storavisen <a href=\"https:\/\/www.ojogo.pt\/futebol\/artigo\/veja-como-joga-eirik-granaas-medio-de-16-anos-que-vai-assinar-pelo-fc-porto\/18096592\" rel=\"Follow nofollow noopener\" target=\"_blank\">Ojogo<\/a> som f\u00f8lger de portugisiske storklubbene tett blir Gran\u00e5s presentert med en video av noen av h\u00f8ydepunktene fra hans relativt korte tid i FFK-drakta.<\/p>\n<p>De har ogs\u00e5 publisert en fotomontasje av ham i Porto-drakt.<\/p>\n<p>Avtalen kan dobles<\/p>\n<p>Etter hva Fredriksstad Blad erfarer mottar FFK et sted mellom 20 og 25 millioner kroner umiddelbart.<\/p>\n<p>Dersom Granaas blir en hit hos den regjerende portugisiske seriemesteren, kan avtalen vokse til det dobbelte.<\/p>\n<p>FFK har ogs\u00e5 sikret seg lukrativ videresalgsavtale p\u00e5 10\u201315 prosent, mens det vanlige i Europa er 5\u201310 prosent.<\/p>\n<p>Avtalen vil trolig bli offisiell i l\u00f8pet av de n\u00e6rmeste dagene<\/p>\n<p>Tre\u00e5rskontrakt<\/p>\n<p>Portugals st\u00f8rste sportsavis <a href=\"https:\/\/www.abola.pt\/noticias\/mercado-eirik-granaas-ja-esta-no-porto-a-ultimar-detalhes-do-contrato-2026061813330711325\" rel=\"Follow nofollow noopener\" target=\"_blank\">A Bola<\/a> skriver dette om den forest\u00e5ende overgangen.<\/p>\n<p>   <img decoding=\"async\" width=\"667\" height=\"700\" fetchpriority=\"low\"  loading=\"lazy\"  src=\"https:\/\/www.europesays.com\/no\/wp-content\/uploads\/2026\/06\/GRA-1.jpg\" alt=\"\" class=\"brick-c-cFOWSL\" style=\"--brick-image-ratio: 667 \/ 700;\"\/><\/p>\n<p>      A Bola hevder at Eirik Granaas kun er en medisinsk test unna en kontrakt med Porto.<\/p>\n<p>\u2013 Den portugisiske storklubben skal ha kommet til enighet om en overgangssum p\u00e5 2,5 millioner euro (pluss klausuler), og har dermed snappet stortalentet foran nesen p\u00e5 europeiske giganter som Chelsea, Real Madrid, Bayern M\u00fcnchen, Arsenal og Liverpool.<\/p>\n<p>\u2013 Den offisielle kunngj\u00f8ringen av spilleren som ny signering for Porto er imidlertid avhengig av at noen detaljer i avtalen er fullf\u00f8rt og n\u00f8dvendige medisinske unders\u00f8kelser er gjennomf\u00f8rt. Hvis alt g\u00e5r som planlagt, vil det unge talentet signere en tre\u00e5rskontrakt som varer til 2029, skriver A Bola.<\/p>\n<p>    Med p\u00e5 oppkj\u00f8ringen<\/p>\n<p>FC Portos B-lag vil v\u00e6re hans viktigste konkurransearena. De spiller p\u00e5 andre niv\u00e5 i det portugisiske seriesystemet og havnet forrige sesong p\u00e5 en 5. plass.<\/p>\n<p>\u2013 Potensialet som tilskrives ham \u00e5pner imidlertid muligheten for A-lagsspill, hvor trener  vil f\u00f8lge ham under oppkj\u00f8ringen til kommende sesong.<\/p>\n<p>            Dette er FC Porto<\/p>\n<p><b>Futebol Clube do Porto<\/b> (ofte bare kalt <b>FC Porto<\/b> eller <b>Porto<\/b>) er en av Portugals mest suksessrike og historiske fotballklubber.<\/p>\n<p>FC Porto regnes som en av \u00abde tre store\u00bb (Tr\u00eas Grandes) i Portugal, sammen med Lisboa-rivalene Benfica og Sporting CP. Klubben har aldri rykket ned fra den \u00f8verste divisjonen (Primeira Liga).<\/p>\n<p>Trenes av <b>Francesco Farioli<\/b> og er regjerende vinnere av den hjemelige ligaen. Kvalifsert for kommende sesongs Champions Leauge. <\/p>\n<ul>\n<li>\n<p><b>Grunnlagt:<\/b> 28. september 1893 (reaktivert i 1906).<\/p>\n<\/li>\n<li>\n<p><b>Hjemmeby:<\/b> Porto, Portugal.<\/p>\n<\/li>\n<li>\n<p><b>Kallenavn:<\/b> Drag\u00f5es (Dragene) og Azuis e Brancos (De bl\u00e5 og hvite).<\/p>\n<\/li>\n<li>\n<p><b>Hjemmebane:<\/b> Est\u00e1dio do Drag\u00e3o (\u00e5pnet i 2003, kapasitet p\u00e5 <b>50 033<\/b> tilskuere).<\/p>\n<\/li>\n<\/ul>\n<p>A Bola gj\u00f8r et poeng av at Gran\u00e5s , da han tok Martin \u00d8degaards rekord som den yngste spilleren i den norske Eliteserien.<\/p>\n<p>\u2013 Dette blir et utrolig spennende steg for den norske unggutten, konkluderer avisen.<\/p>\n<p>P\u00e5 plass i Porto<\/p>\n<p>   <img decoding=\"async\" width=\"537\" height=\"653\" fetchpriority=\"low\"  loading=\"lazy\"  src=\"https:\/\/www.europesays.com\/no\/wp-content\/uploads\/2026\/06\/Skjermbilde+2026-06-18+173547.png\" alt=\"\" class=\"brick-c-cFOWSL\" style=\"--brick-image-ratio: 537 \/ 653;\"\/><\/p>\n<p>Den Lisboa-baserte sportsavisen Record melder at Eirik Granaas allerede er p\u00e5 plass i Portugal for \u00e5 forsterke Porto.<\/p>\n<p>\u2013 Avtalen er enn\u00e5 ikke endelig i boks, men det foreligger allerede en prinsipiell avtale. Det norske vidunderbarnet, bare 16 \u00e5r gammel, forventes \u00e5 signere en tre\u00e5rskontrakt, gyldig til 2029, bekrefter ogs\u00e5 de.<\/p>\n<p>  <a href=\"https:\/\/www.f-b.no\/5-59-3939201\" class=\"related-teaser has-image article--c-MkAkR\" rel=\"nofollow noopener\" target=\"_blank\"><\/p>\n<p>    <img decoding=\"async\" width=\"155\"  loading=\"lazy\"  src=\"https:\/\/www.europesays.com\/no\/wp-content\/uploads\/2026\/06\/1781808259_905_cueres_scp-mangler_navn_Hvnk3V-caI8.jpg\" alt=\"\" class=\"brick-c-cFOWSL\" style=\"\"\/><\/p>\n<p>\n            Les ogs\u00e5<\/p>\n<p>            Siste: Eirik Granaas (16) selges til Champions League-klubb\n        <\/p>\n<p>  <\/a><\/p>\n","protected":false},"excerpt":{"rendered":"\u2013 FC Porto styrker troppen sin med Eirik Granaas, en norsk ungdomslandslagsspiller, som i f\u00f8rste omgang blir med&hellip;\n","protected":false},"author":2,"featured_media":270306,"comment_status":"","ping_status":"","sticky":false,"template":"","format":"standard","meta":{"footnotes":"","_share_on_mastodon":"0"},"categories":[59],"tags":[36,23349,513,92,30,28,29,20378,83,82,1510],"class_list":["post-270305","post","type-post","status-publish","format-standard","has-post-thumbnail","category-sport","tag-art","tag-eirik-granaas","tag-ffk","tag-fotball","tag-no","tag-norge","tag-norway","tag-porto","tag-sport","tag-sports","tag-story"],"share_on_mastodon":{"url":"https:\/\/pubeurope.com\/@no\/116772593339960038","error":""},"_links":{"self":[{"href":"https:\/\/www.europesays.com\/no\/wp-json\/wp\/v2\/posts\/270305","targetHints":{"allow":["GET"]}}],"collection":[{"href":"https:\/\/www.europesays.com\/no\/wp-json\/wp\/v2\/posts"}],"about":[{"href":"https:\/\/www.europesays.com\/no\/wp-json\/wp\/v2\/types\/post"}],"author":[{"embeddable":true,"href":"https:\/\/www.europesays.com\/no\/wp-json\/wp\/v2\/users\/2"}],"replies":[{"embeddable":true,"href":"https:\/\/www.europesays.com\/no\/wp-json\/wp\/v2\/comments?post=270305"}],"version-history":[{"count":0,"href":"https:\/\/www.europesays.com\/no\/wp-json\/wp\/v2\/posts\/270305\/revisions"}],"wp:featuredmedia":[{"embeddable":true,"href":"https:\/\/www.europesays.com\/no\/wp-json\/wp\/v2\/media\/270306"}],"wp:attachment":[{"href":"https:\/\/www.europesays.com\/no\/wp-json\/wp\/v2\/media?parent=270305"}],"wp:term":[{"taxonomy":"category","embeddable":true,"href":"https:\/\/www.europesays.com\/no\/wp-json\/wp\/v2\/categories?post=270305"},{"taxonomy":"post_tag","embeddable":true,"href":"https:\/\/www.europesays.com\/no\/wp-json\/wp\/v2\/tags?post=270305"}],"curies":[{"name":"wp","href":"https:\/\/api.w.org\/{rel}","templated":true}]}}