{"id":27046,"date":"2025-09-04T17:06:09","date_gmt":"2025-09-04T17:06:09","guid":{"rendered":"https:\/\/www.europesays.com\/no\/27046\/"},"modified":"2025-09-04T17:06:09","modified_gmt":"2025-09-04T17:06:09","slug":"sunda-blir-borte","status":"publish","type":"post","link":"https:\/\/www.europesays.com\/no\/27046\/","title":{"rendered":"Sunda blir borte"},"content":{"rendered":"<p class=\"kicker bg-cyan color_mobile_bg-cyan text-black hasTextPadding mobile-hasTextPadding\" style=\"\">Dagligvare:<\/p>\n<p>  Etter 95 \u00e5r er det slutt for det s\u00f8te, gylne p\u00e5legget.<\/p>\n<p>\n    HVILKEN SKAL UT: Snart er det slutt for p\u00e5leggshyllas s\u00f8teste p\u00e5legg, men mange st\u00e5r klar til \u00e5 ta over.\n  <\/p>\n<p>    Kort fortalt<\/p>\n<ul>\n<li class=\"lab-bodytext-line\">Sunda, Norges s\u00f8teste p\u00e5legg, har blitt produsert siden 1930, men torsdag 4. september var det slutt p\u00e5 produksjonen.\u00a0<\/li>\n<li class=\"lab-bodytext-line\">Kristoffer Vikebak fra Orkla sier at lave salgstall og gamle maskiner er \u00e5rsaken til nedleggelsen.<\/li>\n<li class=\"lab-bodytext-line\">Nordmenn elsker fortsatt s\u00f8tt p\u00e5legg, men andre smaker som Nugatti er n\u00e5 mer popul\u00e6re.<\/li>\n<\/ul>\n<p>Sammendraget er laget av ChatGPT og godkjent av DinSide.<\/p>\n<p>      Vis mer<br \/>\n      Vis mindre<\/p>\n<p>Du har helt sikkert sett det, men har du smakt det? Norges s\u00f8teste p\u00e5legg Sunda har blitt produsert p\u00e5 Tveita i Oslo siden 1930. N\u00e5 er det slutt. Denne uka gikk den siste boksen av samleb\u00e5ndet.\u00a0<\/p>\n<p class=\"font-weight-bold m-font-weight-bold\" data-lab-font_weight=\"font-weight-bold\">&#8211; Det er vemodig \u00e5 avslutte et ikonisk produkt som Sunda, det er ikke noe vi gj\u00f8r med lett hjerte, sier Kristoffer Vikebak, kommunikasjonsr\u00e5dgiver i Orkla, til DinSide.<\/p>\n<p> Da Sunda ble lansert var det det f\u00f8rste ferdige rene s\u00f8tp\u00e5legget i Norge, og mange har et nostalgisk forhold til p\u00e5leggsklassikeren. Men n\u00e5 er det alts\u00e5 slutt. <\/p>\n<p>          <img loading=\"lazy\" decoding=\"async\" src=\"https:\/\/www.europesays.com\/no\/wp-content\/uploads\/2025\/09\/83548851.webp\" width=\"980\" height=\"559\" title=\"SLUTT: Torsdag gikk den siste boksen av samleb\u00e5ndet p\u00e5 fabrikken p\u00e5 Tveita i Oslo. Foto: Kristoffer Vikebak \/ Orkla\" alt=\"\" class=\"\" style=\"--aspect-ratio-image: 1.75; \"\/><\/p>\n<p>\n          SLUTT: Torsdag gikk den siste boksen av samleb\u00e5ndet p\u00e5 fabrikken p\u00e5 Tveita i Oslo. Foto: Kristoffer Vikebak \/ Orkla\n      <\/p>\n<p>Det er flere \u00e5rsaker til at produksjonen stoppes, if\u00f8lge Vikebak. Sunda har hatt lave salgstall og begrenset distribusjon over flere \u00e5r, men det er produksjonsmessige \u00e5rsaker som gj\u00f8r at produktet n\u00e5 g\u00e5r over i historieb\u00f8kene.\u00a0<\/p>\n<p class=\"font-weight-bold m-font-weight-bold\" data-lab-font_weight=\"font-weight-bold\">&#8211; Maskinene Sunda produseres p\u00e5 er gamle og m\u00e5 skiftes ut for \u00e5 kunne fortsette produksjonen. En s\u00e5 stor investering kan ikke forsvares for et produkt med lave salgstall, sier Vikebak.<\/p>\n<p>Glad i s\u00f8tt p\u00e5legg\t<\/p>\n<p>Sunda best\u00e5r av \u00abinvertsukker\u00bb, vann, honning, farge og aroma, og selv om det beskrives som \u00abdet gylne p\u00e5legget\u00bb, er det s\u00f8tsmaken som er dominerende. Men vi nordmenn er fortsatt glad i s\u00f8tt p\u00e5legg, if\u00f8lge Vikebak.\u00a0<\/p>\n<p>&#8211; Vi spiser mindre br\u00f8d enn f\u00f8r, men s\u00f8tp\u00e5legg st\u00e5r fortsatt sterkt. Det er bare andre smaker som er mer popul\u00e6re i 2025, noe Nugattis salgs\u00f8kning p\u00e5 7 prosent i fjor er et bevis p\u00e5. <\/p>\n<p>          <img loading=\"lazy\" decoding=\"async\" src=\"https:\/\/www.europesays.com\/no\/wp-content\/uploads\/2025\/09\/83547787.webp\" width=\"686\" height=\"392\" title=\"KJEKSSM\u00d8R: Sm\u00f8rep\u00e5legg med smak av kjeks er popul\u00e6rt. Vi m\u00e5tte innom tre butikker f\u00f8r vi fant en som hadde Biscoff igjen. Foto: Frida Tvedte Matre\" alt=\"biuscoff, hap\u00e5, nugatti\" class=\"\" style=\"--aspect-ratio-image: 1.75; \"\/><\/p>\n<p>\n          KJEKSSM\u00d8R: Sm\u00f8rep\u00e5legg med smak av kjeks er popul\u00e6rt. Vi m\u00e5tte innom tre butikker f\u00f8r vi fant en som hadde Biscoff igjen. Foto: Frida Tvedte Matre\n      <\/p>\n<p>De ser ikke p\u00e5 andre alternativer, men trekker fram nettopp Nugatti som et alternativ n\u00e5r Sunda n\u00e5 fjernes fra den s\u00f8te delen av p\u00e5leggshylla. I fjor ble det solgt over 150 ganger s\u00e5 mye Nugatti som Sunda.\u00a0<\/p>\n<p>N\u00f8ttesm\u00f8r blir ogs\u00e5 stadig mer popul\u00e6rt, og de siste \u00e5rene har ogs\u00e5 s\u00e5kalt cookie-butter, sm\u00f8rep\u00e5legg med kjekssmak, f\u00e5tt feste.\u00a0<\/p>\n<p>        Hvilke produkter savner du?<\/p>\n<p class=\"subtitle\">Flere ganger i \u00e5ret kommer en rekke nye produkter i butikk, og n\u00e5r noen skal inn, m\u00e5 andre ut, og i disse dager gj\u00f8r butikkene hyllene klar til \u00e5rets siste store produktslipp. Har din favoritt forsvunnet? Eller har produsenten endret st\u00f8rrelse, pris eller oppskrift? Da blir vi glad for tips!<\/p>\n<p>Selv om Nutella stadig trender p\u00e5 sosiale medier, noe som har gitt Nugatti og andre n\u00f8ttesjokoladep\u00e5legg en ny boost, har Norge et par s\u00e6rnorske p\u00e5legg som Sunda, Banos, N\u00f8tte og Hap\u00e5.\u00a0<\/p>\n<p>Faste produktslipp\u00a0\t<\/p>\n<p>Det ser kanskje veldig likt ut, men det skjer stadig sm\u00e5 og store utskiftninger i norske matbutikker.\u00a0<\/p>\n<p>Tre ganger i \u00e5ret lanseres en rekke nye produkter samtidig, uke 8, 18 og 38, noe som gjerne kalles for \u00ablanseringsvinduer\u00bb eller \u00abproduktslipp\u00bb. Samtidig som nye kommer til, m\u00e5 vi ogs\u00e5 ta farvel med flere.\u00a0<\/p>\n<p>          <img loading=\"lazy\" decoding=\"async\" src=\"https:\/\/www.europesays.com\/no\/wp-content\/uploads\/2025\/09\/83516730.webp\" width=\"686\" height=\"392\" title=\"SUNDA-GUTTEN: Sunda har ogs\u00e5 gitt opphav til den s\u00e5kalte \u00abSunda-gutten\u00bb, en lyslugget pjokk, med till\u00f8p til Skippern-muskler p\u00e5 den ene armen, som prydet boksen. Foto: Orkla\" alt=\"\" class=\"\" style=\"--aspect-ratio-image: 1.75; \"\/><\/p>\n<p>\n          SUNDA-GUTTEN: Sunda har ogs\u00e5 gitt opphav til den s\u00e5kalte \u00abSunda-gutten\u00bb, en lyslugget pjokk, med till\u00f8p til Skippern-muskler p\u00e5 den ene armen, som prydet boksen. Foto: Orkla\n      <\/p>\n<p>De aller fleste av dem er relativt nye produkter som ikke har f\u00e5tt godt nok feste, andre produkter som kun er produsert i begrenset opplag. Men vi har ogs\u00e5 m\u00e5ttet vinke farvel til en rekke gamle klassikere, som for eksempel <a href=\"https:\/\/www.dagbladet.no\/mat\/snart-er-denne-borte\/70774073\" rel=\"nofollow noopener\" target=\"_blank\">Lohengren<\/a>, <a href=\"https:\/\/dinside.dagbladet.no\/fritid\/na-er-det-slutt\/81928956\" rel=\"nofollow noopener\" target=\"_blank\">Kavli Kaviar<\/a>, <a href=\"https:\/\/dinside.dagbladet.no\/fritid\/na-er-det-slutt\/82497063\" rel=\"nofollow noopener\" target=\"_blank\">Grandiosa hjertepizza<\/a> og <a href=\"https:\/\/dinside.dagbladet.no\/fritid\/slutt-for-frossenfavoritt\/82662504\" rel=\"nofollow noopener\" target=\"_blank\">\u00abSkikkelig hot pizza\u00bb med ananas<\/a>.<\/p>\n<p class=\"font-weight-bold m-font-weight-bold\" data-lab-font_weight=\"font-weight-bold\">Det hender ogs\u00e5 at hele varelinjer blir borte, som da Orkla la ned \u00abikke den, ikke den, men\u00a0<a href=\"https:\/\/www.dagbladet.no\/nyheter\/orkla-legger-ned-denja-satser-stort-pa-grandis\/67558225\" rel=\"nofollow noopener\" target=\"_blank\">Denja<\/a>\u00bb.<\/p>\n","protected":false},"excerpt":{"rendered":"Dagligvare: Etter 95 \u00e5r er det slutt for det s\u00f8te, gylne p\u00e5legget. HVILKEN SKAL UT: Snart er det&hellip;\n","protected":false},"author":2,"featured_media":27047,"comment_status":"","ping_status":"","sticky":false,"template":"","format":"standard","meta":{"footnotes":""},"categories":[56],"tags":[60,61,728,62,30,28,29],"class_list":{"0":"post-27046","1":"post","2":"type-post","3":"status-publish","4":"format-standard","5":"has-post-thumbnail","7":"category-naeringsliv","8":"tag-business","9":"tag-economy","10":"tag-fritid","11":"tag-naeringsliv","12":"tag-no","13":"tag-norge","14":"tag-norway"},"share_on_mastodon":{"url":"","error":""},"_links":{"self":[{"href":"https:\/\/www.europesays.com\/no\/wp-json\/wp\/v2\/posts\/27046","targetHints":{"allow":["GET"]}}],"collection":[{"href":"https:\/\/www.europesays.com\/no\/wp-json\/wp\/v2\/posts"}],"about":[{"href":"https:\/\/www.europesays.com\/no\/wp-json\/wp\/v2\/types\/post"}],"author":[{"embeddable":true,"href":"https:\/\/www.europesays.com\/no\/wp-json\/wp\/v2\/users\/2"}],"replies":[{"embeddable":true,"href":"https:\/\/www.europesays.com\/no\/wp-json\/wp\/v2\/comments?post=27046"}],"version-history":[{"count":0,"href":"https:\/\/www.europesays.com\/no\/wp-json\/wp\/v2\/posts\/27046\/revisions"}],"wp:featuredmedia":[{"embeddable":true,"href":"https:\/\/www.europesays.com\/no\/wp-json\/wp\/v2\/media\/27047"}],"wp:attachment":[{"href":"https:\/\/www.europesays.com\/no\/wp-json\/wp\/v2\/media?parent=27046"}],"wp:term":[{"taxonomy":"category","embeddable":true,"href":"https:\/\/www.europesays.com\/no\/wp-json\/wp\/v2\/categories?post=27046"},{"taxonomy":"post_tag","embeddable":true,"href":"https:\/\/www.europesays.com\/no\/wp-json\/wp\/v2\/tags?post=27046"}],"curies":[{"name":"wp","href":"https:\/\/api.w.org\/{rel}","templated":true}]}}