{"id":27070,"date":"2025-09-04T17:34:10","date_gmt":"2025-09-04T17:34:10","guid":{"rendered":"https:\/\/www.europesays.com\/no\/27070\/"},"modified":"2025-09-04T17:34:10","modified_gmt":"2025-09-04T17:34:10","slug":"jan-thomas-om-pride-kjaerlighet-og-kampen-for-aksept-i-norge","status":"publish","type":"post","link":"https:\/\/www.europesays.com\/no\/27070\/","title":{"rendered":"Jan Thomas om Pride, kj\u00e6rlighet og kampen for aksept i Norge"},"content":{"rendered":"<p class=\"kicker \" style=\"\">Jan Thomas<\/p>\n<p>  Jan Thomas st\u00e5r opp mot fordommer og kjemper for kj\u00e6rlighet og frihet under Pride-markeringen i Mo i Rana.<\/p>\n<p>\n    SK\u00c5R I GLEDEN: Det som skulle v\u00e6re en hyggelig tur til Mo i Rana, fikk en lei start. Foto: Shad Madian \/ Se og H\u00f8r\n  <\/p>\n<p>F\u00e5 personer i Norge har satt s\u00e5 tydelig preg p\u00e5 samtalen om kj\u00e6rlighet, aksept og frihet som det programleder og kjendisstylist Jan Thomas (58) har gjort.<\/p>\n<p>    <a itemprop=\"url\" href=\"https:\/\/www.seher.no\/kjendis\/giorgio-armani-er-dod\/83549415\" rel=\"nofollow noopener\" target=\"_blank\"><\/p>\n<p>      <img loading=\"lazy\" decoding=\"async\" src=\"https:\/\/www.europesays.com\/no\/wp-content\/uploads\/2025\/09\/83549427.webp\" width=\"980\" height=\"441\" title=\"Giorgio Armani er d\u00f8d\" alt=\"\" class=\"lazyload\" style=\"--aspect-ratio-image: 2.22; \"\/><\/p>\n<p>        Giorgio Armani er d\u00f8d<\/p>\n<p>    <\/a><\/p>\n<p>\u00a0Gjennom hele sin karriere har han v\u00e6rt en uredd forkjemper for retten til \u00e5 v\u00e6re seg selv, og Pride-feiringen har alltid hatt en spesiell plass i hjertet hans.\u00a0<\/p>\n<p>For ham handler Pride om mer enn fest og farger &#8211; det handler om liv, verdighet og kampen for et samfunn der alle kan puste fritt.<\/p>\n<p>Jan Thomas har aldri lagt skjul p\u00e5 at hans egen reise har v\u00e6rt preget av b\u00e5de motgang og styrke. Som \u00e5pent homofil i en tid der fordommer fremdeles preget hverdagen, vet han hvor viktig det er \u00e5 ha forbilder som viser at kj\u00e6rlighet aldri kan v\u00e6re feil.\u00a0<\/p>\n<p>Nettopp derfor stiller han \u00e5r etter \u00e5r opp i diskusjoner som omhandler feiringen &#8211; ikke bare som en kjendis som blir sett, men som et medmenneske som vil gi h\u00e5p.<\/p>\n<p>          <img loading=\"lazy\" decoding=\"async\" src=\"https:\/\/www.europesays.com\/no\/wp-content\/uploads\/2025\/09\/83501664.webp\" width=\"686\" height=\"1029\" title=\"KJ\u00c6RLIGHETENS FORKJEMPER: Jan Thomas skal ogs\u00e5 lede \u00abJakten p\u00e5 kj\u00e6rligheten\u00bb den kommende sesongen. Foto: Shad Madian \/ Se og H\u00f8r\" alt=\"\" class=\"\" style=\"--aspect-ratio-image: 0.67; \"\/><\/p>\n<p>\n          KJ\u00c6RLIGHETENS FORKJEMPER: Jan Thomas skal ogs\u00e5 lede \u00abJakten p\u00e5 kj\u00e6rligheten\u00bb den kommende sesongen. Foto: Shad Madian \/ Se og H\u00f8r\n      <\/p>\n<p>N\u00e5r regnbueflagget vaier over Oslos gater, st\u00e5r Jan Thomas der med en varme og entusiasme som smitter. Han minner oss p\u00e5 hvorfor Pride eksisterer &#8211; fordi friheten til \u00e5 elske og leve \u00e5pent fremdeles ikke er en selvf\u00f8lge for alle.\u00a0<\/p>\n<p>Med sin stemme n\u00e5r han bredt ut &#8211; til unge som famler med identiteten sin, til foreldre som \u00f8nsker \u00e5 forst\u00e5, og til samfunnet som helhet.<\/p>\n<p>        VEMODIG: Jan Thomas og Harlem Alexander selger sitt f\u00f8rste hjem, men det er ikke bare gledelig \u00e5 forlate Frogner-palasset, if\u00f8lge duoen. Video: H\u00e5vard Bj\u00f8rnerem \/\/ MAX <\/p>\n<p class=\"font-weight-bold m-font-weight-bold\" data-lab-font_weight=\"font-weight-bold\">Han deler historier fra eget liv, snakker \u00e5pent om s\u00e5rbarhet, og bruker sin posisjon til \u00e5 fremme inkludering. For mange er han et bevis p\u00e5 at styrke og s\u00e5rbarhet kan g\u00e5 h\u00e5nd i h\u00e5nd &#8211; og at vi alle har et ansvar for \u00e5 l\u00f8fte hverandre opp.<\/p>\n<p>          <img loading=\"lazy\" decoding=\"async\" src=\"https:\/\/www.europesays.com\/no\/wp-content\/uploads\/2025\/09\/83234266.webp\" width=\"686\" height=\"590\" title=\"SNART ER DET OSS: Jan Thomas og Harlem Alexander skal etter sigende gifte seg i 2026. Her er paret avbildet med sin pelskledde bestevenn, Tyr. Foto: Espen Solli\/Se og H\u00f8r\" alt=\"\" class=\"\" style=\"--aspect-ratio-image: 1.16; \"\/><\/p>\n<p>\n          SNART ER DET OSS: Jan Thomas og Harlem Alexander skal etter sigende gifte seg i 2026. Her er paret avbildet med sin pelskledde bestevenn, Tyr. Foto: Espen Solli\/Se og H\u00f8r\n      <\/p>\n<p>Pride handler om kj\u00e6rlighet, og f\u00e5 formidler dette bedre enn Jan Thomas. Han viser at det \u00e5 st\u00e5 opp for seg selv ogs\u00e5 er \u00e5 st\u00e5 opp for andre. Hans deltakelse i feiringen er en p\u00e5minnelse om at kampen ikke er over, men at vi &#8211; sammen &#8211; kan bygge et samfunn der regnbuen f\u00e5r skinne for alle.<\/p>\n<p>        STOR FEIRING: Kronprinsparet m\u00e5tte bort for \u00e5 snakke med hedersgjesten, noe som vekket store f\u00f8lelser. Foto: NTB \/\/ Video: H\u00e5vard Bj\u00f8rnerem<\/p>\n<p>&#8211; Men det som har skjedd i Mo i Rana n\u00e5, vitner om at den den fortsatt ikke skinner for alle. Det er fortsatt ikke trygt \u00e5 bare v\u00e6re seg selv. Det finnes fortsatt dem som ikke aksepterer mangfoldet i samfunnet &#8211; og det syns jeg er horribelt trist, sier han til Se og H\u00f8r.<\/p>\n<p>Jan Thomas har nemlig lenge planlagt en reise til kommunen i Nordland &#8211; han skal feire den lokale Jan Thomas Studios-salongen.<\/p>\n<p>        DOKUMENTARSERIE: Netflix har sluppet den f\u00f8rste traileren til dokumentaren om  prinsesse M\u00e4rtha Louise og ektemannen Durek Verrett.<br \/>\nDokumentaren har f\u00e5tt  tittelen  \u00abRebel Royals \u2013 An Unlikely Love Story\u00bb.<\/p>\n<p class=\"font-weight-bold m-font-weight-bold\" data-lab-font_weight=\"font-weight-bold\">I tillegg til \u00e5 feire salongen, er det ogs\u00e5 den \u00e5rlige Pride-markeringen i Mo i Rana denne uken, en feiring som br\u00e5tt fikk en s\u00f8rgelig start. Dagen etter at ordf\u00f8rer Geir Waage hang opp pride-flagget utenfor Mo samfunnshus, ble det fors\u00f8kt vandalisert av en gutt under ten\u00e5ringsalder.\u00a0<\/p>\n<p>        FORBANNA: Frank L\u00f8ke forklarer hvorfor han ble fly forbanna under innspillingen, og hvorfor produksjonen truet med \u00e5 ta penger fra han. Video: \u00abNorges dummeste\u00bb \/ TV 2\/ Sanne Holt\/ Thea Hope\/ R\u00f8d L\u00f8per<\/p>\n<p>&#8211; N\u00e5r noe slikt skjer &#8230; man blir jo bekymret &#8211; ikke bare for egen sikkerhet, men ogs\u00e5 for de som gjerne f\u00f8ler seg litt anerledes.\u00a0 De som fortsatt f\u00e5r bekreftet av samfunnet at de ikke f\u00e5r aksept for \u00e5 v\u00e6re den de er &#8211; eller elske den de vil, sier han f\u00f8r han legger til;<\/p>\n<p>          <img loading=\"lazy\" decoding=\"async\" src=\"https:\/\/www.europesays.com\/no\/wp-content\/uploads\/2025\/09\/83494052.webp\" width=\"980\" height=\"559\" title=\"DOMMERE: Cengiz Al, Merete M\u00f8rk Lingj\u00e6rde, Nadya Khamitskaya og Jan Thomas er dommerne i den rykende ferske sesongen av \u00abSkal vi danse\u00bb. Foto: Jan-Petter Dahl \/ TV 2.\" alt=\"\" class=\"\" style=\"--aspect-ratio-image: 1.75; \"\/><\/p>\n<p>\n          DOMMERE: Cengiz Al, Merete M\u00f8rk Lingj\u00e6rde, Nadya Khamitskaya og Jan Thomas er dommerne i den rykende ferske sesongen av \u00abSkal vi danse\u00bb. Foto: Jan-Petter Dahl \/ TV 2.\n      <\/p>\n<p>&#8211; Vi hadde gledet oss til \u00e5 feire b\u00e5de de fantastiske fris\u00f8rene og kundene vi har i Mo i Rana, men ogs\u00e5 sett frem til \u00e5 ta del i Pride-feiringen. N\u00e5 er vi bare triste. En ting er jo at denne handlingen blir gjort av et barn &#8211; som kanskje ikke utgj\u00f8r en trussel, men det sier s\u00e5 mye om samfunnet, fortsatt. Vedkommende har jo trolig f\u00e5tt disse holdningene et sted &#8211; og er det samfunnet som er ansvarlig for at slike hatefulle handlinger fortsatt finner sted?, forteller han og sukker dypt.<\/p>\n<p>        Se og H\u00f8r fikk v\u00e6re med da Jan Thomas s\u00e5 ringen han skulle fri til Harlem med for f\u00f8rste gang. Video: Nora Skavhaug.<\/p>\n<p>&#8211; Man vet aldri hva som skjer i kulissene &#8230; og jeg tror alle er redd for at den tragiske og uforst\u00e5elige hendelsen som fant sted under Oslo-pride skal gjenta seg. Ringvirkningene av at noen fors\u00f8ker \u00e5 tenne p\u00e5 et Pride-flagg kan v\u00e6re s\u00e5 katastrofale, og det er for meg, helt ubegripelig at vi fortsatt m\u00e5 forholde oss til slike ting &#8211; selv i 2025.<\/p>\n<p>    <a itemprop=\"url\" href=\"https:\/\/www.seher.no\/kjendis\/derfor-forsvant-hun\/83545351\" rel=\"nofollow noopener\" target=\"_blank\"><\/p>\n<p>      <img loading=\"lazy\" decoding=\"async\" src=\"https:\/\/www.europesays.com\/no\/wp-content\/uploads\/2025\/09\/83545389.webp\" width=\"980\" height=\"441\" title=\"Derfor forsvant hun\" alt=\"\" class=\"lazyload\" style=\"--aspect-ratio-image: 2.22; \"\/><\/p>\n<p>        Derfor forsvant hun<\/p>\n<p>    <\/a><\/p>\n<p>Selv om hendelsen har satt en st\u00f8kk i Jan Thomas og teamet hans, hindrer det ham ikke \u00e5 reise opp for \u00e5 ta del i begge feiringene.\u00a0<\/p>\n<p>        Harlem Alexander og Jan Thomas er ikke helt enige om enkelte planer for bryllupet. Video: H\u00e5vard Bj\u00f8rnerem Reporter: Sanne Holt<\/p>\n<p>&#8211; Da vi \u00e5pnet Jan Thomas Studios i Mo i Rana i sin tid, var det et folkehav som m\u00f8tte oss. Det var en folkefest med alt det inneb\u00e6rer. Senteret m\u00e5tte stenge, og brannvesenet ble tilkalt. Vi skal gj\u00f8re v\u00e5rt for at det blir den samme jubeldagen som forrige gang, men vi er jo s\u00e5 klart litt bekymret for sikkerheten. Dersom noen \u00f8nsker \u00e5 skape oppmerksomhet og frykt, er det jo en perfekt anledning til \u00e5 gj\u00f8re nettopp dette.\u00a0<\/p>\n<p class=\"italic m-italic\" data-lab-italic=\"italic\">(Se bilde av \u00e5pningen under her;)<\/p>\n<p>&#8211; Jeg kjenner at jeg blir forbanna. Oppriktig. Vi m\u00e5 gj\u00f8re noe med dette &#8211; vi m\u00e5 st\u00e5 sammen \u00e5 bekjempe disse utdaterte holdningene en gang for alle. Vi som er i offentligheten, er n\u00f8dt til \u00e5 bruke stemmene v\u00e5re fornuftig. Vi skal dyrke kj\u00e6rligheten &#8211; ikke hatefulle ytringer og frykten for at noe skal skje deg dersom du er annerledes. Det er s\u00e5 mye uro i verden n\u00e5 &#8211; og s\u00e5 skal man i tillegg fortsatt v\u00e6re redd for \u00e5 bare v\u00e6re den man er? Nei, det er nulltoleranse. Handlinger som f\u00f8rer til frykt blant det skeive milj\u00f8et, m\u00e5 f\u00e5 konsekvenser, sier han f\u00f8r han avslutningsvis legger til;<\/p>\n<p>    <a itemprop=\"url\" href=\"https:\/\/www.seher.no\/kongelig\/marthas-varselskudd-mot-kongen\/83544741\" rel=\"nofollow noopener\" target=\"_blank\"><\/p>\n<p>      <img loading=\"lazy\" decoding=\"async\" src=\"https:\/\/www.europesays.com\/no\/wp-content\/uploads\/2025\/09\/1757007250_796_83545194.webp\" width=\"980\" height=\"441\" title=\"- M\u00e4rthas varselskudd mot kongen\" alt=\"\" class=\"lazyload\" style=\"--aspect-ratio-image: 2.22; \"\/><\/p>\n<p>        &#8211; M\u00e4rthas varselskudd mot kongen<\/p>\n<p>    <\/a><\/p>\n<p class=\"font-weight-bold m-font-weight-bold\" data-lab-font_weight=\"font-weight-bold\">&#8211; Kill&#8217;em with kindness. Uansett hva som skjer, skal vi aldri slutte \u00e5 kjempe for retten til \u00e5 v\u00e6re seg selv!<\/p>\n<p class=\"italic m-italic font-weight-normal m-font-weight-normal\" data-lab-font_weight=\"font-weight-normal\" data-lab-italic=\"italic\">Se og H\u00f8r har v\u00e6rt i kontakt med politiet i Mo i Rana i forbindelse med denne saken. I en e-post til Se og H\u00f8r skriver politioverbetjent Joakim Einhaug f\u00f8lgende;<\/p>\n<p>        GLEMTE KAMERA: \u00abBloggerne\u00bb-profilen blir tatt p\u00e5 ferksen med en mystisk mann. Video: \u00abBloggerne\u00bb\/ TV 2\/ R\u00f8d L\u00f8per<\/p>\n<p>&#8211; Politiet i Mo i Rana har i forkant av \u00e5rets Pride-feiring planlagt og vurdert arrangementene. Herunder har vi gjort de n\u00f8dvendige sikkerhetstiltak som vi mener det er behov for, uten at vi kan g\u00e5 inn p\u00e5 hvilke tiltak det er snakk om. Vi kjenner til hendelsen mot Pride-flagget, og denne er fulgt opp og h\u00e5ndtert. Det skal v\u00e6re trygt for alle som vil komme til Mo i Rana for \u00e5 feire \u00e5rets Pride.<\/p>\n","protected":false},"excerpt":{"rendered":"Jan Thomas Jan Thomas st\u00e5r opp mot fordommer og kjemper for kj\u00e6rlighet og frihet under Pride-markeringen i Mo&hellip;\n","protected":false},"author":2,"featured_media":27071,"comment_status":"","ping_status":"","sticky":false,"template":"","format":"standard","meta":{"footnotes":""},"categories":[10],"tags":[20,21,4104,24,25,15,231,2286,479,22,23,13,30,28,4375,29,14,16,4125,2280,26,27],"class_list":{"0":"post-27070","1":"post","2":"type-post","3":"status-publish","4":"format-standard","5":"has-post-thumbnail","7":"category-norge","8":"tag-breaking-news","9":"tag-breakingnews","10":"tag-eksklusivt","11":"tag-featured-news","12":"tag-featurednews","13":"tag-headlines","14":"tag-jakten-pa-kjaerligheten","15":"tag-jan-thomas","16":"tag-kjendis","17":"tag-latest-news","18":"tag-latestnews","19":"tag-news","20":"tag-no","21":"tag-norge","22":"tag-norges-dummeste","23":"tag-norway","24":"tag-nyheter","25":"tag-overskrifter","26":"tag-reality-awards","27":"tag-skal-vi-danse","28":"tag-top-stories","29":"tag-topstories"},"share_on_mastodon":{"url":"","error":""},"_links":{"self":[{"href":"https:\/\/www.europesays.com\/no\/wp-json\/wp\/v2\/posts\/27070","targetHints":{"allow":["GET"]}}],"collection":[{"href":"https:\/\/www.europesays.com\/no\/wp-json\/wp\/v2\/posts"}],"about":[{"href":"https:\/\/www.europesays.com\/no\/wp-json\/wp\/v2\/types\/post"}],"author":[{"embeddable":true,"href":"https:\/\/www.europesays.com\/no\/wp-json\/wp\/v2\/users\/2"}],"replies":[{"embeddable":true,"href":"https:\/\/www.europesays.com\/no\/wp-json\/wp\/v2\/comments?post=27070"}],"version-history":[{"count":0,"href":"https:\/\/www.europesays.com\/no\/wp-json\/wp\/v2\/posts\/27070\/revisions"}],"wp:featuredmedia":[{"embeddable":true,"href":"https:\/\/www.europesays.com\/no\/wp-json\/wp\/v2\/media\/27071"}],"wp:attachment":[{"href":"https:\/\/www.europesays.com\/no\/wp-json\/wp\/v2\/media?parent=27070"}],"wp:term":[{"taxonomy":"category","embeddable":true,"href":"https:\/\/www.europesays.com\/no\/wp-json\/wp\/v2\/categories?post=27070"},{"taxonomy":"post_tag","embeddable":true,"href":"https:\/\/www.europesays.com\/no\/wp-json\/wp\/v2\/tags?post=27070"}],"curies":[{"name":"wp","href":"https:\/\/api.w.org\/{rel}","templated":true}]}}