{"id":270970,"date":"2026-06-19T11:36:13","date_gmt":"2026-06-19T11:36:13","guid":{"rendered":"https:\/\/www.europesays.com\/no\/270970\/"},"modified":"2026-06-19T11:36:13","modified_gmt":"2026-06-19T11:36:13","slug":"regjeringen-vil-ha-forbud-mot-handel-med-israelske-bosetninger","status":"publish","type":"post","link":"https:\/\/www.europesays.com\/no\/270970\/","title":{"rendered":"Regjeringen vil ha forbud mot handel med israelske bosetninger"},"content":{"rendered":"\n<p class=\"_lead_145nj_2 _lead_6fko5_53 layout-component text-serif-m layout-normal text-serif-l layout-component layout-wide layout-padded _wide_17hqh_1 layout-padded\">Import og eksport av varer fra israelske bosetninger i Palestina b\u00f8r bli ulovlig, mener regjeringen. De sender et forslag om handelsforbud p\u00e5 h\u00f8ring.<\/p>\n<ul aria-hidden=\"true\" class=\"_images_ntbth_112\">\n<li><a class=\"_link_ntbth_117\" href=\"https:\/\/www.vg.no\/forfatter\/ntb\" style=\"z-index:1\" title=\"NTB\" rel=\"nofollow noopener\" target=\"_blank\"><img alt=\"Bilde av NTB\" class=\"_image_ntbth_93\" fetchpriority=\"low\" loading=\"lazy\" decoding=\"async\" itemprop=\"image\"  src=\"https:\/\/www.europesays.com\/no\/wp-content\/uploads\/2026\/06\/1781868973_754_c33980b0-5d07-4027-84a1-813f90a7c8d6.jpeg\"  width=\"480\"\/><\/a><\/li>\n<\/ul>\n<p> Oppdatert fredag 19. juni kl. 11:52     <\/p>\n<p class=\"_paragraph_145nj_4 _paragraph_6fko5_10 layout-component text-serif-m layout-normal text-serif-m layout-padded\">\u2013 De israelske bosetningene i Palestina er i strid med folkeretten. De bidrar til fordrivelse, ekstrem vold og en utvikling som gj\u00f8r en fredelig l\u00f8sning umulig. Vi vil forby \u00e5 handle med de ulovlige bosetningene, sier utenriksminister Espen Barth Eide (Ap) i en\u00a0<a href=\"https:\/\/www.regjeringen.no\/no\/aktuelt\/forslag-til-lov-om-handelsforbud-med-israelske-bosetninger-i-palestina-sendes-pa-horing\/id3166860\/\" class=\"_link_145nj_39\" rel=\"nofollow noopener\" target=\"_blank\">pressemelding.<\/a><\/p>\n<p class=\"_paragraph_145nj_4 _paragraph_6fko5_10 layout-component text-serif-m layout-normal text-serif-m layout-padded\">Forslaget er en oppf\u00f8lging av et stortingsvedtak og sendes p\u00e5 h\u00f8ring i dag.<\/p>\n<p class=\"_paragraph_145nj_4 _paragraph_6fko5_10 layout-component text-serif-m layout-normal text-serif-m layout-padded\">\u2013 Regjeringen sender n\u00e5 bindende regler p\u00e5 h\u00f8ring som gj\u00f8r det klart at norske borgere og norske selskaper ikke skal tjene p\u00e5 eller st\u00f8tte aktivitet som bidrar til \u00e5 opprettholde <a href=\"https:\/\/www.vg.no\/tag\/israel?utm_source=vg-article&amp;utm_medium=auto-tagger&amp;utm_campaign=rrmp7m\" class=\"_link_145nj_39\" rel=\"nofollow noopener\" target=\"_blank\">Israels<\/a> ulovlige bosetningsvirksomhet i Palestina, sier Eide.<\/p>\n<p>Straffbart<\/p>\n<p class=\"_paragraph_145nj_4 _paragraph_6fko5_10 layout-component text-serif-m layout-normal text-serif-m layout-padded\">B\u00e5de FNs sikkerhetsr\u00e5d og Den internasjonale domstolen i Haag har sl\u00e5tt fast at bosetningene er ulovlige.<\/p>\n<p class=\"_paragraph_145nj_4 _paragraph_6fko5_10 layout-component text-serif-m layout-normal text-serif-m layout-padded\">Lovforslaget inneb\u00e6rer et forbud mot \u00e5 eksportere varer til og importere varer fra de israelske bosetningene i Palestina.<\/p>\n<p class=\"_paragraph_145nj_4 _paragraph_6fko5_10 layout-component text-serif-m layout-normal text-serif-m layout-padded\">\u2013 Det foresl\u00e5s ogs\u00e5 forbud mot \u00e5 kj\u00f8pe fast eiendom i bosetningene, mot \u00e5 levere tjenester knyttet til bygging, renovering, kj\u00f8p eller salg av eiendom der, og mot \u00e5 kj\u00f8pe n\u00e6ringsvirksomhet som har hovedsete og produksjon i bosetningene, if\u00f8lge pressemeldingen.<\/p>\n<p class=\"_paragraph_145nj_4 _paragraph_6fko5_10 layout-component text-serif-m layout-normal text-serif-m layout-padded\">Legitime palestinske aktiviteter og humanit\u00e6r bistand skjermes. Overtredelser av loven vil v\u00e6re straffbare.<\/p>\n<p>Sanksjoner mot bosettere<\/p>\n<p class=\"_paragraph_145nj_4 _paragraph_6fko5_10 layout-component text-serif-m layout-normal text-serif-m layout-padded\">Norge og flere andre land vedtok i forrige uke \u00e5 innf\u00f8re sanksjoner og tiltak mot voldelige bosettere p\u00e5 Vestbredden.<\/p>\n<p class=\"_paragraph_145nj_4 _paragraph_6fko5_10 layout-component text-serif-m layout-normal text-serif-m layout-padded\">\u2013 Bosetningene og de alvorlige overgrepene fra voldelige bosettere gj\u00f8r situasjonen p\u00e5 Vestbredden mer og mer uholdbar. Sivile blir drept, \u00f8konomien strupes og lokalsamfunn raseres. Dette m\u00e5 ta slutt, sier Eide.<\/p>\n","protected":false},"excerpt":{"rendered":"Import og eksport av varer fra israelske bosetninger i Palestina b\u00f8r bli ulovlig, mener regjeringen. De sender et&hellip;\n","protected":false},"author":2,"featured_media":270971,"comment_status":"","ping_status":"","sticky":false,"template":"","format":"standard","meta":{"footnotes":"","_share_on_mastodon":"0"},"categories":[12],"tags":[20,21,24,25,15,52,22,23,13,30,28,29,14,16,261,3166,568,26,27,42,43,44,45],"class_list":["post-270970","post","type-post","status-publish","format-standard","has-post-thumbnail","category-verden","tag-breaking-news","tag-breakingnews","tag-featured-news","tag-featurednews","tag-headlines","tag-israel","tag-latest-news","tag-latestnews","tag-news","tag-no","tag-norge","tag-norway","tag-nyheter","tag-overskrifter","tag-palestina","tag-regjeringen","tag-store-regjeringen","tag-top-stories","tag-topstories","tag-verden","tag-world","tag-world-news","tag-worldnews"],"share_on_mastodon":{"url":"https:\/\/pubeurope.com\/@no\/116776572804535580","error":""},"_links":{"self":[{"href":"https:\/\/www.europesays.com\/no\/wp-json\/wp\/v2\/posts\/270970","targetHints":{"allow":["GET"]}}],"collection":[{"href":"https:\/\/www.europesays.com\/no\/wp-json\/wp\/v2\/posts"}],"about":[{"href":"https:\/\/www.europesays.com\/no\/wp-json\/wp\/v2\/types\/post"}],"author":[{"embeddable":true,"href":"https:\/\/www.europesays.com\/no\/wp-json\/wp\/v2\/users\/2"}],"replies":[{"embeddable":true,"href":"https:\/\/www.europesays.com\/no\/wp-json\/wp\/v2\/comments?post=270970"}],"version-history":[{"count":0,"href":"https:\/\/www.europesays.com\/no\/wp-json\/wp\/v2\/posts\/270970\/revisions"}],"wp:featuredmedia":[{"embeddable":true,"href":"https:\/\/www.europesays.com\/no\/wp-json\/wp\/v2\/media\/270971"}],"wp:attachment":[{"href":"https:\/\/www.europesays.com\/no\/wp-json\/wp\/v2\/media?parent=270970"}],"wp:term":[{"taxonomy":"category","embeddable":true,"href":"https:\/\/www.europesays.com\/no\/wp-json\/wp\/v2\/categories?post=270970"},{"taxonomy":"post_tag","embeddable":true,"href":"https:\/\/www.europesays.com\/no\/wp-json\/wp\/v2\/tags?post=270970"}],"curies":[{"name":"wp","href":"https:\/\/api.w.org\/{rel}","templated":true}]}}