{"id":271040,"date":"2026-06-19T12:43:15","date_gmt":"2026-06-19T12:43:15","guid":{"rendered":"https:\/\/www.europesays.com\/no\/271040\/"},"modified":"2026-06-19T12:43:15","modified_gmt":"2026-06-19T12:43:15","slug":"haugesund-skipsfart-kaptein-og-navigator-tiltalt-etter-at-haugesund-skip-grunnstotte","status":"publish","type":"post","link":"https:\/\/www.europesays.com\/no\/271040\/","title":{"rendered":"Haugesund, Skipsfart | Kaptein og navigat\u00f8r tiltalt etter at Haugesund-skip grunnst\u00f8tte"},"content":{"rendered":"\n<p><b>HAUGESUND:<\/b> En nederlandsk mann i 60-\u00e5rene og en mann fra Ukraina er tiltalt for brudd p\u00e5 skipssikkerhetsloven etter at konteinerskipet NCL Salten gikk p\u00e5 grunn p\u00e5 Byneset ved Trondheim 22. mai 2025.<\/p>\n<p><b> \u2013 P\u00e5talemyndigheten mener de ikke s\u00f8rget for at NCL Salten ble navigert p\u00e5 en sikker m\u00e5te, slik at det oppsto fare for liv, helse, milj\u00f8 eller materielle verdier, skriver <a href=\"https:\/\/www.adressa.no\/nyheter\/trondheim\/i\/2pPqJ4\/har-tatt-ut-tiltale-etter-grunnstoetingen\" rel=\"nofollow noopener\" target=\"_blank\">Adresseavisen<\/a>.<\/b><\/p>\n<p>Rederiet North Sea Container Line (NCL) holder til i Haugesund.<\/p>\n<p>Ingen av de 16 om bord ble skadet i hendelsen, men det 135 meter lange skipet sto fast opp mot land, bare meter fra et bolighus. Beboerne i huset m\u00e5tte flytte i flere m\u00e5neder p\u00e5 grunn av faren for at huset kunne rase ut.<\/p>\n<p>De spektakul\u00e6re bildene av skipet og huset vekket stor oppsikt og gikk verden rundt.<\/p>\n<p>Skrudde av alarmen<\/p>\n<p>Kapteinen er tiltalt for at han skrudde av brovaktalarmen, samt tok med seg n\u00f8kkelen til denne p\u00e5 lugaren. Dette har han innr\u00f8mmet overfor Kystverket.<\/p>\n<p>Navigat\u00f8ren er tiltalt for \u00e5 ha sovnet p\u00e5 vakt. Han har innr\u00f8mmet dette, men nekter straffskyld for det.<\/p>\n<p>  <a href=\"https:\/\/www.h-avis.no\/5-62-1917686\" class=\"related-teaser article--c-MkAkR\" rel=\"nofollow noopener\" target=\"_blank\"><\/p>\n<p>\n            Les ogs\u00e5<\/p>\n<p>            Staten bidrar til sikringstiltak der konteinerskip grunnst\u00f8tte\n        <\/p>\n<p>  <\/a><\/p>\n<p>  <a href=\"https:\/\/www.h-avis.no\/5-62-1876879\" class=\"related-teaser has-image article--c-MkAkR\" rel=\"nofollow noopener\" target=\"_blank\"><\/p>\n<p>    <img decoding=\"async\" width=\"155\"  loading=\"lazy\"  src=\"https:\/\/www.europesays.com\/no\/wp-content\/uploads\/2026\/06\/Byneset.jpg\" alt=\"\" class=\"brick-c-cFOWSL\" style=\"\"\/><\/p>\n<p>\n            Les ogs\u00e5<\/p>\n<p>            Har fortsatt ikke f\u00e5tt flyttet hjem: \u2013 Noen m\u00e5 ta ansvar\n        <\/p>\n<p>  <\/a><\/p>\n<p>  <a href=\"https:\/\/www.h-avis.no\/5-62-1873717\" class=\"related-teaser has-image article--c-MkAkR\" rel=\"nofollow noopener\" target=\"_blank\"><\/p>\n<p>    <img decoding=\"async\" width=\"155\"  loading=\"lazy\"  src=\"https:\/\/www.europesays.com\/no\/wp-content\/uploads\/2026\/06\/cueres_scp-shrbdikd_sHr2bD7Ikd8.jpg\" alt=\"\" class=\"brick-c-cFOWSL\" style=\"\"\/><\/p>\n<p>\n            Les ogs\u00e5<\/p>\n<p>            Kapteinen p\u00e5 \u00abNCL Salten\u00bb siktet etter grunnst\u00f8tingen p\u00e5 Byneset\n        <\/p>\n<p>  <\/a><\/p>\n<p>  <a href=\"https:\/\/www.h-avis.no\/5-62-1871200\" class=\"related-teaser has-image article--c-MkAkR\" rel=\"nofollow noopener\" target=\"_blank\"><\/p>\n<p>    <img decoding=\"async\" width=\"155\"  loading=\"lazy\"  src=\"https:\/\/www.europesays.com\/no\/wp-content\/uploads\/2026\/06\/cueres_scp-shrbdikd_sHr2bD7Ikd8.jpg\" alt=\"\" class=\"brick-c-cFOWSL\" style=\"\"\/><\/p>\n<p>\n            Les ogs\u00e5<\/p>\n<p>            Sj\u00f8fartsdirektoratet om avsl\u00e5tt alarm p\u00e5 grunnst\u00f8tt skip: \u2013 Alvorlig mangel\n        <\/p>\n<p>  <\/a><\/p>\n<p>\n    ]]><\/p>\n<p>    Vil du se neste video?<\/p>\n<p>    <a href=\"https:\/\/www.h-avis.no\/kaos-i-sentrum-her-innser-de-feilen\/v\/5-62-2051030\" class=\"recommend-poster\" data-adp-clicklabel=\"video-recommend\" data-adp-clickvalue=\"poster\" rel=\"nofollow noopener\" target=\"_blank\"><br \/>\n      <img decoding=\"async\" width=\"200\" height=\"200\" loading=\"lazy\" src=\"https:\/\/www.europesays.com\/no\/wp-content\/uploads\/2026\/06\/v-i-ddcae32c-530d-42e2-bbcb-8b625ae60b2d-0.jpg\" alt=\"\" class=\"brick-c-cFOWSL\" style=\"--brick-image-ratio: 200 \/ 200;\"\/><\/p>\n<p>Kaos i sentrum: Her innser de feilen0:35<\/p>\n<p>    <\/a><\/p>\n<p>        BYNESET, TR\u00d8NDELAG [Nidaros]: Torsdag forrige uke gikk containerskipet \u00abNCL Salten\u00bb p\u00e5 grunn p\u00e5 Byneset. Siden har skipet st\u00e5tt noen meter fra huset til Johan Helberg. Tirsdag ble b\u00e5ten tauet ut. <\/p>\n<p>  <a href=\"https:\/\/www.h-avis.no\/5-62-1870302\" class=\"related-teaser has-image article--c-MkAkR\" rel=\"nofollow noopener\" target=\"_blank\"><\/p>\n<p>    <img decoding=\"async\" width=\"155\"  loading=\"lazy\"  src=\"https:\/\/www.europesays.com\/no\/wp-content\/uploads\/2026\/06\/cueres_scp-shrbdikd_sHr2bD7Ikd8.jpg\" alt=\"\" class=\"brick-c-cFOWSL\" style=\"\"\/><\/p>\n<p>\n            Les ogs\u00e5<\/p>\n<p>            Fors\u00f8k p\u00e5 berging av konteinerskipet starter klokka 10\n        <\/p>\n<p>  <\/a><\/p>\n<p>  <a href=\"https:\/\/www.h-avis.no\/5-62-1870141\" class=\"related-teaser has-image article--c-MkAkR\" rel=\"nofollow noopener\" target=\"_blank\"><\/p>\n<p>    <img decoding=\"async\" width=\"155\"  loading=\"lazy\"  src=\"https:\/\/www.europesays.com\/no\/wp-content\/uploads\/2026\/06\/cueres_scp-fm_nwbfh_FM_N7wBFh08_1.jpg\" alt=\"\" class=\"brick-c-cFOWSL\" style=\"\"\/><\/p>\n<p>\n            Les ogs\u00e5<\/p>\n<p>            Kan fors\u00f8ke \u00e5 berge det grunnst\u00f8tte Haugesund-skipet ved midnatt\n        <\/p>\n<p>  <\/a><\/p>\n<p>  <a href=\"https:\/\/www.h-avis.no\/5-62-1868907\" class=\"related-teaser has-image article--c-MkAkR\" rel=\"nofollow noopener\" target=\"_blank\"><\/p>\n<p>    <img decoding=\"async\" width=\"155\"  loading=\"lazy\"  src=\"https:\/\/www.europesays.com\/no\/wp-content\/uploads\/2026\/06\/bentehentland.jpg\" alt=\"\" class=\"brick-c-cFOWSL\" style=\"\"\/><\/p>\n<p>\n            Les ogs\u00e5<\/p>\n<p>            Rederi-sjefen i Haugesund: \u2013 Vi er alle preget av denne hendelsen\n        <\/p>\n<p>  <\/a><\/p>\n<p>  <a href=\"https:\/\/www.h-avis.no\/5-62-1868456\" class=\"related-teaser has-image article--c-MkAkR\" rel=\"nofollow noopener\" target=\"_blank\"><\/p>\n<p>    <img decoding=\"async\" width=\"155\"  loading=\"lazy\"  src=\"https:\/\/www.europesays.com\/no\/wp-content\/uploads\/2026\/06\/NTB_G3SJ1LctkaA.jpg\" alt=\"\" class=\"brick-c-cFOWSL\" style=\"\"\/><\/p>\n<p>\n            Les ogs\u00e5<\/p>\n<p>            NCL-grunnst\u00f8tingen: Dette skal v\u00e6re politiets teori\n        <\/p>\n<p>  <\/a><\/p>\n<p>  <a href=\"https:\/\/www.h-avis.no\/5-62-1868092\" class=\"related-teaser has-image article--c-MkAkR\" rel=\"nofollow noopener\" target=\"_blank\"><\/p>\n<p>    <img decoding=\"async\" width=\"155\"  loading=\"lazy\"  src=\"https:\/\/www.europesays.com\/no\/wp-content\/uploads\/2026\/06\/494336479_473740629134507_7901840991423723253_n.jpg\" alt=\"\" class=\"brick-c-cFOWSL\" style=\"\"\/><\/p>\n<p>\n            Les ogs\u00e5<\/p>\n<p>            Huseieren fikk overraskende beskjed da han v\u00e5knet: \u2013 Jeg oppdaget det ikke\n        <\/p>\n<p>  <\/a><\/p>\n","protected":false},"excerpt":{"rendered":"HAUGESUND: En nederlandsk mann i 60-\u00e5rene og en mann fra Ukraina er tiltalt for brudd p\u00e5 skipssikkerhetsloven etter&hellip;\n","protected":false},"author":2,"featured_media":271041,"comment_status":"","ping_status":"","sticky":false,"template":"","format":"standard","meta":{"footnotes":"","_share_on_mastodon":"0"},"categories":[10],"tags":[36,20,21,24,25,1337,15,22,23,12072,13,30,28,29,14,16,1697,1510,26,27],"class_list":["post-271040","post","type-post","status-publish","format-standard","has-post-thumbnail","category-norge","tag-art","tag-breaking-news","tag-breakingnews","tag-featured-news","tag-featurednews","tag-haugesund","tag-headlines","tag-latest-news","tag-latestnews","tag-ncl-salten","tag-news","tag-no","tag-norge","tag-norway","tag-nyheter","tag-overskrifter","tag-skipsfart","tag-story","tag-top-stories","tag-topstories"],"share_on_mastodon":{"url":"https:\/\/pubeurope.com\/@no\/116776836373873285","error":""},"_links":{"self":[{"href":"https:\/\/www.europesays.com\/no\/wp-json\/wp\/v2\/posts\/271040","targetHints":{"allow":["GET"]}}],"collection":[{"href":"https:\/\/www.europesays.com\/no\/wp-json\/wp\/v2\/posts"}],"about":[{"href":"https:\/\/www.europesays.com\/no\/wp-json\/wp\/v2\/types\/post"}],"author":[{"embeddable":true,"href":"https:\/\/www.europesays.com\/no\/wp-json\/wp\/v2\/users\/2"}],"replies":[{"embeddable":true,"href":"https:\/\/www.europesays.com\/no\/wp-json\/wp\/v2\/comments?post=271040"}],"version-history":[{"count":0,"href":"https:\/\/www.europesays.com\/no\/wp-json\/wp\/v2\/posts\/271040\/revisions"}],"wp:featuredmedia":[{"embeddable":true,"href":"https:\/\/www.europesays.com\/no\/wp-json\/wp\/v2\/media\/271041"}],"wp:attachment":[{"href":"https:\/\/www.europesays.com\/no\/wp-json\/wp\/v2\/media?parent=271040"}],"wp:term":[{"taxonomy":"category","embeddable":true,"href":"https:\/\/www.europesays.com\/no\/wp-json\/wp\/v2\/categories?post=271040"},{"taxonomy":"post_tag","embeddable":true,"href":"https:\/\/www.europesays.com\/no\/wp-json\/wp\/v2\/tags?post=271040"}],"curies":[{"name":"wp","href":"https:\/\/api.w.org\/{rel}","templated":true}]}}