{"id":27105,"date":"2025-09-04T18:24:08","date_gmt":"2025-09-04T18:24:08","guid":{"rendered":"https:\/\/www.europesays.com\/no\/27105\/"},"modified":"2025-09-04T18:24:08","modified_gmt":"2025-09-04T18:24:08","slug":"sverige-kutter-i-matmomsen-mn24-no","status":"publish","type":"post","link":"https:\/\/www.europesays.com\/no\/27105\/","title":{"rendered":"Sverige kutter i matmomsen &#8211; mn24.no"},"content":{"rendered":"<p>F\u00e5r regjeringen det som den vil, kuttes matmomsen i nabolandet fra 12 til seks prosent.<\/p>\n<p>\u2013 Vi kommer \u00e5 s\u00f8rge for at det blir mer penger i lommeboka, sa statsminister Ulf Kristersson (M) p\u00e5 torsdagens presskonferanse, da forslaget ble presentert.<\/p>\n<p>I f\u00f8lge <a href=\"https:\/\/www.aftonbladet.se\/minekonomi\/a\/vgMveV\/matjatten-om-sankt-matmoms-kommer-markas\" rel=\"noopener nofollow\" target=\"_blank\">den svenske avisa Aftonbladet <\/a>s\u00e5 har allerede akt\u00f8rer i dagligvarebransjen, deriblant Coop og Ica, allerede lovet at de skal kutte prisene tilsvarende.<\/p>\n<p>I Sverige, som i Norge, har debatten rast de siste \u00e5rene om de stadig h\u00f8yere matvareprisene. Til forskjell fra Norge, tar alts\u00e5 n\u00e5 de svenske politikerne grep og senker noe av det som har kostet svenske forbrukere dyrt.<\/p>\n<p>Den svenske regjeringen oppnevner n\u00e5 ogs\u00e5 en egen matpriskommisjon, som skal bidra til at matprisene kommer under kontroll. I f\u00f8lge den svenske regjeringskoalisjonen s\u00e5 skal man blant annet s\u00f8rge for at momsen kommer forbrukerne til gode, og ikke \u00abstannar\u00bb i matvaregigantes lommer.<\/p>\n<p>\u2013 Maten er for dyr for mange familier, <a href=\"https:\/\/www.expressen.se\/nyheter\/politik\/regeringen-haller-presstraff\/\" rel=\"noopener nofollow\" target=\"_blank\">sier n\u00e6ringsminister Ebba Busch til avisa Expressen.<\/a><\/p>\n<p><a href=\"https:\/\/www.mn24.no\/nyheter\/i\/5ExLMe\/regjeringen-lover-enda-flere-tiltak-paa-dagligvare-peker-paa-grossistene\" rel=\"nofollow noopener\" target=\"_blank\"> <img decoding=\"async\" src=\"data:image\/gif;base64,R0lGODlhEAAJAIAAAP\/\/\/wAAACH5BAEAAAAALAAAAAAQAAkAAAIKhI+py+0Po5yUFQA7\" alt=\"\"\/>   Regjeringen lover enda flere tiltak p\u00e5 dagligvare \u2013 peker p\u00e5 grossistene  <\/a> H\u00f8y moms i Norge<\/p>\n<p>Momsen p\u00e5 mat i Norge er 15 prosent. Den blir n\u00e5 alts\u00e5 mer enn dobbelt s\u00e5 h\u00f8y som momsen i Sverige, noe som trolig kan bidra til at flere nordmenn handler enda mer i Sverige. Nordmenn handlet i f\u00f8lge Statistisk Sentralbyr\u00e5 (SSB) for over 5,4 milliarder kroner p\u00e5 dagsturer til utlandet i f\u00f8rste halv\u00e5r i \u00e5r til tross for at man f\u00e5r mindre for pengene i Sverige enn f\u00f8r.<\/p>\n<p>I denne valgkampen har matmomsen seilt opp som en del av svaret for ganske mange partier. for \u00e5 f\u00e5 ned matprisene for folk flest, <a href=\"https:\/\/e24.no\/naeringsliv\/i\/zAn8K4\/stoere-tar-feil-om-matmoms\" rel=\"noopener nofollow\" target=\"_blank\">skriver blant annet n\u00e6ringslivsavisa E24:<\/a><\/p>\n<ul class=\"List\">\n<li>\n<p>Frp vil halvere satsen til 7,5 prosent<\/p>\n<\/li>\n<li>\n<p>Senterpartiet vil redusere til 10 prosent<\/p>\n<\/li>\n<li>\n<p>Venstre og MDG vil fjerne den helt p\u00e5 frukt og gr\u00f8nt<\/p>\n<\/li>\n<\/ul>\n<p>Regjeringen er imidlertid skeptisk, skriver E24. Den ene grunnen er at Jonas Gahr St\u00f8re (Ap) mener det fritar dagligvarekjedene for ansvar:<\/p>\n<p>\u2013 Redusert matmoms har stor tendens til \u00e5 bli spist opp andre steder enn der den skal havne: hos deg som forbruker, sa statsministeren til\u00a0<a href=\"https:\/\/www.nationen.no\/matpriser-derfor-vil-ikke-store-kutte-i-momsen\/s\/5-148-754591\" rel=\"noopener nofollow\" target=\"_blank\">Nationen<\/a>\u00a0i sommer.<\/p>\n<p><a href=\"https:\/\/www.mn24.no\/nyheter\/i\/vgMe9j\/forbrukertilsynet-har-mottatt-300-klager-paa-dagligvarebransjen\" rel=\"nofollow noopener\" target=\"_blank\"> <img decoding=\"async\" src=\"data:image\/gif;base64,R0lGODlhEAAJAIAAAP\/\/\/wAAACH5BAEAAAAALAAAAAAQAAkAAAIKhI+py+0Po5yUFQA7\" alt=\"\"\/>   Forbrukertilsynet har mottatt 300 klager p\u00e5 dagligvarebransjen  <\/a> <\/p>\n","protected":false},"excerpt":{"rendered":"F\u00e5r regjeringen det som den vil, kuttes matmomsen i nabolandet fra 12 til seks prosent. \u2013 Vi kommer&hellip;\n","protected":false},"author":2,"featured_media":27106,"comment_status":"","ping_status":"","sticky":false,"template":"","format":"standard","meta":{"footnotes":""},"categories":[5],"tags":[20,21,4378,24,25,15,19,22,23,17,18,2036,13,30,28,29,14,16,1359,26,27],"class_list":{"0":"post-27105","1":"post","2":"type-post","3":"status-publish","4":"format-standard","5":"has-post-thumbnail","7":"category-overskrifter","8":"tag-breaking-news","9":"tag-breakingnews","10":"tag-dagligvarebransjen","11":"tag-featured-news","12":"tag-featurednews","13":"tag-headlines","14":"tag-hovedoppslag","15":"tag-latest-news","16":"tag-latestnews","17":"tag-main-news","18":"tag-mainnews","19":"tag-mat-og-drikke","20":"tag-news","21":"tag-no","22":"tag-norge","23":"tag-norway","24":"tag-nyheter","25":"tag-overskrifter","26":"tag-sverige","27":"tag-top-stories","28":"tag-topstories"},"share_on_mastodon":{"url":"","error":""},"_links":{"self":[{"href":"https:\/\/www.europesays.com\/no\/wp-json\/wp\/v2\/posts\/27105","targetHints":{"allow":["GET"]}}],"collection":[{"href":"https:\/\/www.europesays.com\/no\/wp-json\/wp\/v2\/posts"}],"about":[{"href":"https:\/\/www.europesays.com\/no\/wp-json\/wp\/v2\/types\/post"}],"author":[{"embeddable":true,"href":"https:\/\/www.europesays.com\/no\/wp-json\/wp\/v2\/users\/2"}],"replies":[{"embeddable":true,"href":"https:\/\/www.europesays.com\/no\/wp-json\/wp\/v2\/comments?post=27105"}],"version-history":[{"count":0,"href":"https:\/\/www.europesays.com\/no\/wp-json\/wp\/v2\/posts\/27105\/revisions"}],"wp:featuredmedia":[{"embeddable":true,"href":"https:\/\/www.europesays.com\/no\/wp-json\/wp\/v2\/media\/27106"}],"wp:attachment":[{"href":"https:\/\/www.europesays.com\/no\/wp-json\/wp\/v2\/media?parent=27105"}],"wp:term":[{"taxonomy":"category","embeddable":true,"href":"https:\/\/www.europesays.com\/no\/wp-json\/wp\/v2\/categories?post=27105"},{"taxonomy":"post_tag","embeddable":true,"href":"https:\/\/www.europesays.com\/no\/wp-json\/wp\/v2\/tags?post=27105"}],"curies":[{"name":"wp","href":"https:\/\/api.w.org\/{rel}","templated":true}]}}