{"id":27135,"date":"2025-09-04T19:05:15","date_gmt":"2025-09-04T19:05:15","guid":{"rendered":"https:\/\/www.europesays.com\/no\/27135\/"},"modified":"2025-09-04T19:05:15","modified_gmt":"2025-09-04T19:05:15","slug":"to-mineryddere-fra-dansk-flygtningehjaelp-drept-i-angrep","status":"publish","type":"post","link":"https:\/\/www.europesays.com\/no\/27135\/","title":{"rendered":"To mineryddere fra Dansk Flygtningehj\u00e6lp drept i angrep"},"content":{"rendered":"\n<p class=\"_lead_ew2ao_2 _lead_xtcu6_50 layout-component text-serif-m layout-normal text-serif-l layout-component layout-wide layout-padded _wide_17hqh_1 layout-padded\">Minerydderne jobbet for den danske hjelpeorganisasjonen Dansk Flygtningehj\u00e6lp.<\/p>\n<p><img alt=\"Ordf\u00f8rer Dmytro Bryzhynskyi publiserte torsdag dette bildet p\u00e5 Telegram fra stedet der angrepet fant sted. Foto: Dmytro Bryzhynskyi\/ Telegram\" class=\"_image_qp4xg_65 layout-component layout-wide\" data-fullscreen- data-track-element-type=\"Article image fullscreen\" data-track-name=\"ImageFullscreen\" fetchpriority=\"high\" decoding=\"sync\" loading=\"eager\" height=\"513\" itemprop=\"image\"  src=\"https:\/\/www.europesays.com\/no\/wp-content\/uploads\/2025\/09\/500fd52a-7248-470e-aa56-6fa7cdd39054\"  style=\"object-position:0% 0%\" width=\"910\"\/>Ordf\u00f8rer Dmytro Bryzhynskyi publiserte torsdag dette bildet p\u00e5 Telegram fra stedet der angrepet fant sted. Foto: Dmytro Bryzhynskyi\/ Telegram<\/p>\n<ul aria-hidden=\"true\" class=\"_images_1y6fe_106\">\n<li><a class=\"_link_1y6fe_111\" href=\"https:\/\/www.vg.no\/forfatter\/sara-aga\" style=\"z-index:2\" title=\"Sara N\u00e5 Aga\" rel=\"nofollow noopener\" target=\"_blank\"><img alt=\"Bilde av Sara N\u00e5 Aga\" class=\"_image_1y6fe_88\" fetchpriority=\"low\" loading=\"lazy\" decoding=\"async\" itemprop=\"image\"  src=\"https:\/\/www.europesays.com\/no\/wp-content\/uploads\/2025\/09\/1757012714_305_af1c8685-1584-470f-8687-394792a778be\"  width=\"480\"\/><\/a><\/li>\n<li><a class=\"_link_1y6fe_111\" href=\"https:\/\/www.vg.no\/forfatter\/ntb\" style=\"z-index:1\" title=\"NTB\" rel=\"nofollow noopener\" target=\"_blank\"><img alt=\"Bilde av NTB\" class=\"_image_1y6fe_88\" fetchpriority=\"low\" loading=\"lazy\" decoding=\"async\" itemprop=\"image\"  src=\"https:\/\/www.europesays.com\/no\/wp-content\/uploads\/2025\/09\/1757012714_948_c33980b0-5d07-4027-84a1-813f90a7c8d6\"  width=\"480\"\/><\/a><\/li>\n<\/ul>\n<p> Oppdatert torsdag 4. september kl. 18:28     <\/p>\n<p class=\"_paragraph_ew2ao_4 _paragraph_xtcu6_10 layout-component text-serif-m layout-normal text-serif-m layout-padded\">En russisk rakett rammet mineryddingsprosjektet som de jobbet med i Tsjernihiv i Nord-<a href=\"https:\/\/www.vg.no\/tag\/ukraina?utm_source=vg-article&amp;utm_medium=auto-tagger&amp;utm_campaign=73eXk4\" class=\"_link_ew2ao_39\" rel=\"nofollow noopener\" target=\"_blank\">Ukraina<\/a>, melder Reuters.<\/p>\n<p class=\"_paragraph_ew2ao_4 _paragraph_xtcu6_10 layout-component text-serif-m layout-normal text-serif-m layout-padded\">\u2013 Russerne angrep med vilje arbeidere fra Dansk Flygtningehj\u00e6lps humanit\u00e6re mineryddingsoppdrag, to personer er bekreftet drept, skrev Tsjernihiv-guvern\u00f8r Vjatsjeslav Tsjaus i sosiale medier.<\/p>\n<p class=\"_paragraph_ew2ao_4 _paragraph_xtcu6_10 layout-component text-serif-m layout-normal text-serif-m layout-padded\">Ytterligere tre ble s\u00e5ret i angrepet, og alle de ber\u00f8rte er ukrainske statsborgere. Video etter angrepet viste minst en utbrent van i en brennende \u00e5ker, med logoen til Dansk Flygtningehj\u00e6lp.<\/p>\n<p class=\"_paragraph_ew2ao_4 _paragraph_xtcu6_10 layout-component text-serif-m layout-normal text-serif-m layout-padded\">Det russiske forsvarsdepartementet opplyser p\u00e5 meldingstjenesten Telegram at de har \u00f8delagt en oppskytningsplattform for langtrekkende droner i sitt missilangrep.<\/p>\n<p class=\"_paragraph_ew2ao_4 _paragraph_xtcu6_10 layout-component text-serif-m layout-normal text-serif-m layout-padded\">Det ble f\u00f8rst meldt at det var snakk om to danske mineryddere, men det er ikke klart hvilken nasjonalitet de drepte minerydderne har. <\/p>\n<p class=\"_paragraph_ew2ao_4 _paragraph_xtcu6_10 layout-component text-serif-m layout-normal text-serif-m layout-padded\">Dansk Flyktninghjelp har bekreftet overfor TV 2 at organisasjonen er blitt truffet av angrepet. Men organisasjonen har forel\u00f8pig ikke gitt noen informasjon om antallet eller nasjonaliteten til de drepte.<\/p>\n<p class=\"_paragraph_ew2ao_4 _paragraph_xtcu6_10 layout-component text-serif-m layout-normal text-serif-m layout-padded\">Dansk Flygtningehj\u00e6lpDansk Flygtningehj\u00e6lpEn internasjonal humanit\u00e6r organisasjon som arbeider med \u00e5 hjelpe flyktninger og fordrevne mennesker over hele verden. har flere lag med mineryddere som rydder miner og ueksploderte ammunisjon i krigsherjede omr\u00e5der nord\u00f8st i Ukraina.<\/p>\n<p> Krever svar<\/p>\n<p class=\"_paragraph_ew2ao_4 _paragraph_xtcu6_10 layout-component text-serif-m layout-normal text-serif-m layout-padded\">Danmarks statsminister Mette Frederiksen mener det er behov for \u00e5 f\u00e5 klarlagt \u00e5rsakene bak angrepet.<\/p>\n<p class=\"_paragraph_ew2ao_4 _paragraph_xtcu6_10 layout-component text-serif-m layout-normal text-serif-m layout-padded\">\u2013 N\u00e5r slikt skjer, og Dansk Flygtningehj\u00e6lp er involvert, har vi behov som dansk regjering og ogs\u00e5 EU til \u00e5 finne ut av hva \u00e5rsaken er, sier hun til danske <a href=\"https:\/\/nyheder.tv2.dk\/live\/udland\/2025-09-04-to-mineryddere-fra-dansk-flygtningehjaelp-draebt-i-ukraine\" class=\"_link_ew2ao_39\" rel=\"nofollow noopener\" target=\"_blank\">TV 2.<\/a><\/p>\n<p class=\"_paragraph_ew2ao_4 _paragraph_xtcu6_10 layout-component text-serif-m layout-normal text-serif-m layout-padded\">Detaljer og motiver bak angrepet er fortsatt uklare, understreker statsministeren:<\/p>\n<p class=\"_paragraph_ew2ao_4 _paragraph_xtcu6_10 layout-component text-serif-m layout-normal text-serif-m layout-padded\">\u2013 Det er f\u00f8rst og fremst forferdelig. Det vi vet er at det er flere d\u00f8de og s\u00e5rede. Vi kjenner ikke alle omstendighetene rundt dette. Men det viser f\u00f8rst og fremst noe om brutaliteten p\u00e5 russisk side, sier hun til nyhetskanalen.<\/p>\n<p><img decoding=\"async\" alt=\"Bilde av Mette Frederiksen\" class=\"_image_ygndg_42\" height=\"27\" itemprop=\"image\" loading=\"lazy\"  src=\"https:\/\/www.europesays.com\/no\/wp-content\/uploads\/2025\/09\/6cdc56f3-ebac-4f83-b2cf-4682b0527635\"  width=\"40\"\/><strong class=\"_name_ygndg_51 title-serif-xs\">Mette Frederiksen<\/strong><\/p>\n<p class=\"_paragraph_ew2ao_4 text-sans-m _description_ygndg_56\">Danmarks statsminister<\/p>\n<p class=\"_paragraph_ew2ao_4 _paragraph_xtcu6_10 layout-component text-serif-m layout-normal text-serif-m layout-padded\">Organisasjonen har ikke kommentert hendelsen ytterligere, og det er ikke kjent om det var snakk om et m\u00e5lrettet angrep eller om minerydderne ble rammet tilfeldig.<\/p>\n<p class=\"_paragraph_ew2ao_4 _paragraph_xtcu6_10 layout-component text-serif-m layout-normal text-serif-m layout-padded\">Tsjernihiv ligger nord for Ukrainas hovedstad Kyiv, ikke langt fra grensen til nabolandet Belarus.<\/p>\n<p>Aktiver kart<\/p>\n","protected":false},"excerpt":{"rendered":"Minerydderne jobbet for den danske hjelpeorganisasjonen Dansk Flygtningehj\u00e6lp. Ordf\u00f8rer Dmytro Bryzhynskyi publiserte torsdag dette bildet p\u00e5 Telegram fra&hellip;\n","protected":false},"author":2,"featured_media":27136,"comment_status":"","ping_status":"","sticky":false,"template":"","format":"standard","meta":{"footnotes":""},"categories":[12],"tags":[20,21,24,25,15,179,22,23,13,30,28,29,14,16,26,27,489,42,43,44,45],"class_list":{"0":"post-27135","1":"post","2":"type-post","3":"status-publish","4":"format-standard","5":"has-post-thumbnail","7":"category-verden","8":"tag-breaking-news","9":"tag-breakingnews","10":"tag-featured-news","11":"tag-featurednews","12":"tag-headlines","13":"tag-krigen-i-ukraina","14":"tag-latest-news","15":"tag-latestnews","16":"tag-news","17":"tag-no","18":"tag-norge","19":"tag-norway","20":"tag-nyheter","21":"tag-overskrifter","22":"tag-top-stories","23":"tag-topstories","24":"tag-ukraina","25":"tag-verden","26":"tag-world","27":"tag-world-news","28":"tag-worldnews"},"share_on_mastodon":{"url":"","error":""},"_links":{"self":[{"href":"https:\/\/www.europesays.com\/no\/wp-json\/wp\/v2\/posts\/27135","targetHints":{"allow":["GET"]}}],"collection":[{"href":"https:\/\/www.europesays.com\/no\/wp-json\/wp\/v2\/posts"}],"about":[{"href":"https:\/\/www.europesays.com\/no\/wp-json\/wp\/v2\/types\/post"}],"author":[{"embeddable":true,"href":"https:\/\/www.europesays.com\/no\/wp-json\/wp\/v2\/users\/2"}],"replies":[{"embeddable":true,"href":"https:\/\/www.europesays.com\/no\/wp-json\/wp\/v2\/comments?post=27135"}],"version-history":[{"count":0,"href":"https:\/\/www.europesays.com\/no\/wp-json\/wp\/v2\/posts\/27135\/revisions"}],"wp:featuredmedia":[{"embeddable":true,"href":"https:\/\/www.europesays.com\/no\/wp-json\/wp\/v2\/media\/27136"}],"wp:attachment":[{"href":"https:\/\/www.europesays.com\/no\/wp-json\/wp\/v2\/media?parent=27135"}],"wp:term":[{"taxonomy":"category","embeddable":true,"href":"https:\/\/www.europesays.com\/no\/wp-json\/wp\/v2\/categories?post=27135"},{"taxonomy":"post_tag","embeddable":true,"href":"https:\/\/www.europesays.com\/no\/wp-json\/wp\/v2\/tags?post=27135"}],"curies":[{"name":"wp","href":"https:\/\/api.w.org\/{rel}","templated":true}]}}