{"id":27137,"date":"2025-09-04T19:06:12","date_gmt":"2025-09-04T19:06:12","guid":{"rendered":"https:\/\/www.europesays.com\/no\/27137\/"},"modified":"2025-09-04T19:06:12","modified_gmt":"2025-09-04T19:06:12","slug":"jonas-gahr-store-og-jens-stoltenberg-om-alder-og-fremtid","status":"publish","type":"post","link":"https:\/\/www.europesays.com\/no\/27137\/","title":{"rendered":"Jonas Gahr St\u00f8re og Jens Stoltenberg om alder og fremtid"},"content":{"rendered":"\n<ul class=\"_list_ew2ao_3 _list_64s2r_85 _unordered_ew2ao_99 text-sans-m\">\n<li class=\"_item_ew2ao_30\">Stortingsvalget p\u00e5 mandag kan avgj\u00f8re skjebnen til Jonas Gahr St\u00f8re og Jens Stoltenberg.<\/li>\n<li class=\"_item_ew2ao_30\">Frp kan bli st\u00f8rste parti og f\u00e5 statsministeren.<\/li>\n<li class=\"_item_ew2ao_30\">Dette er uten sammenligning det valget hvor mest st\u00e5r p\u00e5 spill, sier statsminister Jonas Gahr St\u00f8re.<\/li>\n<\/ul>\n<p>Vis mer <\/p>\n<p class=\"_paragraph_ew2ao_4 _paragraph_xtcu6_10 layout-component text-serif-m layout-normal text-serif-m layout-padded\">St\u00f8re og Stoltenberg er i denne saken \u00e5penhjertige om egen fremtid som toppolitikere.<\/p>\n<p class=\"_paragraph_ew2ao_4 _paragraph_xtcu6_10 layout-component text-serif-m layout-normal text-serif-m layout-padded\">Og s\u00e5 sier de at vi er med p\u00e5 noe historisk akkurat n\u00e5, hvor et parti har tatt en helt ny posisjon:<\/p>\n<p class=\"_paragraph_ew2ao_4 _paragraph_xtcu6_10 layout-component text-serif-m layout-normal text-serif-m layout-padded\">\u2013 Med f\u00e5 dager igjen f\u00f8r stortingsvalget mandag, har jeg tenkt en del. Tenkt tilbake p\u00e5 de 25 \u00e5rene jeg har v\u00e6rt med i politikken. Jeg har v\u00e6rt med p\u00e5 mange valg, men dette er uten sammenligning det valget hvor mest st\u00e5r p\u00e5 spill, sier statsminister Jonas Gahr St\u00f8re.<\/p>\n<p><img alt=\"\" class=\"_image_qp4xg_65 layout-component layout-left\" data-fullscreen- data-track-element-type=\"Article image fullscreen\" data-track-name=\"ImageFullscreen\" decoding=\"async\" loading=\"lazy\" height=\"5348\" itemprop=\"image\"  src=\"https:\/\/www.europesays.com\/no\/wp-content\/uploads\/2025\/09\/070b2003-19ac-4b1d-9218-ebae743f30ad\"  style=\"object-position:0% 0%\" width=\"7128\"\/><img alt=\"Vi sitter sammen med St\u00f8re  og Stoltenberg etter en lang valgkampdag p\u00e5 Vestlandet, p\u00e5 en pub p\u00e5 Stord.\" class=\"_image_qp4xg_65 layout-component layout-right\" data-fullscreen- data-track-element-type=\"Article image fullscreen\" data-track-name=\"ImageFullscreen\" decoding=\"async\" loading=\"lazy\" height=\"5258\" itemprop=\"image\"  src=\"https:\/\/www.europesays.com\/no\/wp-content\/uploads\/2025\/09\/0c71b963-c890-4793-912a-ddbdb40b173b\"  style=\"object-position:0% 0%\" width=\"7008\"\/>Vi sitter sammen med St\u00f8re  og Stoltenberg etter en lang valgkampdag p\u00e5 Vestlandet, p\u00e5 en pub p\u00e5 Stord.<\/p>\n<p class=\"_paragraph_ew2ao_4 _paragraph_xtcu6_10 layout-component text-serif-m layout-normal text-serif-m layout-padded\">Finansminister Jens Stoltenberg sier det slik:<\/p>\n<p class=\"_paragraph_ew2ao_4 _paragraph_xtcu6_10 layout-component text-serif-m layout-normal text-serif-m layout-padded\">\u2013 \u00c5rets valg skiller seg fundamentalt fra alle andre valgkamper jeg har v\u00e6rt med p\u00e5. Min f\u00f8rste valgkamp var i 1973, sier han:<\/p>\n<p class=\"_paragraph_ew2ao_4 _paragraph_xtcu6_10 layout-component text-serif-m layout-normal text-serif-m layout-padded\">\u2013 Det som skiller \u00e5rets valgkamp fra alle andre valgkamper, er at alternativet til oss er Frp. Det har ikke skjedd f\u00f8r at Frp har v\u00e6rt det klart st\u00f8rste alternativet og at de kan f\u00e5 statsministeren.<\/p>\n<p class=\"_paragraph_ew2ao_4 _paragraph_xtcu6_10 layout-component text-serif-m layout-normal text-serif-m layout-padded\">\u2013 Vi har en Frp-ledet h\u00f8yreside, hvor Frp er st\u00f8rste parti og kan f\u00e5 statsministeren. Frps l\u00f8sninger er s\u00e5 annerledes og radikale at vi vil f\u00e5 et helt annet Norge, fortsetter St\u00f8re.<\/p>\n<p class=\"_paragraph_ew2ao_4 _paragraph_xtcu6_10 layout-component text-serif-m layout-normal text-serif-m layout-padded\">Han peker blant annet p\u00e5 skolepolitikken.<\/p>\n<p class=\"_paragraph_ew2ao_4 _paragraph_xtcu6_10 layout-component text-serif-m layout-normal text-serif-m layout-padded\">\u2013 Skole er blitt sentralt i valgkampen fordi Frp sier de skal ha kunnskapsministeren, for \u00e5 f\u00e5 til permanent niv\u00e5deling i skolen og frislipp av privatisering i grunnskolen. Tilsvarende ser vi p\u00e5 helsepolitikken.<\/p>\n<p><img alt=\"\" class=\"_image_qp4xg_65 layout-component layout-left\" data-fullscreen- data-track-element-type=\"Article image fullscreen\" data-track-name=\"ImageFullscreen\" decoding=\"async\" loading=\"lazy\" height=\"5481\" itemprop=\"image\"  src=\"https:\/\/www.europesays.com\/no\/wp-content\/uploads\/2025\/09\/65036044-83b1-4d36-aed0-45d0ef53e765\"  style=\"object-position:0% 0%\" width=\"7309\"\/><img alt=\"\" class=\"_image_qp4xg_65 layout-component layout-right\" data-fullscreen- data-track-element-type=\"Article image fullscreen\" data-track-name=\"ImageFullscreen\" decoding=\"async\" loading=\"lazy\" height=\"5469\" itemprop=\"image\"  src=\"https:\/\/www.europesays.com\/no\/wp-content\/uploads\/2025\/09\/7afecbbf-39ee-42bc-8e82-d47819e2779c\"  style=\"object-position:0% 0%\" width=\"7293\"\/><\/p>\n<p class=\"_paragraph_ew2ao_4 _paragraph_xtcu6_10 layout-component text-serif-m layout-normal text-serif-m layout-padded\">Han sier det f\u00e5 dager etter at Frp i<a href=\"https:\/\/www.vg.no\/nyheter\/i\/dRX9qB\/skolevalg-2025-frp-stoerste-parti-hoeyre-og-frp-faar-flertall-alene\" data-track-element-type=\"Link\" data-track-id=\"link:dRX9qB\" class=\"_link_ew2ao_39\" rel=\"nofollow noopener\" target=\"_blank\"> skolevalget <\/a>har vist at de leder an i den politiske utviklingen i Norge for den oppvoksende generasjonen, hvor spesielt unge menn liker Frps budskap.<\/p>\n<p class=\"_paragraph_ew2ao_4 _paragraph_xtcu6_10 layout-component text-serif-m layout-normal text-serif-m layout-padded\">\u2013 Vi st\u00e5r foran et valg. Det Frp st\u00e5r for strider mot min rettferdighetssans, sier St\u00f8re.<\/p>\n<p class=\"_paragraph_ew2ao_4 _paragraph_xtcu6_10 layout-component text-serif-m layout-normal text-serif-m layout-padded\">\u2013 Frp har v\u00e6rt store f\u00f8r og blant annet hatt finansministeren?<\/p>\n<p class=\"_paragraph_ew2ao_4 _paragraph_xtcu6_10 layout-component text-serif-m layout-normal text-serif-m layout-padded\">\u2013 Ja, de har v\u00e6rt det i noen valg, blant annet i 2001 og 2005, men de var aldri i n\u00e6rheten av \u00e5 kunne lede en regjering som st\u00f8rste parti, sier Stoltenberg.<\/p>\n<p class=\"_paragraph_ew2ao_4 _paragraph_xtcu6_10 layout-component text-serif-m layout-normal text-serif-m layout-padded\">\u2013 Advarer dere mot Frp n\u00e5 fordi de er s\u00e5 n\u00e6re ved \u00e5 kunne lykkes: Det har v\u00e6rt r\u00f8dgr\u00f8nt flertall p\u00e5 de fleste m\u00e5lingene, men det er s\u00e5 jevnt at dere risikerer \u00e5 tape valget mandag og forsvinne ut av regjeringskontorene?<\/p>\n<p class=\"_paragraph_ew2ao_4 _paragraph_xtcu6_10 layout-component text-serif-m layout-normal text-serif-m layout-padded\">\u2013 Det er jevnt, det er det ingen tvil om. Det har v\u00e6rt det gjennom sommeren, sier Stoltenberg.<\/p>\n<p class=\"_paragraph_ew2ao_4 _paragraph_xtcu6_10 layout-component text-serif-m layout-normal text-serif-m layout-padded\">I f\u00f8lge <a href=\"https:\/\/www.pollofpolls.no\/?cmd=Stortinget\" class=\"_link_ew2ao_39\" rel=\"nofollow noopener\" target=\"_blank\">Poll of Polls<\/a> er snittberegningen av mandater mandater Det er 169 plasser p\u00e5 Stortinget, mandater.  Det betyr at det trengs 85 mandater for flertall.87\u201382 i r\u00f8dgr\u00f8nn fav\u00f8r. Det betyr at de borgerlige trenger tre mandater p\u00e5 \u00e5 vippe til 85\u201384 flertall.<\/p>\n<p class=\"_paragraph_ew2ao_4 _paragraph_xtcu6_10 layout-component text-serif-m layout-normal text-serif-m layout-padded\">St\u00f8re anlegger et annet perspektiv:<\/p>\n<p><img alt=\"Foto: G\u00f8ran Bohlin \/ VG\" class=\"_image_qp4xg_65 layout-component layout-normal\" data-fullscreen- data-track-element-type=\"Article image fullscreen\" data-track-name=\"ImageFullscreen\" decoding=\"async\" loading=\"lazy\" height=\"5504\" itemprop=\"image\"  src=\"https:\/\/www.europesays.com\/no\/wp-content\/uploads\/2025\/09\/a3389d7d-490e-45f2-90c0-bfc354b712e7\"  style=\"object-position:0% 0%\" width=\"8256\"\/>Foto: G\u00f8ran Bohlin \/ VG<img alt=\"Ferje og svele ble det ogs\u00e5 p\u00e5 turen.  Foto: G\u00f8ran Bohlin \/ VG\" class=\"_image_qp4xg_65 layout-component layout-normal\" data-fullscreen- data-track-element-type=\"Article image fullscreen\" data-track-name=\"ImageFullscreen\" decoding=\"async\" loading=\"lazy\" height=\"4096\" itemprop=\"image\"  src=\"https:\/\/www.europesays.com\/no\/wp-content\/uploads\/2025\/09\/a9df9417-a99f-4df6-8526-5506e9064fdf\"  style=\"object-position:0% 0%\" width=\"6144\"\/>Ferje og svele ble det ogs\u00e5 p\u00e5 turen.  Foto: G\u00f8ran Bohlin \/ VG<\/p>\n<p class=\"_paragraph_ew2ao_4 _paragraph_xtcu6_10 layout-component text-serif-m layout-normal text-serif-m layout-padded\">\u2013 For under ett \u00e5r <a href=\"https:\/\/www.vg.no\/nyheter\/i\/alqbEO\/stoere-nekter-aa-kommentere-egen-posisjon-etter-krisemaalingen\" data-track-element-type=\"Link\" data-track-id=\"link:alqbEO\" class=\"_link_ew2ao_39\" rel=\"nofollow noopener\" target=\"_blank\">s\u00e5 det ikke bra ut <\/a>for v\u00e5r regjering. Men vi reiste oss. S\u00e5 kom vi inn i sommeren som viser at dette blir et jevnt race. Det blir jevnt helt inn og jeg tror vi vil vinne, fordi vi har greid \u00e5 f\u00e5 frem kontrastene hvor vi st\u00e5r for ansvarlig politikk og trygghet.<\/p>\n<p class=\"_paragraph_ew2ao_4 _paragraph_xtcu6_10 layout-component text-serif-m layout-normal text-serif-m layout-padded\">F\u00f8r vi konfronterer dem med egen alder og noe Erna Solberg har sagt; bli med p\u00e5 en kort gjennomgang av deres politiske liv.<\/p>\n<ul class=\"_list_ew2ao_3 _list_xtcu6_9 _unordered_ew2ao_99 layout-component text-serif-m layout-normal text-serif-m layout-padded\">\n<li class=\"_item_ew2ao_30\">Jens Stoltenberg har v\u00e6rt med siden han i 1973 engasjerte seg i AUF, hvor han var med p\u00e5 \u00e5 reetablere et lokallagreetablere et lokallagPuste liv i et lokallag som hadde ligget nede. av AUF AUF Aps ungdomsorganisasjon.p\u00e5 Majorstua i Oslo.<\/li>\n<\/ul>\n<ul class=\"_list_ew2ao_3 _list_xtcu6_9 _unordered_ew2ao_99 layout-component text-serif-m layout-normal text-serif-m layout-padded\">\n<li class=\"_item_ew2ao_30\">Siden gikk han den lange Ap-veien til han ble finansminister i 1996, statsminister fra 2000 til 2001 og statsminister igjen i \u00e5tte \u00e5r fra 2005 til 2013 \u2013 f\u00f8r et ti\u00e5rig mellomspill som NATO NATODen nordatlantiske traktats organisasjon, en milit\u00e6rallianse mellom land i Europa og Nord-Amerika.-sjef \u2013 f\u00f8r han i vinter fikk en vissen rose til \u00e5 blomstre igjenvissen rose til \u00e5 blomstre igjenAp har en r\u00f8d rose som symbol..<\/li>\n<\/ul>\n<p><img alt=\"1997: Jens Stoltenberg gapskratter av komikerne Rigmor Galtung og Rune Andersen som henholdsvis Gro Harlem Brundtland og LO-leder Yngve H\u00e5gensen.  Foto: Nils Bj\u00e5land \/ VG\" class=\"_image_qp4xg_65 layout-component layout-normal\" data-fullscreen- data-track-element-type=\"Article image fullscreen\" data-track-name=\"ImageFullscreen\" decoding=\"async\" loading=\"lazy\" height=\"2048\" itemprop=\"image\"  src=\"https:\/\/www.europesays.com\/no\/wp-content\/uploads\/2025\/09\/34c082e6-6e6f-4fc4-a9d1-e46435a49dd9\"  style=\"object-position:0% 0%\" width=\"3072\"\/>1997: Jens Stoltenberg gapskratter av komikerne Rigmor Galtung og Rune Andersen som henholdsvis Gro Harlem Brundtland og LO-leder Yngve H\u00e5gensen.  Foto: Nils Bj\u00e5land \/ VG<\/p>\n<ul class=\"_list_ew2ao_3 _list_xtcu6_9 _unordered_ew2ao_99 layout-component text-serif-m layout-normal text-serif-m layout-padded\">\n<li class=\"_item_ew2ao_30\">St\u00f8re har ikke like lang fartstid, men kan skilte med \u00e5 ha v\u00e6rt utenriksminister i Stoltenbergs andre regjering fra 2005 til 2012, f\u00f8r han tok et \u00e5r som helseminister.<\/li>\n<li class=\"_item_ew2ao_30\">Fra 2014 har han v\u00e6rt Ap-leder og statsminister siden 2021.<\/li>\n<\/ul>\n<p class=\"_paragraph_ew2ao_4 _paragraph_xtcu6_10 layout-component text-serif-m layout-normal text-serif-m layout-padded\">Mandag kan deres liv som ledende politikere for Norge v\u00e6re over, hvis de borgerlige snur m\u00e5lingene til seier.<\/p>\n<p><img alt=\"Foto: G\u00f8ran Bohlin \/ VG\" class=\"_image_qp4xg_65 layout-component layout-normal\" data-fullscreen- data-track-element-type=\"Article image fullscreen\" data-track-name=\"ImageFullscreen\" decoding=\"async\" loading=\"lazy\" height=\"5504\" itemprop=\"image\"  src=\"https:\/\/www.europesays.com\/no\/wp-content\/uploads\/2025\/09\/4608f6cc-0323-422e-baf9-5cc3948b355e\"  style=\"object-position:0% 0%\" width=\"8256\"\/>Foto: G\u00f8ran Bohlin \/ VG<\/p>\n<p class=\"_paragraph_ew2ao_4 _paragraph_xtcu6_10 layout-component text-serif-m layout-normal text-serif-m layout-padded\">Men tilbake til Erna Solberg:<\/p>\n<p class=\"_paragraph_ew2ao_4 _paragraph_xtcu6_10 layout-component text-serif-m layout-normal text-serif-m layout-padded\">I valgkampen har H\u00f8yre-lederen sagt at hun tviler p\u00e5 om hun er partileder om fire \u00e5r, fordi hun ved utgangen av neste stortingsperiode vil v\u00e6re 68 \u00e5r.<\/p>\n<p class=\"_paragraph_ew2ao_4 _paragraph_xtcu6_10 layout-component text-serif-m layout-normal text-serif-m layout-padded\">\u2013 Hun legger et visst press p\u00e5 dere, hun er jo yngre enn dere, 64 \u00e5r ung?<\/p>\n<p class=\"_paragraph_ew2ao_4 _paragraph_xtcu6_10 layout-component text-serif-m layout-normal text-serif-m layout-padded\">\u2013 Jeg betrakter Jonas som en ung mann. Han er f\u00f8dt p\u00e5 60-tallet, jeg p\u00e5 50-tallet. Han har ti\u00e5r foran seg, sier Stoltenberg, med lett latter.<\/p>\n<p><img alt=\"Foto: G\u00f8ran Bohlin \/ VG\" class=\"_image_qp4xg_65 layout-component layout-normal\" data-fullscreen- data-track-element-type=\"Article image fullscreen\" data-track-name=\"ImageFullscreen\" decoding=\"async\" loading=\"lazy\" height=\"5504\" itemprop=\"image\"  src=\"https:\/\/www.europesays.com\/no\/wp-content\/uploads\/2025\/09\/18cc2cb7-e97f-471c-abde-de7fab614047\"  style=\"object-position:0% 0%\" width=\"8256\"\/>Foto: G\u00f8ran Bohlin \/ VG<\/p>\n<p class=\"_paragraph_ew2ao_4 _paragraph_xtcu6_10 layout-component text-serif-m layout-normal text-serif-m layout-padded\">Vi ber St\u00f8re resonnere over egen alder og hvor lenge han vil fortsette.<\/p>\n<p class=\"_paragraph_ew2ao_4 _paragraph_xtcu6_10 layout-component text-serif-m layout-normal text-serif-m layout-padded\">\u2013 If\u00f8lge stortingslistene blir jeg eldste stortingsrepresentant p\u00e5 Stortinget. Jeg har fylt 65 \u00e5r. Jeg f\u00f8ler meg i bra form, og jeg har bra motivasjon. Og s\u00e5 har jeg den holdningen at n\u00e5 er n\u00e5. Du m\u00e5 gj\u00f8re jobben n\u00e5 100 prosent.<\/p>\n<p class=\"_paragraph_ew2ao_4 _paragraph_xtcu6_10 layout-component text-serif-m layout-normal text-serif-m layout-padded\">Stoltenberg sier at alder ikke er noen hindring.<\/p>\n<p class=\"_paragraph_ew2ao_4 _paragraph_xtcu6_10 layout-component text-serif-m layout-normal text-serif-m layout-padded\">\u2013 Jeg har hatt gleden av \u00e5 jobbe i NATO, med mange regjeringssjefer som er oppeg\u00e5ende og vesentlig eldre enn Jonas.<\/p>\n<p class=\"_paragraph_ew2ao_4 _paragraph_xtcu6_10 layout-component text-serif-m layout-normal text-serif-m layout-padded\">Vi unng\u00e5r \u00e5 sp\u00f8rre om Joe Biden, Joe Biden,USAs avtroppede president da Trump tok over. Han er 82 \u00e5r og fikk mye fokus mot seg da han rotet med ord og vendinger. men tar opp tr\u00e5den som Stoltenberg trekker opp; at det ikke er noe i veien for \u00e5 v\u00e6re toppolitiker ogs\u00e5 langt ut i 70-\u00e5rene:<\/p>\n<p class=\"_paragraph_ew2ao_4 _paragraph_xtcu6_10 layout-component text-serif-m layout-normal text-serif-m layout-padded\">Vinner de r\u00f8dgr\u00f8nner\u00f8dgr\u00f8nneAp, Sp, De Gr\u00f8nne, SV og R\u00f8dt. valget og St\u00f8re kan regjere i fire \u00e5r til, vil han v\u00e6re 69 \u00e5r i 2029.<\/p>\n<p class=\"_paragraph_ew2ao_4 _paragraph_xtcu6_10 layout-component text-serif-m layout-normal text-serif-m layout-padded\">\u2013 Da kan det v\u00e6re fristende \u00e5 fors\u00f8ke seg p\u00e5 en tredje periodetredje periodeDet er noen forutsetninger her: Vinner de r\u00f8dgr\u00f8nne mandag, kan St\u00f8re sitte i fire \u00e5r til, etter \u00e5 ha v\u00e6rt statsminister de siste fire \u00e5rene. Skulle han st\u00e5 gjennom stormen i de fire neste \u00e5rene, kan han eventuelt v\u00e6re aktuell for \u00e5 bli statsminister i enda en periode, fra 2029 til 2033. Det er ikke realistisk, men ikke helt umulig.; det er det ikke mange statsministre som kan vise til?<\/p>\n<p class=\"_paragraph_ew2ao_4 _paragraph_xtcu6_10 layout-component text-serif-m layout-normal text-serif-m layout-padded\">\u2013 \u00c5 v\u00e6re p\u00e5 et tidspunkt i livet hvor du kan innrede hverdagen din selv, leve et litt mer avslappet liv, gj\u00f8r at du kan si at jeg kan ta den jobben. Jeg er engasjert i politikken, i sosialdemokratiet og i oppgaven det er \u00e5 lede landet:<\/p>\n<p><img alt=\"Foto: G\u00f8ran Bohlin \/ VG\" class=\"_image_qp4xg_65 layout-component layout-normal\" data-fullscreen- data-track-element-type=\"Article image fullscreen\" data-track-name=\"ImageFullscreen\" decoding=\"async\" loading=\"lazy\" height=\"5504\" itemprop=\"image\"  src=\"https:\/\/www.europesays.com\/no\/wp-content\/uploads\/2025\/09\/a6a830ac-05e0-44fb-b577-ef15d016ba95\"  style=\"object-position:0% 0%\" width=\"8256\"\/>Foto: G\u00f8ran Bohlin \/ VG<\/p>\n<p class=\"_paragraph_ew2ao_4 _paragraph_xtcu6_10 layout-component text-serif-m layout-normal text-serif-m layout-padded\">\u2013 Jens og jeg deler det engasjementet. S\u00e5 er det et begrep som heter at det er tid og sted for alt. Sp\u00f8rsm\u00e5lene om hvilke avgj\u00f8relser man tar fremover, de tenker vi alle p\u00e5, men det er det ikke tid for n\u00e5. N\u00e5 er det innspurten f\u00f8r valget som gjelder.<\/p>\n<p class=\"_paragraph_ew2ao_4 _paragraph_xtcu6_10 layout-component text-serif-m layout-normal text-serif-m layout-padded\">\u2013 P\u00e5 VGs m\u00e5ling denne uken fikk dere <a href=\"https:\/\/www.vg.no\/nyheter\/i\/B0OLOw\/vgs-partimaaling-mdg-gaar-frem-senterpartiet-faller\" data-track-element-type=\"Link\" data-track-id=\"link:B0OLOw\" class=\"_link_ew2ao_39\" rel=\"nofollow noopener\" target=\"_blank\">26,6 prosent<\/a>. Det er n\u00e6r deres nest d\u00e5rligste stortingsvalgresultat i moderne tid, hvor dere fikk 26,4 i 2021 og katastrofale 24,2 da Stoltenberg m\u00e5tte g\u00e5 av som statsminister i 2001?<\/p>\n<p class=\"_paragraph_ew2ao_4 _paragraph_xtcu6_10 layout-component text-serif-m layout-normal text-serif-m layout-padded\">\u2013 Det er flertall som teller. Vi m\u00e5 ha flertall p\u00e5 v\u00e5r side av streken. V\u00e5rt samfunn har endret seg og vi er representert p\u00e5 andre m\u00e5ter:<\/p>\n<p class=\"_paragraph_ew2ao_4 _paragraph_xtcu6_10 layout-component text-serif-m layout-normal text-serif-m layout-padded\">\u2013 Ap hadde m\u00e5linger p\u00e5 14 prosent i desember. N\u00e5 er vi p\u00e5 \u00f8vre del av 20-tallet. Velgerne er s\u00e5nn.<\/p>\n<p class=\"_paragraph_ew2ao_4 _paragraph_xtcu6_10 layout-component text-serif-m layout-normal text-serif-m layout-padded\">Han legger til:<\/p>\n<p><img alt=\"Foto: G\u00f8ran Bohlin \/ VG\" class=\"_image_qp4xg_65 layout-component layout-normal\" data-fullscreen- data-track-element-type=\"Article image fullscreen\" data-track-name=\"ImageFullscreen\" decoding=\"async\" loading=\"lazy\" height=\"5504\" itemprop=\"image\"  src=\"https:\/\/www.europesays.com\/no\/wp-content\/uploads\/2025\/09\/81e8be20-bf08-4165-9797-fe32c034dc8f\"  style=\"object-position:0% 0%\" width=\"8256\"\/>Foto: G\u00f8ran Bohlin \/ VG<\/p>\n<p class=\"_paragraph_ew2ao_4 _paragraph_xtcu6_10 layout-component text-serif-m layout-normal text-serif-m layout-padded\">\u2013 Og vi kan ikke stille ultimatum til velgerne. Vi m\u00e5 v\u00e6re til stede for dem. Det viktigste i deres liv, skal v\u00e6re viktigst i politikken, men det er mye i deres liv som vi skal holde oss unna. <\/p>\n<p class=\"_paragraph_ew2ao_4 _paragraph_xtcu6_10 layout-component text-serif-m layout-normal text-serif-m layout-padded\">Fra borgerlig side har det blitt argumentert mot Ap at de er avhengige av en flora av partier p\u00e5 venstresiden, som de mener vil skape styringskaos for St\u00f8re:<\/p>\n<p class=\"_paragraph_ew2ao_4 _paragraph_xtcu6_10 layout-component text-serif-m layout-normal text-serif-m layout-padded\">\u2013 Dere skal regjere p\u00e5 n\u00e5de av SV, som allerede har m\u00f8tt dere med <a href=\"https:\/\/www.vg.no\/nyheter\/i\/632OL8\/sv-leder-kirsti-bergstoe-stiller-ultimatum-til-ap-om-oljefondet\" data-track-element-type=\"Link\" data-track-id=\"link:632OL8\" class=\"_link_ew2ao_39\" rel=\"nofollow noopener\" target=\"_blank\">ultimatum<\/a>, Sp, som nekter \u00e5 forhandle statsbudsjett hvis dere tenker i retning av \u00e5 behandle EU-energidirektiverEU-energidirektiverRegler og retningslinjer fra EU som medlemslandene m\u00e5 f\u00f8lge, relatert til energipolitikk. og r\u00f8de R\u00f8dt. Og MDG vil trolig klimapresse klimapresse Fremme klimakrav de vil ha gjennomslag for.dere som de aldri har gjort f\u00f8r?<\/p>\n<p class=\"_paragraph_ew2ao_4 _paragraph_xtcu6_10 layout-component text-serif-m layout-normal text-serif-m layout-padded\">\u2013 De har alltid fors\u00f8kt \u00e5 skremme med det. I 2005 advarte de mot \u00abden r\u00f8de fare\u00bb. Det gikk helt str\u00e5lende. Jeg er sikker p\u00e5 at Jonas vil finne gode l\u00f8sninger, sier Stoltenberg.<\/p>\n<p class=\"_paragraph_ew2ao_4 _paragraph_xtcu6_10 layout-component text-serif-m layout-normal text-serif-m layout-padded\">I en debatt p\u00e5 Vestlandsturen ironiserte han over at han er p\u00e5 retur, tilbake til en jobb han hadde for 29 \u00e5r siden, finansminister i 1996\u20131997 &#8211; og at det neste trolig er at han blir med i AUF igjenblir med i AUF igjenSagt med glimt i \u00f8yet..<\/p>\n<p><img alt=\"Foto: G\u00f8ran Bohlin \/ VG\" class=\"_image_qp4xg_65 layout-component layout-normal\" data-fullscreen- data-track-element-type=\"Article image fullscreen\" data-track-name=\"ImageFullscreen\" decoding=\"async\" loading=\"lazy\" height=\"4096\" itemprop=\"image\"  src=\"https:\/\/www.europesays.com\/no\/wp-content\/uploads\/2025\/09\/51b90053-bf72-40b9-900d-25dfa6aa220b\"  style=\"object-position:0% 0%\" width=\"6144\"\/>Foto: G\u00f8ran Bohlin \/ VG <\/p>\n<p class=\"_paragraph_ew2ao_4 _paragraph_xtcu6_10 layout-component text-serif-m layout-normal text-serif-m layout-padded\">\u2013 B\u00e5de Jonas og jeg er nok litt overrasket. Men jeg er veldig glad for at Jonas spurte meg og at jeg f\u00e5r v\u00e6re med p\u00e5 hans lag. Og ikke minst at vi har s\u00e5 mye vi skal gj\u00f8re sammen i politikken i fremtiden.<\/p>\n<p class=\"_paragraph_ew2ao_4 _paragraph_xtcu6_10 layout-component text-serif-m layout-normal text-serif-m layout-padded\">Han legger til:<\/p>\n<p class=\"_paragraph_ew2ao_4 _paragraph_xtcu6_10 layout-component text-serif-m layout-normal text-serif-m layout-padded\">\u2013 Vi har mye ugjort og vi har mange planer for dette landet som vi skal gjennomf\u00f8re. <\/p>\n<p>Listhaug: &#8211; Glemsk<\/p>\n<p class=\"_paragraph_ew2ao_4 _paragraph_xtcu6_10 layout-component text-serif-m layout-normal text-serif-m layout-padded\">\u2013 St\u00f8re og Stoltenberg m\u00e5 ha blitt glemsk, sier Frp-leder Sylvi Listhaug:<\/p>\n<p class=\"_paragraph_ew2ao_4 _paragraph_xtcu6_10 layout-component text-serif-m layout-normal text-serif-m layout-padded\">\u2013 For fors\u00f8kene p\u00e5 \u00e5 skremme med Frps l\u00f8sninger har Ap gjentatt til det kjedsommelige ogs\u00e5 f\u00f8r tidligere valg. Stikk i strid med hva de n\u00e5 forteller,<a href=\"https:\/\/www.finansavisen.no\/nyheter\/politikk\/2008\/07\/jens-ikke-umulig-at-siv-blir-statsminister\" class=\"_link_ew2ao_39\" rel=\"nofollow noopener\" target=\"_blank\"> fors\u00f8kte <\/a>Ap ogs\u00e5 i 2008 \u00e5 skremme folk med at Frp var det st\u00f8rste alternative p\u00e5 ikke-sosialistisk side.<\/p>\n<p><img alt=\"Foto: Line M\u00f8ller \/ VG\" class=\"_image_qp4xg_65 layout-component layout-normal\" data-fullscreen- data-track-element-type=\"Article image fullscreen\" data-track-name=\"ImageFullscreen\" decoding=\"async\" loading=\"lazy\" height=\"4751\" itemprop=\"image\"  src=\"https:\/\/www.europesays.com\/no\/wp-content\/uploads\/2025\/09\/1bb18328-ff1c-4f51-99a4-faee39668325\"  style=\"object-position:0% 0%\" width=\"6390\"\/>Foto: Line M\u00f8ller \/ VG<\/p>\n<p class=\"_paragraph_ew2ao_4 _paragraph_xtcu6_10 layout-component text-serif-m layout-normal text-serif-m layout-padded\">Hun sier at f\u00f8r valget i 2013<a href=\"https:\/\/e24.no\/norsk-oekonomi\/i\/namE1d\/sigbjoern-johnsen-frykter-hoeyere-rente-og-kronekurs-med-de-blaa\" class=\"_link_ew2ao_39\" rel=\"nofollow noopener\" target=\"_blank\"> fors\u00f8kte <\/a>Ap \u00e5 skremme med at renten ble h\u00f8yere med Frp i regjering.<\/p>\n<p class=\"_paragraph_ew2ao_4 _paragraph_xtcu6_10 layout-component text-serif-m layout-normal text-serif-m layout-padded\">\u2013 Da Frp\/H-regjeringen tiltr\u00e5dte i 2013 l\u00e5 styringsrenten p\u00e5 1.5 prosent og da St\u00f8re-regjeringen overtok i 2021 l\u00e5 styringsrenten p\u00e5 0.25 prosent. Etter 13 rentehevninger og ett minimalt rentekutt med St\u00f8re ligger styringsrenten n\u00e5 p\u00e5 4.25 prosent:<\/p>\n<p class=\"_paragraph_ew2ao_4 _paragraph_xtcu6_10 layout-component text-serif-m layout-normal text-serif-m layout-padded\">\u2013 N\u00e5 ser vi at de fors\u00f8ker den samme desperate strategien kort tid f\u00f8r valget. De fortsetter \u00e5 bl\u00f8ffe om v\u00e5r skole- og helsepolitikk.<\/p>\n<p class=\"_paragraph_ew2ao_4 _paragraph_xtcu6_10 layout-component text-serif-m layout-normal text-serif-m layout-padded\">Hun legger til:<\/p>\n<p class=\"_paragraph_ew2ao_4 _paragraph_xtcu6_10 layout-component text-serif-m layout-normal text-serif-m layout-padded\">\u2013 Det som derimot b\u00f8r bekymre folk er at St\u00f8re har vedtatt et nytt klimam\u00e5l som gj\u00f8r at Ap mangler minst 170 milliarder kroner \u00e5rlig i inndekning fremover. Dette er kostnader som vil bli lempet over p\u00e5 vanlige folk og bedrifter i form av \u00f8kte skatter og prissjokk.<\/p>\n","protected":false},"excerpt":{"rendered":"Stortingsvalget p\u00e5 mandag kan avgj\u00f8re skjebnen til Jonas Gahr St\u00f8re og Jens Stoltenberg. Frp kan bli st\u00f8rste parti&hellip;\n","protected":false},"author":2,"featured_media":27138,"comment_status":"","ping_status":"","sticky":false,"template":"","format":"standard","meta":{"footnotes":""},"categories":[10],"tags":[20,21,24,25,15,240,22,23,13,30,28,29,14,16,199,568,26,27,205],"class_list":{"0":"post-27137","1":"post","2":"type-post","3":"status-publish","4":"format-standard","5":"has-post-thumbnail","7":"category-norge","8":"tag-breaking-news","9":"tag-breakingnews","10":"tag-featured-news","11":"tag-featurednews","12":"tag-headlines","13":"tag-jens-stoltenberg","14":"tag-latest-news","15":"tag-latestnews","16":"tag-news","17":"tag-no","18":"tag-norge","19":"tag-norway","20":"tag-nyheter","21":"tag-overskrifter","22":"tag-stortingsvalg","23":"tag-store-regjeringen","24":"tag-top-stories","25":"tag-topstories","26":"tag-vgsamfunn"},"share_on_mastodon":{"url":"","error":""},"_links":{"self":[{"href":"https:\/\/www.europesays.com\/no\/wp-json\/wp\/v2\/posts\/27137","targetHints":{"allow":["GET"]}}],"collection":[{"href":"https:\/\/www.europesays.com\/no\/wp-json\/wp\/v2\/posts"}],"about":[{"href":"https:\/\/www.europesays.com\/no\/wp-json\/wp\/v2\/types\/post"}],"author":[{"embeddable":true,"href":"https:\/\/www.europesays.com\/no\/wp-json\/wp\/v2\/users\/2"}],"replies":[{"embeddable":true,"href":"https:\/\/www.europesays.com\/no\/wp-json\/wp\/v2\/comments?post=27137"}],"version-history":[{"count":0,"href":"https:\/\/www.europesays.com\/no\/wp-json\/wp\/v2\/posts\/27137\/revisions"}],"wp:featuredmedia":[{"embeddable":true,"href":"https:\/\/www.europesays.com\/no\/wp-json\/wp\/v2\/media\/27138"}],"wp:attachment":[{"href":"https:\/\/www.europesays.com\/no\/wp-json\/wp\/v2\/media?parent=27137"}],"wp:term":[{"taxonomy":"category","embeddable":true,"href":"https:\/\/www.europesays.com\/no\/wp-json\/wp\/v2\/categories?post=27137"},{"taxonomy":"post_tag","embeddable":true,"href":"https:\/\/www.europesays.com\/no\/wp-json\/wp\/v2\/tags?post=27137"}],"curies":[{"name":"wp","href":"https:\/\/api.w.org\/{rel}","templated":true}]}}