{"id":271560,"date":"2026-06-19T22:07:31","date_gmt":"2026-06-19T22:07:31","guid":{"rendered":"https:\/\/www.europesays.com\/no\/271560\/"},"modified":"2026-06-19T22:07:31","modified_gmt":"2026-06-19T22:07:31","slug":"inni-mitt-hode-livet-jeg-har-fatt-noen-nye-perspektiver-pa-livet","status":"publish","type":"post","link":"https:\/\/www.europesays.com\/no\/271560\/","title":{"rendered":"Inni mitt hode, Livet | Jeg har f\u00e5tt noen nye perspektiver p\u00e5 livet\u00a0"},"content":{"rendered":"\n<p>De siste ukene har jeg syntes synd p\u00e5 meg selv opp til flere ganger. Min hverdag har v\u00e6rt preget av bachelor-innspurt og eksamen, men i forrige uke fikk jeg endelig levert, og i kombinasjon med at jeg s\u00e5 ferdig det danske kj\u00e6rlighetsprogrammet \u00abHotel Romantik\u00bb, begynte jeg \u00e5 sette ting i perspektiv. <\/p>\n<p><b>Dagen f\u00f8r jeg leverte bacheloren kom jeg hjem til samboeren min og gr\u00e5t og gr\u00e5t. Jeg var sliten og drittlei av \u00e5 sitte med litteraturliste og kildehenvisninger. Jeg s\u00f8kte sympati, og man kan jo tenke seg til hvordan jeg reagerte da samboeren min svarte: \u00abJohanne, alle har det t\u00f8ft n\u00e5, det er ikke synd p\u00e5 deg\u00bb. Selv om jeg visste at han hadde rett, l\u00e5ste jeg meg inne p\u00e5 badet p\u00e5 trass, s\u00e5 jeg kunne sutre i fred. Stakkars, stakkars meg. <\/b><\/p>\n<p>Om kvelden var jeg klar for \u00e5 slappe av og se siste episode av \u00abHotel Romantik\u00bb, som minner litt om et veldig uskyldig datingprogram. Programmet handler om 20 eldre mennesker p\u00e5 rundt 70 \u00e5r som flytter inn i en villa p\u00e5 Mallorca i ti dager. M\u00e5let er n\u00f8dvendigvis ikke at det skal ende med ti par, men premisset for programmet er at man skal finne kj\u00e6rligheten. <\/p>\n<p>La meg si det s\u00e5nn: Jeg har hulket til dette programmet, og det har satt noen ting i perspektiv. Naturligvis har de en livserfaring jeg ikke engang kan se for meg at jeg en dag vil sitte med. Noen har v\u00e6rt gift tre ganger, andre har ikke datet p\u00e5 40 \u00e5r, mange har mistet sine ektefeller, og Tom p\u00e5 74 \u00e5r har ikke danset siden han var 40. Felles for alle 20 er livsgleden. De snakker avslappet om at livet tar slutt, og at de m\u00e5 nyte den siste tiden de har igjen. N\u00e5r de forteller om at de vil finne en soulmate de kan ha resten av livet, h\u00f8res det voldsomt ut, men det er jo klart de vil ha det. \u00abResten av livet\u00bb er jo for dem n\u00f8dvendigvis ikke s\u00e5 mange \u00e5r. <\/p>\n<p>Det er ikke alle som finner sin soulmate, men det er mange som finner seg selv, og innser at de enten har jobbet for mye gjennom livet, eller glemt \u00e5 fokusere p\u00e5 seg selv. Og det er dette som inspirerer meg. De har en selvinnsikt jeg ogs\u00e5 vil ha. Det er ikke alt av det som skjer her og n\u00e5 som er viktig, og en bachelor-oppgave skal ikke prege mine tjue\u00e5r. <\/p>\n<p>Det gjelder \u00e5 nyte livet s\u00e5 lenge man har det, og pr\u00f8ve \u00e5 sette ting litt i perspektiv. Det er klisj\u00e9, men de finnes av en grunn. <\/p>\n<p><b>Live, life, love. Er det ikke det man sier?<\/b><\/p>\n","protected":false},"excerpt":{"rendered":"De siste ukene har jeg syntes synd p\u00e5 meg selv opp til flere ganger. Min hverdag har v\u00e6rt&hellip;\n","protected":false},"author":2,"featured_media":271561,"comment_status":"","ping_status":"","sticky":false,"template":"","format":"standard","meta":{"footnotes":"","_share_on_mastodon":"0"},"categories":[58],"tags":[36,71,13682,10686,4016,30,28,29,1533,72],"class_list":["post-271560","post","type-post","status-publish","format-standard","has-post-thumbnail","category-underholdning","tag-art","tag-entertainment","tag-inni-mitt-hode","tag-kjaerlighet","tag-livet","tag-no","tag-norge","tag-norway","tag-opinion","tag-underholdning"],"share_on_mastodon":{"url":"https:\/\/pubeurope.com\/@no\/116779053537085492","error":""},"_links":{"self":[{"href":"https:\/\/www.europesays.com\/no\/wp-json\/wp\/v2\/posts\/271560","targetHints":{"allow":["GET"]}}],"collection":[{"href":"https:\/\/www.europesays.com\/no\/wp-json\/wp\/v2\/posts"}],"about":[{"href":"https:\/\/www.europesays.com\/no\/wp-json\/wp\/v2\/types\/post"}],"author":[{"embeddable":true,"href":"https:\/\/www.europesays.com\/no\/wp-json\/wp\/v2\/users\/2"}],"replies":[{"embeddable":true,"href":"https:\/\/www.europesays.com\/no\/wp-json\/wp\/v2\/comments?post=271560"}],"version-history":[{"count":0,"href":"https:\/\/www.europesays.com\/no\/wp-json\/wp\/v2\/posts\/271560\/revisions"}],"wp:featuredmedia":[{"embeddable":true,"href":"https:\/\/www.europesays.com\/no\/wp-json\/wp\/v2\/media\/271561"}],"wp:attachment":[{"href":"https:\/\/www.europesays.com\/no\/wp-json\/wp\/v2\/media?parent=271560"}],"wp:term":[{"taxonomy":"category","embeddable":true,"href":"https:\/\/www.europesays.com\/no\/wp-json\/wp\/v2\/categories?post=271560"},{"taxonomy":"post_tag","embeddable":true,"href":"https:\/\/www.europesays.com\/no\/wp-json\/wp\/v2\/tags?post=271560"}],"curies":[{"name":"wp","href":"https:\/\/api.w.org\/{rel}","templated":true}]}}