{"id":27173,"date":"2025-09-04T19:37:08","date_gmt":"2025-09-04T19:37:08","guid":{"rendered":"https:\/\/www.europesays.com\/no\/27173\/"},"modified":"2025-09-04T19:37:08","modified_gmt":"2025-09-04T19:37:08","slug":"det-er-slutt-for-sunda-etter-95-ar","status":"publish","type":"post","link":"https:\/\/www.europesays.com\/no\/27173\/","title":{"rendered":"Det er slutt for Sunda etter 95 \u00e5r"},"content":{"rendered":"\n<p class=\"_lead_ew2ao_2 _lead_xtcu6_50 layout-component text-serif-m layout-normal text-serif-l layout-component layout-wide layout-padded _wide_17hqh_1 layout-padded\">Etter 95 \u00e5r er det slutt p\u00e5 Sunda. <\/p>\n<p><img alt=\"Slutt p\u00e5 det gylne p\u00e5legget, Sunda. Foto: Robert S. Eik \/ VG\" class=\"_image_qp4xg_65 layout-component layout-wide\" data-fullscreen- data-track-element-type=\"Article image fullscreen\" data-track-name=\"ImageFullscreen\" fetchpriority=\"high\" decoding=\"sync\" loading=\"eager\" height=\"3023\" itemprop=\"image\"  src=\"https:\/\/www.europesays.com\/no\/wp-content\/uploads\/2025\/09\/20f84f10-0bfd-4ce0-86f4-c93ec161fab7\"  style=\"object-position:0% 0%\" width=\"2552\"\/>Slutt p\u00e5 det gylne p\u00e5legget, Sunda. Foto: Robert S. Eik \/ VG<\/p>\n<ul aria-hidden=\"true\" class=\"_images_1y6fe_106\">\n<li><a class=\"_link_1y6fe_111\" href=\"https:\/\/www.vg.no\/forfatter\/sara-aga\" style=\"z-index:1\" title=\"Sara N\u00e5 Aga\" rel=\"nofollow noopener\" target=\"_blank\"><img alt=\"Bilde av Sara N\u00e5 Aga\" class=\"_image_1y6fe_88\" fetchpriority=\"low\" loading=\"lazy\" decoding=\"async\" itemprop=\"image\"  src=\"https:\/\/www.europesays.com\/no\/wp-content\/uploads\/2025\/09\/1757014628_184_af1c8685-1584-470f-8687-394792a778be\"  width=\"480\"\/><\/a><\/li>\n<\/ul>\n<p> Oppdatert torsdag 4. september kl. 21:16    <\/p>\n<ul class=\"_list_ew2ao_3 _list_64s2r_85 _unordered_ew2ao_99 text-sans-m\">\n<li class=\"_item_ew2ao_30\">Etter 95 \u00e5r er det slutt p\u00e5 produksjonen av s\u00f8tp\u00e5legget Sunda.<\/li>\n<li class=\"_item_ew2ao_30\">Den siste boksen kom av samleb\u00e5ndet p\u00e5 Tveita i Oslo torsdag.<\/li>\n<li class=\"_item_ew2ao_30\">Orkla avslutter produksjonen p\u00e5 grunn av lave salgstall og gamle maskiner.<\/li>\n<li class=\"_item_ew2ao_30\">Andre p\u00e5legg som Nugatti og n\u00f8ttesm\u00f8r har blitt mer popul\u00e6re.<\/li>\n<\/ul>\n<p>Vis mer <\/p>\n<p class=\"_paragraph_ew2ao_4 _paragraph_xtcu6_10 layout-component text-serif-m layout-normal text-serif-m layout-padded\">Torsdag gikk den siste boksen av samleb\u00e5ndet p\u00e5 fabrikken p\u00e5 Tveita i Oslo.<\/p>\n<p class=\"_paragraph_ew2ao_4 _paragraph_xtcu6_10 layout-component text-serif-m layout-normal text-serif-m layout-padded\">\u2013 Det er vemodig \u00e5 avslutte et ikonisk produkt som Sunda, det er ikke noe vi gj\u00f8r med lett hjerte, sier Kristoffer Vikebak, kommunikasjonsr\u00e5dgiver i <a href=\"https:\/\/www.vg.no\/tag\/orkla?utm_source=vg-article&amp;utm_medium=auto-tagger&amp;utm_campaign=rPwvK8\" class=\"_link_ew2ao_39\" rel=\"nofollow noopener\" target=\"_blank\">Orkla<\/a>, til<a href=\"https:\/\/dinside.dagbladet.no\/fritid\/na-er-det-slutt-vemodig\/83516548\" class=\"_link_ew2ao_39\" rel=\"nofollow noopener\" target=\"_blank\"> DinSide<\/a>.<\/p>\n<p class=\"_paragraph_ew2ao_4 _paragraph_xtcu6_10 layout-component text-serif-m layout-normal text-serif-m layout-padded\">Sunda har v\u00e6rt produsert p\u00e5 Tveita i Oslo siden 1930 og var det f\u00f8rste ferdige rene s\u00f8tp\u00e5legget i Norge. Mange nordmenn har et nostalgisk forhold til p\u00e5leggsklassikeren med den gylne fargen.<\/p>\n<p class=\"_paragraph_ew2ao_4 _paragraph_xtcu6_10 layout-component text-serif-m layout-normal text-serif-m layout-padded\">Men lave salgstall og gamle maskiner gj\u00f8r at produksjonen n\u00e5 stoppes for godt.<\/p>\n<p class=\"_paragraph_ew2ao_4 _paragraph_xtcu6_10 layout-component text-serif-m layout-normal text-serif-m layout-padded\">\u2013 Maskinene som Sunda produseres p\u00e5 er gamle og m\u00e5 skiftes ut for \u00e5 kunne fortsette produksjonen. En s\u00e5 stor investering kan ikke forsvares for et produkt med lave salgstall, forklarer Vikebak.<\/p>\n<p class=\"_paragraph_ew2ao_4 _paragraph_xtcu6_10 layout-component text-serif-m layout-normal text-serif-m layout-padded\">I fjor ble det solgt over 150 ganger s\u00e5 mye Nugatti som Sunda. N\u00f8ttesm\u00f8r og s\u00e5kalt cookie-butter har ogs\u00e5 blitt mer popul\u00e6rt de siste \u00e5rene.<\/p>\n","protected":false},"excerpt":{"rendered":"Etter 95 \u00e5r er det slutt p\u00e5 Sunda. Slutt p\u00e5 det gylne p\u00e5legget, Sunda. Foto: Robert S. Eik&hellip;\n","protected":false},"author":2,"featured_media":27174,"comment_status":"","ping_status":"","sticky":false,"template":"","format":"standard","meta":{"footnotes":""},"categories":[56],"tags":[60,61,62,30,28,29,1748],"class_list":{"0":"post-27173","1":"post","2":"type-post","3":"status-publish","4":"format-standard","5":"has-post-thumbnail","7":"category-naeringsliv","8":"tag-business","9":"tag-economy","10":"tag-naeringsliv","11":"tag-no","12":"tag-norge","13":"tag-norway","14":"tag-orkla"},"share_on_mastodon":{"url":"","error":""},"_links":{"self":[{"href":"https:\/\/www.europesays.com\/no\/wp-json\/wp\/v2\/posts\/27173","targetHints":{"allow":["GET"]}}],"collection":[{"href":"https:\/\/www.europesays.com\/no\/wp-json\/wp\/v2\/posts"}],"about":[{"href":"https:\/\/www.europesays.com\/no\/wp-json\/wp\/v2\/types\/post"}],"author":[{"embeddable":true,"href":"https:\/\/www.europesays.com\/no\/wp-json\/wp\/v2\/users\/2"}],"replies":[{"embeddable":true,"href":"https:\/\/www.europesays.com\/no\/wp-json\/wp\/v2\/comments?post=27173"}],"version-history":[{"count":0,"href":"https:\/\/www.europesays.com\/no\/wp-json\/wp\/v2\/posts\/27173\/revisions"}],"wp:featuredmedia":[{"embeddable":true,"href":"https:\/\/www.europesays.com\/no\/wp-json\/wp\/v2\/media\/27174"}],"wp:attachment":[{"href":"https:\/\/www.europesays.com\/no\/wp-json\/wp\/v2\/media?parent=27173"}],"wp:term":[{"taxonomy":"category","embeddable":true,"href":"https:\/\/www.europesays.com\/no\/wp-json\/wp\/v2\/categories?post=27173"},{"taxonomy":"post_tag","embeddable":true,"href":"https:\/\/www.europesays.com\/no\/wp-json\/wp\/v2\/tags?post=27173"}],"curies":[{"name":"wp","href":"https:\/\/api.w.org\/{rel}","templated":true}]}}