{"id":27175,"date":"2025-09-04T19:38:13","date_gmt":"2025-09-04T19:38:13","guid":{"rendered":"https:\/\/www.europesays.com\/no\/27175\/"},"modified":"2025-09-04T19:38:13","modified_gmt":"2025-09-04T19:38:13","slug":"usa-varsler-kutt-til-russland-naboer","status":"publish","type":"post","link":"https:\/\/www.europesays.com\/no\/27175\/","title":{"rendered":"USA varsler kutt til Russland-naboer"},"content":{"rendered":"<p class=\"kicker \" style=\"\">Skaper furore:<\/p>\n<p>  \u00c5tte ansatte ved en klinikk i California mistet jobben etter at sjokkbilder dukket opp p\u00e5 nett.<\/p>\n<p>\n    POSERER: Personene i videoen, hvor de viser fram kroppsv\u00e6sker fra kvinner, har alle f\u00e5tt sparken. Dagbladet har sladdet ansiktene. Foto: Fra videoen\n  <\/p>\n<p>    Kort fortalt<\/p>\n<ul lang=\"nb-NO\">\n<li>Flere ansatte ved Sansum Clinic i Santa Barbara mistet jobben etter en upassende Tiktok-video.<\/li>\n<li>Videoen viste ansatte som sp\u00f8kte om kroppsv\u00e6sker fra kvinner under gynekologiske unders\u00f8kelser.<\/li>\n<li>Videoen spredte seg raskt p\u00e5 sosiale medier og skapte stor furore, spesielt blant kvinner.<\/li>\n<li>Sutter Health uttalte at oppf\u00f8rselen var uakseptabel og et klart brudd p\u00e5 retningslinjene.<\/li>\n<\/ul>\n<p class=\"italic ai-disclaimer\" data-lab-italic=\"italic\">Sammendraget er laget av ChatGPT og godkjent av Dagbladet.<\/p>\n<p>      Vis mer<br \/>\n      Vis mindre<\/p>\n<p>\u00c5tte ansatte ved Sansum Clinic i Santa Barbara i California har mistet jobben etter en Tiktok-video som viser dem sp\u00f8ke om kroppsv\u00e6sker fra kvinner.<\/p>\n<p>I videoen som sirkulerer p\u00e5 nett vises det fram seks bilder fra et unders\u00f8kelsesrom der det tas cellepr\u00f8ver fra livmorhalsen, if\u00f8lge Santa Barbara Independent.<\/p>\n<p>Bildetekstene i videoen er: \u00abHar pasienter lov \u00e5 legge igjen gaver?\u00bb, og \u00abGjett substansen!\u00bb. <\/p>\n<p class=\"font-weight-bold m-font-weight-bold\" data-lab-font_weight=\"font-weight-bold\">P\u00e5 bildene poserer ansatte ved siden av v\u00e5te flekker p\u00e5 unders\u00f8kelsesbenken, smilende, med tunga ute og med en \u00abtommel opp\u00bb.<\/p>\n<p> Videoen blir avsluttet med et gruppebilde og teksten \u00abS\u00f8rg for \u00e5 legge igjen s\u00f8te gaver til helsearbeiderne dine\u00bb. <\/p>\n<p>        AVSL\u00d8ERS: Opptak fra kinesisk statlig fjernsyn avsl\u00f8rer samtalen mellom Russlands president Vladimir Putin og den kinesiske presidenten Xi Jinping. Video: Reuters. Reporter: Vegard Kr\u00fcger<\/p>\n<p>Spredte seg raskt  <\/p>\n<p>Det tok ikke lang tid f\u00f8r videoen ble slettet &#8211; men innen da hadde kopier spredt seg p\u00e5 nettopp Tiktok, Reddit, Instagram og X.<\/p>\n<p>Videoen har skapt full furore &#8211; s\u00e6rlig blant kvinner, som kommenterer at de \u00abaldri mer\u00bb skal g\u00e5 til gynekologen.<\/p>\n<p>          <img loading=\"lazy\" decoding=\"async\" src=\"https:\/\/www.europesays.com\/no\/wp-content\/uploads\/2025\/09\/1757014692_201_83548852.webp\" width=\"686\" height=\"933\" title=\"TUNGA UTE: Ett av bildene som er med i videoen. Dagbladet har sladdet kvinnens ansikt. Foto: Fra videoen\" alt=\"\" class=\"\" style=\"--aspect-ratio-image: 0.74; \"\/><\/p>\n<p>\n          TUNGA UTE: Ett av bildene som er med i videoen. Dagbladet har sladdet kvinnens ansikt. Foto: Fra videoen\n      <\/p>\n<p> Brukere omtaler oppf\u00f8rselen til helsepersonellet som \u00abumenneskelig\u00bb, \u00abuprofesjonell\u00bb og \u00abuetisk\u00bb. <\/p>\n<p class=\"font-weight-bold m-font-weight-bold\" data-lab-font_weight=\"font-weight-bold\">Flere skriver at det er direkte helsefarlig hvis kvinner slutter \u00e5 ta cellepr\u00f8ver i frykt for \u00e5 bli hengt ut p\u00e5 samme m\u00e5te.<\/p>\n<p>&#8211; Jeg var redd for \u00e5 g\u00e5 til gynekolog f\u00f8r. N\u00e5 er jeg livredd, skriver en kvinne.<\/p>\n<p>&#8211; Har v\u00e6rt for redd til \u00e5 ta cellepr\u00f8ver i mange \u00e5r. N\u00e5 kommer jeg aldri til \u00e5 gj\u00f8re det, skriver en annen.<\/p>\n<p class=\"font-weight-bold m-font-weight-bold\" data-lab-font_weight=\"font-weight-bold\">&#8211; Dette er en komplett skandale, skriver ei.<\/p>\n<p>        &#8211; Denne uakseptable oppf\u00f8rselen er et klart brudd p\u00e5 v\u00e5re retningslinjer, viser manglende respekt for v\u00e5re pasienter, og blir ikke tolerert<\/p>\n<p class=\"t23 italic m-italic\" style=\"\">Sutter Health<\/p>\n<p>&#8211; Uakseptabelt<\/p>\n<p>If\u00f8lge <a href=\"https:\/\/www.latimes.com\/california\/story\/2025-09-03\/santa-barbara-healthcare-workers-fired-after-tiktok-post?\" rel=\"nofollow noopener\" target=\"_blank\">Los Angeles Times<\/a> ble \u00e5tte ansatte identifisert i videoen, som alle har f\u00e5tt sparken.<\/p>\n<p>Disse har forel\u00f8pig ikke kommentert saken i amerikanske medier.<\/p>\n<p>Vedkommende som publiserte videoen sluttet angivelig ved klinikken i juli.<\/p>\n<p>En talsperson for Sutter Health, som eier\u00a0Sansum Clinic, kommer med klar tale:<\/p>\n<p>&#8211; Denne uakseptable oppf\u00f8rselen er et klart brudd p\u00e5 v\u00e5re retningslinjer, viser manglende respekt for v\u00e5re pasienter og blir ikke tolerert, sier en talsperson for Sutter Health i en pressemelding.<\/p>\n<p> Flere pasienter har fortalt avisa at de f\u00f8ler seg krenket og oppr\u00f8rt, og at enkelte vurderer \u00e5 bytte behandlingssted. <\/p>\n<p>          <img loading=\"lazy\" decoding=\"async\" src=\"https:\/\/www.europesays.com\/no\/wp-content\/uploads\/2025\/09\/1757014693_290_83548411.webp\" width=\"686\" height=\"686\" title=\"TAR GREP: Sutter Health varsler at de har sparket alle som deltok i sjokkvideo. Foto: Sutter Health \/ Facebook\" alt=\"\" class=\"\" style=\"--aspect-ratio-image: 1.00; \"\/><\/p>\n<p>\n          TAR GREP: Sutter Health varsler at de har sparket alle som deltok i sjokkvideo. Foto: Sutter Health \/ Facebook\n      <\/p>\n<p>Krenket og oppr\u00f8rt  <\/p>\n<p>Etter at skandalen ble et faktum, har amerikanske helsemyndigheter ogs\u00e5 kommet p\u00e5 banen.<\/p>\n<p>De opplyser at personer som mener at personvernet deres er krenket, kan sende en formell klage til helsemyndighetenes avdeling for sivile rettigheter, if\u00f8lge Los Angeles-kanalen <a href=\"https:\/\/ktla.com\/news\/local-news\/santa-barbara-clinic-staff-tiktok-bodily-fluids\/\" rel=\"nofollow noopener\" target=\"_blank\">KTLA<\/a>.<\/p>\n<p>I mellomtida lover Sutter Health \u00e5 gj\u00f8re alt de kan for \u00e5 f\u00e5 tilbake pasientenes tillit.<\/p>\n<p>&#8211; Vi forventer at alle ansatte lever etter v\u00e5rt pasienten-kommer&#8211;f\u00f8rst-oppdrag, og at de opprettholder de h\u00f8yeste standardene for medf\u00f8lelse, profesjonalitet og respekt, sier talspersonen, og avslutter:<\/p>\n<p>&#8211; Vi bruker denne upassende hendelsen til \u00e5 styrke v\u00e5re omfattende retningslinjer overfor alle ansatte i hele organisasjonen.<\/p>\n","protected":false},"excerpt":{"rendered":"Skaper furore: \u00c5tte ansatte ved en klinikk i California mistet jobben etter at sjokkbilder dukket opp p\u00e5 nett.&hellip;\n","protected":false},"author":2,"featured_media":27176,"comment_status":"","ping_status":"","sticky":false,"template":"","format":"standard","meta":{"footnotes":""},"categories":[12],"tags":[20,21,55,24,25,15,22,23,13,30,28,29,14,16,188,26,27,50,412,42,43,44,45],"class_list":{"0":"post-27175","1":"post","2":"type-post","3":"status-publish","4":"format-standard","5":"has-post-thumbnail","7":"category-verden","8":"tag-breaking-news","9":"tag-breakingnews","10":"tag-donald-trump","11":"tag-featured-news","12":"tag-featurednews","13":"tag-headlines","14":"tag-latest-news","15":"tag-latestnews","16":"tag-news","17":"tag-no","18":"tag-norge","19":"tag-norway","20":"tag-nyheter","21":"tag-overskrifter","22":"tag-russland","23":"tag-top-stories","24":"tag-topstories","25":"tag-usa","26":"tag-utenriks","27":"tag-verden","28":"tag-world","29":"tag-world-news","30":"tag-worldnews"},"share_on_mastodon":{"url":"","error":""},"_links":{"self":[{"href":"https:\/\/www.europesays.com\/no\/wp-json\/wp\/v2\/posts\/27175","targetHints":{"allow":["GET"]}}],"collection":[{"href":"https:\/\/www.europesays.com\/no\/wp-json\/wp\/v2\/posts"}],"about":[{"href":"https:\/\/www.europesays.com\/no\/wp-json\/wp\/v2\/types\/post"}],"author":[{"embeddable":true,"href":"https:\/\/www.europesays.com\/no\/wp-json\/wp\/v2\/users\/2"}],"replies":[{"embeddable":true,"href":"https:\/\/www.europesays.com\/no\/wp-json\/wp\/v2\/comments?post=27175"}],"version-history":[{"count":0,"href":"https:\/\/www.europesays.com\/no\/wp-json\/wp\/v2\/posts\/27175\/revisions"}],"wp:featuredmedia":[{"embeddable":true,"href":"https:\/\/www.europesays.com\/no\/wp-json\/wp\/v2\/media\/27176"}],"wp:attachment":[{"href":"https:\/\/www.europesays.com\/no\/wp-json\/wp\/v2\/media?parent=27175"}],"wp:term":[{"taxonomy":"category","embeddable":true,"href":"https:\/\/www.europesays.com\/no\/wp-json\/wp\/v2\/categories?post=27175"},{"taxonomy":"post_tag","embeddable":true,"href":"https:\/\/www.europesays.com\/no\/wp-json\/wp\/v2\/tags?post=27175"}],"curies":[{"name":"wp","href":"https:\/\/api.w.org\/{rel}","templated":true}]}}