{"id":271785,"date":"2026-06-20T08:23:23","date_gmt":"2026-06-20T08:23:23","guid":{"rendered":"https:\/\/www.europesays.com\/no\/271785\/"},"modified":"2026-06-20T08:23:23","modified_gmt":"2026-06-20T08:23:23","slug":"butikkene-med-vm-grep-folk-gar-av-hengslene","status":"publish","type":"post","link":"https:\/\/www.europesays.com\/no\/271785\/","title":{"rendered":"Butikkene med VM-grep: &#8211; Folk g\u00e5r av hengslene"},"content":{"rendered":"<p class=\"kicker bg-cyan color_mobile_bg-cyan text-black hasTextPadding mobile-hasTextPadding hasTextColor\" style=\"\">Butikkene med VM-grep:<\/p>\n<p class=\"subtitle \" style=\"\">Landslagsheltene skaper VM-feber. I butikkene brukes begeistringen til \u00e5 gj\u00f8re melk, smoothies, chips og sjokolade mer fristende.<\/p>\n<p>\n    GODT SYNLIG: Du skal ikke langt inn i butikken f\u00f8r landslagsprofilene m\u00f8ter deg p\u00e5 helt vanlige dagligvarer. Foto: Renold Terisen Christopher \/ DinSide\n  <\/p>\n<p>    Kort fortalt<\/p>\n<p lang=\"nb-NO\">Norske landslagsspillere pryder dagligvarer som melk og br\u00f8d i butikkene.<\/p>\n<p lang=\"nb-NO\">Markedsf\u00f8ringsekspert Trond Blindheim sier VM-feberen brukes for \u00e5 skille ut vanlige produkter.<\/p>\n<p lang=\"nb-NO\">Kiwi rapporterer enorm vekst i salget av VM-relaterte produkter.<\/p>\n<p lang=\"nb-NO\">Tine og Maarud har offisielle samarbeid med Norges Fotballforbund for VM-profilering.<\/p>\n<p class=\"italic ai-disclaimer\" data-lab-italic=\"italic\">Sammendraget er laget av ChatGPT og godkjent av DinSide.<\/p>\n<p>      Vis mer<br \/>\n      Vis mindre<\/p>\n<p>Antonio Nusa smiler fra agurkpakken. Martin \u00d8degaard dukker opp p\u00e5 laksen. Erling Braut Haaland er \u00e5 se p\u00e5 br\u00f8det.<\/p>\n<p>Landslagsspillere pryder melkekartonger, yoghurt, lefser, smoothies og chipsposer.<\/p>\n<p>Akkurat n\u00e5 er det nesten umulig \u00e5 g\u00e5 gjennom en norsk dagligvarebutikk uten \u00e5 m\u00f8te det norske landslaget.<\/p>\n<p>        TANNEMALJE: \u00c5 drikke energidrikker kan faktisk gi konsekvenser som kan gi deg plager resten av livet .. Video: Embla Hjort-Larsen \/ Storyblocks<\/p>\n<p>En gjennomgang DinSide har gjort, viser at flere av landets st\u00f8rste matvareprodusenter og dagligvarekjeder bruker VM-feberen aktivt i butikkhyllene.<\/p>\n<p>If\u00f8lge markedsf\u00f8ringsekspert Trond Blindheim handler det om \u00e5 f\u00e5 helt vanlige produkter til \u00e5 skille seg ut.<\/p>\n<p>&#8211; Det er jo et vanlig produkt som ligger oppi. Det er bare VM-drakt p\u00e5 emballasjen, sier han til DinSide.<\/p>\n<p>Blindheim mener s\u00e6rlig barn kan v\u00e6re mottakelige for slike grep.<\/p>\n<p>&#8211; De synes det er g\u00f8y. Har du et br\u00f8d med Haaland p\u00e5, kan det tenkes at de spiser opp.\u00a0<\/p>\n<p>        <img loading=\"lazy\" decoding=\"async\" src=\"https:\/\/www.europesays.com\/no\/wp-content\/uploads\/2026\/06\/84785784.webp\" width=\"686\" height=\"446\" alt=\"\" class=\"\" style=\"--aspect-ratio-image: 1.54; \"\/><\/p>\n<p>\n        VM-HELTER: Fra agurker og smoothies til yoghurt, ost, melk og brus. Landslagsspillere brukes n\u00e5 p\u00e5 et bredt spekter av produkter i norske dagligvarebutikker. Foto: Renold Terisen Christopher \/ DInSide\n    <\/p>\n<p>Kiwi ser \u00abenorm vekst\u00bb\t<\/p>\n<p>Hos Kiwi bekrefter kommunikasjonsdirekt\u00f8r Kristine Aakvaag Arvin at VM-produktene har f\u00e5tt \u00f8kt oppmerksomhet.<\/p>\n<p>&#8211; S\u00e6rlig den siste perioden har vi sett en enorm vekst for flere av produktene som er knyttet til VM-kampanjen. Produkter som sunne snacksprodukter og smoothies har sl\u00e5tt godt an hos kundene.<\/p>\n<p>Kiwi har VM-kampanje i samarbeid med Bama, og sier m\u00e5let ogs\u00e5 er \u00e5 l\u00f8fte fram sunnere alternativer.<\/p>\n<p>&#8211; Vi h\u00e5per og tror at koblingen mellom fotballglede og sunnere produkter kan bidra til \u00e5 gj\u00f8re disse valgene mer attraktive for b\u00e5de barn og unge.\u00a0<\/p>\n<p>Samtidig har kjeden VM-kampanje p\u00e5 mer tradisjonelle koseprodukter.<\/p>\n<p>&#8211; Vi har ogs\u00e5 VM-kampanje p\u00e5 blant annet chips og sjokolade, for de som vil kose seg med det, sier Arvin til DinSide.\u00a0<\/p>\n<p>        <img loading=\"lazy\" decoding=\"async\" itemprop=\"image\" src=\"https:\/\/www.europesays.com\/no\/wp-content\/uploads\/2026\/06\/84590066.webp\" width=\"180\" height=\"180\" alt=\"Trond Blindheim\"\/><\/p>\n<p>                    Trond Blindheim<br \/>\n                        Trond<br \/>\n                        Blindheim<\/p>\n<p>                    Trond Blindheim<br \/>\n                        Dosent i markedsf\u00f8ring<\/p>\n<p>H\u00f8yskolen Kristiania<\/p>\n<p>Offisielle samarbeid\t<\/p>\n<p>B\u00e5de Tine og Maarud opplyser at VM-profileringen er knyttet til deres offisielle samarbeid med Norges Fotballforbund.<\/p>\n<p>&#8211; N\u00e5r VM-feberen sprer seg over hele landet, er det mange kommersielle akt\u00f8rer som \u00f8nsker \u00e5 v\u00e6re en del av folkefesten. Vi er stolte av \u00e5 kunne si at vi har v\u00e6rt med hele veien, sier kommunikasjonssjef i Tine, Sindre \u00c5nonsen, til DinSide.<\/p>\n<p>Maarud sier samarbeidet gir dem mulighet til \u00e5 bruke offisielle landslagsrettigheter p\u00e5 blant annet pakningsdesign.<\/p>\n<p>&#8211; Fotball-VM er en av de st\u00f8rste fellesskapsarenaene vi har, og snacks er en naturlig del av opplevelsen for mange, sier merkevaresjef Annette Eidesen til DinSide.\u00a0<\/p>\n<p>        <img loading=\"lazy\" decoding=\"async\" src=\"https:\/\/www.europesays.com\/no\/wp-content\/uploads\/2026\/06\/84785818.webp\" width=\"686\" height=\"515\" alt=\"\" class=\"\" style=\"--aspect-ratio-image: 1.33; \"\/><\/p>\n<p>\n        FOTBALLBR\u00d8D: Landslagsprofilene har ogs\u00e5 funnet veien til br\u00f8dhylla. Bakehuset selger eget \u00abfotballbr\u00f8d\u00bb med norske landslagsspillere p\u00e5 emballasjen. Foto: Renold Terisen Christopher\n    <\/p>\n<p>Vil ikke dele salgstall\t<\/p>\n<p> Markedsf\u00f8ringsekspert Trond Blindheim er ikke overrasket over at s\u00e5 mange akt\u00f8rer kaster seg p\u00e5 landslagsfeberen.<\/p>\n<p> &#8211; Folk g\u00e5r av hengslene i begeistring for laget v\u00e5rt, sier han<\/p>\n<p>Han sammenligner VM-varene med andre sesongprodukter.<\/p>\n<p>&#8211; De lager sommeris og juleprodukter med nisser p\u00e5. S\u00e5 det m\u00e5 jo ha en effekt.\u00a0<\/p>\n<p>    <a itemprop=\"url\" href=\"https:\/\/dinside.dagbladet.no\/fritid\/skinke-boom-sterk-vekst\/84750180\" rel=\"nofollow noopener\" target=\"_blank\"><\/p>\n<p>        <img loading=\"lazy\" decoding=\"async\" src=\"https:\/\/www.europesays.com\/no\/wp-content\/uploads\/2026\/06\/1781943802_138_84751436.webp\" width=\"980\" height=\"441\" alt=\"\" class=\"lazyload\" style=\"--aspect-ratio-image: 2.22; \"\/><\/p>\n<p>        \u00d8kologisk skinke: &#8211; Sterk vekst<\/p>\n<p>    <\/a><\/p>\n<p> Blindheim peker p\u00e5 at kommersielle akt\u00f8rer ofte hiver seg p\u00e5 store begivenheter. <\/p>\n<p>Hvor stor effekten faktisk er, vil ikke alle akt\u00f8rene si. Verken Tine eller Maarud vil dele konkrete salgstall for VM-produktene.<\/p>\n<p>Maarud sier likevel at slike kampanjer gir h\u00f8y oppmerksomhet i butikk, mens Tine h\u00e5per profileringen kan bidra til \u00e5 l\u00f8fte melk som del av kostholdet.<\/p>\n<p>Blindheim peker p\u00e5 at salget uansett f\u00f8lges tett av b\u00e5de butikker og produsenter.<\/p>\n<p>&#8211; Dette m\u00e5les hele tida. N\u00e5r du kj\u00f8per et produkt, blir det skannet i kassa, og da f\u00e5r de n\u00f8yaktig oversikt over om salget g\u00e5r opp eller ned.\u00a0<\/p>\n<p>        <img loading=\"lazy\" decoding=\"async\" src=\"https:\/\/www.europesays.com\/no\/wp-content\/uploads\/2026\/06\/84785820.webp\" width=\"686\" height=\"515\" alt=\"\" class=\"\" style=\"--aspect-ratio-image: 1.33; \"\/><\/p>\n<p>\n        FISK: Blant annet Antonio Nusa og Erling Braut Haaland brukes til \u00e5 selge laks. Flere sj\u00f8matprodusenter har gitt produktene sine VM-design. Foto: Renold Terisen Christopher \/ DinSide\n    <\/p>\n<p>Derfor mener han mengden landslagsmerkede varer i butikkene sier mye.<\/p>\n<p>&#8211; Antakeligvis vet de at det har en effekt, siden det er s\u00e5 veldig mange som gj\u00f8r det. Hvis ikke det har noen effekt, slutter de med det, sier Blindheim.<\/p>\n<p>Han tror s\u00e6rlig landslagsstjerner som Haaland og Nusa kan gi produktene ekstra appell.<\/p>\n<p>\u2013 Det er to artister. Du kan sammenligne det med Mick Jagger. Det er vokalisten i bandet.\u00a0<\/p>\n","protected":false},"excerpt":{"rendered":"Butikkene med VM-grep: Landslagsheltene skaper VM-feber. I butikkene brukes begeistringen til \u00e5 gj\u00f8re melk, smoothies, chips og sjokolade&hellip;\n","protected":false},"author":2,"featured_media":271786,"comment_status":"","ping_status":"","sticky":false,"template":"","format":"standard","meta":{"footnotes":"","_share_on_mastodon":"0"},"categories":[59],"tags":[1332,810,728,2352,6280,30,28,29,83,82,1347],"class_list":["post-271785","post","type-post","status-publish","format-standard","has-post-thumbnail","category-sport","tag-dagligvarer","tag-erling-braut-haaland","tag-fritid","tag-kiwi","tag-maarud","tag-no","tag-norge","tag-norway","tag-sport","tag-sports","tag-tine"],"share_on_mastodon":{"url":"https:\/\/pubeurope.com\/@no\/116781476289819905","error":""},"_links":{"self":[{"href":"https:\/\/www.europesays.com\/no\/wp-json\/wp\/v2\/posts\/271785","targetHints":{"allow":["GET"]}}],"collection":[{"href":"https:\/\/www.europesays.com\/no\/wp-json\/wp\/v2\/posts"}],"about":[{"href":"https:\/\/www.europesays.com\/no\/wp-json\/wp\/v2\/types\/post"}],"author":[{"embeddable":true,"href":"https:\/\/www.europesays.com\/no\/wp-json\/wp\/v2\/users\/2"}],"replies":[{"embeddable":true,"href":"https:\/\/www.europesays.com\/no\/wp-json\/wp\/v2\/comments?post=271785"}],"version-history":[{"count":0,"href":"https:\/\/www.europesays.com\/no\/wp-json\/wp\/v2\/posts\/271785\/revisions"}],"wp:featuredmedia":[{"embeddable":true,"href":"https:\/\/www.europesays.com\/no\/wp-json\/wp\/v2\/media\/271786"}],"wp:attachment":[{"href":"https:\/\/www.europesays.com\/no\/wp-json\/wp\/v2\/media?parent=271785"}],"wp:term":[{"taxonomy":"category","embeddable":true,"href":"https:\/\/www.europesays.com\/no\/wp-json\/wp\/v2\/categories?post=271785"},{"taxonomy":"post_tag","embeddable":true,"href":"https:\/\/www.europesays.com\/no\/wp-json\/wp\/v2\/tags?post=271785"}],"curies":[{"name":"wp","href":"https:\/\/api.w.org\/{rel}","templated":true}]}}