{"id":271920,"date":"2026-06-20T10:50:17","date_gmt":"2026-06-20T10:50:17","guid":{"rendered":"https:\/\/www.europesays.com\/no\/271920\/"},"modified":"2026-06-20T10:50:17","modified_gmt":"2026-06-20T10:50:17","slug":"ny-hetebolge-pa-vei-til-sor-europa","status":"publish","type":"post","link":"https:\/\/www.europesays.com\/no\/271920\/","title":{"rendered":"Ny heteb\u00f8lge p\u00e5 vei til S\u00f8r-Europa"},"content":{"rendered":"\n<ul class=\"_list_145nj_3 _list_64s2r_85 _unordered_145nj_106 text-sans-m\">\n<li class=\"_item_145nj_30\">S\u00f8r-Europa st\u00e5r overfor \u00e5rets andre heteb\u00f8lge med temperaturer over 40 grader flere steder.<\/li>\n<li class=\"_item_145nj_30\">Nordmenn i S\u00f8r-Europa opplever ekstrem varme og s\u00f8vnl\u00f8se netter.<\/li>\n<li class=\"_item_145nj_30\">Noen velger \u00e5 avlyse ferieplaner p\u00e5 grunn av frykt for helseeffekter og skogbranner.<\/li>\n<\/ul>\n<p>Vis mer <\/p>\n<p class=\"_paragraph_145nj_4 _paragraph_6fko5_10 layout-component text-serif-m layout-normal text-serif-m layout-padded\">Termometeret kan krype <a href=\"https:\/\/www.vg.no\/nyheter\/i\/M7EgB0\/varmerekord-paa-vei-ekstremvarme-i-europa\" data-track-element-type=\"Link\" data-track-id=\"link:M7EgB0\" class=\"_link_145nj_39\" rel=\"nofollow noopener\" target=\"_blank\">over 40 grader i flere land i S\u00f8r-Europa de neste dagene<\/a>. Det kan f\u00e5 alvorlige konsekvenser.<\/p>\n<ul class=\"_list_145nj_3 _list_6fko5_9 _unordered_145nj_106 layout-component text-serif-m layout-normal text-serif-m layout-padded\">\n<li class=\"_item_145nj_30\"><strong class=\"_strong_145nj_25\">Befinner du deg i s\u00f8rligere og veldig varme str\u00f8k?<\/strong> <a href=\"https:\/\/www.vg.no\/tips-oss\" class=\"_link_145nj_39\" rel=\"nofollow noopener\" target=\"_blank\">Tips oss!<\/a><\/li>\n<\/ul>\n<p class=\"_paragraph_145nj_4 _paragraph_6fko5_10 layout-component text-serif-m layout-normal text-serif-m layout-padded\">Torsdag d\u00f8de en 30 \u00e5r gammel mann av hjertestans p\u00e5 en friidrettsbane utenfor Paris. Temperaturen var da rundt 37 grader, skriver The Guardian.<\/p>\n<p><img alt=\"Torsdag begynte varmen \u00e5 ta seg opp i Paris. Her bader noen midt i byen for \u00e5 kj\u00f8le seg ned.  Foto: JOEL SAGET \/ AFP \/ NTB\" class=\"_image_jw3bv_65 layout-component layout-normal\" data-fullscreen- data-track-element-type=\"Article image fullscreen\" data-track-name=\"ImageFullscreen\" decoding=\"async\" loading=\"lazy\" height=\"4994\" itemprop=\"image\"  src=\"https:\/\/www.europesays.com\/no\/wp-content\/uploads\/2026\/06\/317652a3-842c-36f2-9d11-be0a9432dee4.jpeg\"  style=\"object-position:0% 0%\" width=\"7488\"\/>Torsdag begynte varmen \u00e5 ta seg opp i Paris. Her bader noen midt i byen for \u00e5 kj\u00f8le seg ned.  Foto: JOEL SAGET \/ AFP \/ NTB<\/p>\n<p class=\"_paragraph_145nj_4 _paragraph_6fko5_10 layout-component text-serif-m layout-normal text-serif-m layout-padded\">Den voldsomme varmen skyldes varmluft fra Sahara, kombinert med et kraftig h\u00f8ytrykk som har lagt seg over kontinentet.<\/p>\n<p class=\"_paragraph_145nj_4 _paragraph_6fko5_10 layout-component text-serif-m layout-normal text-serif-m layout-padded\">I Spania kan temperaturene ogs\u00e5 overstige 40 grader de neste dagene, if\u00f8lge det statlige v\u00e6rinstituttet Aemet. I s\u00f8rvestlige Tyskland ventes opp mot 36 grader i helgen.<\/p>\n<p class=\"_paragraph_145nj_4 _paragraph_6fko5_10 layout-component text-serif-m layout-normal text-serif-m layout-padded\">Nordmenn som befinner seg i S\u00f8r-<a href=\"https:\/\/www.vg.no\/tag\/europa?utm_source=vg-article&amp;utm_medium=auto-tagger&amp;utm_campaign=vrnQ7X\" class=\"_link_145nj_39\" rel=\"nofollow noopener\" target=\"_blank\">Europa<\/a> den kommende uken, m\u00e5 derfor belage seg p\u00e5 \u00e5 svette godt.<\/p>\n<p>Dagmamma: \u2013 Ganske t\u00f8ft<\/p>\n<p class=\"_paragraph_145nj_4 _paragraph_6fko5_10 layout-component text-serif-m layout-normal text-serif-m layout-padded\">Frankrike forbereder seg p\u00e5 en kraftig heteb\u00f8lge, og mandag og tirsdag er det meldt opp mot 43 grader flere steder i landet.<\/p>\n<p class=\"_paragraph_145nj_4 _paragraph_6fko5_10 layout-component text-serif-m layout-normal text-serif-m layout-padded\">Gunnlaug Hol\u00f8 jobber som dagmamma i sentrum av Bordeaux. For henne er tilv\u00e6relsen alt annet enn behagelig.<\/p>\n<p class=\"_paragraph_145nj_4 _paragraph_6fko5_10 layout-component text-serif-m layout-normal text-serif-m layout-padded\">\u2013 Her er det 27 grader p\u00e5 morgenen. Temperaturen sank til 23 grader i natt, s\u00e5 jeg klarte \u00e5 sove for f\u00f8rste gang p\u00e5 lenge, forteller hun over telefonen til VG.<\/p>\n<p><img alt=\"Uten aircondition m\u00e5 Gunnlaug Hol\u00f8 finner alternative m\u00e5ter \u00e5 kj\u00f8le seg ned p\u00e5.  Foto: Privat\" class=\"_image_jw3bv_65 layout-component layout-normal\" data-fullscreen- data-track-element-type=\"Article image fullscreen\" data-track-name=\"ImageFullscreen\" decoding=\"async\" loading=\"lazy\" height=\"2000\" itemprop=\"image\"  src=\"https:\/\/www.europesays.com\/no\/wp-content\/uploads\/2026\/06\/7f11adf9-c2a8-3891-9a08-7874a4baa1bf.jpeg\"  style=\"object-position:0% 0%\" width=\"1125\"\/>Uten aircondition m\u00e5 Gunnlaug Hol\u00f8 finner alternative m\u00e5ter \u00e5 kj\u00f8le seg ned p\u00e5.  Foto: Privat<\/p>\n<p class=\"_paragraph_145nj_4 _paragraph_6fko5_10 layout-component text-serif-m layout-normal text-serif-m layout-padded\">Hol\u00f8 sier det f\u00f8les som 48 grader, og at hun ikke f\u00e5r installert aircondition fordi bygget er verneverdigverneverdigEt verneverdig (eller bevaringsverdig) bygg er en eiendom som har kulturhistorisk, arkitektonisk eller milj\u00f8messig verdi. Det kreves ofte spesiell tillatelse for \u00e5 gj\u00f8re endringer, restaurere eller pusse opp.. Det er heller ikke vanlig \u00e5 ha i Frankrike, p\u00e5peker hun.<\/p>\n<p class=\"_paragraph_145nj_4 _paragraph_6fko5_10 layout-component text-serif-m layout-normal text-serif-m layout-padded\">\u2013 Det er ganske t\u00f8ft. Barna gr\u00e5ter mer og sover mindre n\u00e5r det er varmt, sier hun.<\/p>\n<p class=\"_paragraph_145nj_4 _paragraph_6fko5_10 layout-component text-serif-m layout-normal text-serif-m layout-padded\">Dagmammaen bruker vifte og vanndamp, og passer p\u00e5 at de sm\u00e5 drikker nok og holder seg unna sola.<\/p>\n<p><img alt=\"Flere steder i Bordeaux er aircondition ute av drift, forteller Hol\u00f8. Her har en restaurant funnet en kreativ l\u00f8sning p\u00e5 problemet.  Foto: Privat\" class=\"_image_jw3bv_65 layout-component layout-normal\" data-fullscreen- data-track-element-type=\"Article image fullscreen\" data-track-name=\"ImageFullscreen\" decoding=\"async\" loading=\"lazy\" height=\"1476\" itemprop=\"image\"  src=\"https:\/\/www.europesays.com\/no\/wp-content\/uploads\/2026\/06\/e84653c9-6e6f-354b-b84c-3be42bcb6369.jpeg\"  style=\"object-position:0% 0%\" width=\"1125\"\/>Flere steder i Bordeaux er aircondition ute av drift, forteller Hol\u00f8. Her har en restaurant funnet en kreativ l\u00f8sning p\u00e5 problemet.  Foto: Privat<\/p>\n<p class=\"_paragraph_145nj_4 _paragraph_6fko5_10 layout-component text-serif-m layout-normal text-serif-m layout-padded\">Ute i gatene i Bordeaux er det stille, forteller hun.<\/p>\n<p class=\"_paragraph_145nj_4 _paragraph_6fko5_10 layout-component text-serif-m layout-normal text-serif-m layout-padded\">Mange har reist vekk i helgen, mens andre s\u00f8ker skygge p\u00e5 utekafeer eller kj\u00f8ler seg ned p\u00e5 kj\u00f8pesentrene.<\/p>\n<p>\u2013 Varmere for hvert \u00e5r<\/p>\n<p class=\"_paragraph_145nj_4 _paragraph_6fko5_10 layout-component text-serif-m layout-normal text-serif-m layout-padded\">Helga Nat\u00e5s har bodd i Bordeaux i 20 \u00e5r sammen med mann og tre barn. N\u00e5 opplever hun og familien det hun beskriver som en av de t\u00f8ffeste heteb\u00f8lgene s\u00e5 langt.<\/p>\n<p class=\"_paragraph_145nj_4 _paragraph_6fko5_10 layout-component text-serif-m layout-normal text-serif-m layout-padded\">\u2013 Det blir varmere og varmere for hvert \u00e5r. I \u00e5r tenkte jeg at \u00abdette g\u00e5r ikke lenger\u00bb. Da kj\u00f8pte jeg aircondition, sier Nat\u00e5s til VG.<\/p>\n<p class=\"_paragraph_145nj_4 _paragraph_6fko5_10 layout-component text-serif-m layout-normal text-serif-m layout-padded\">Den kommende uken er det meldt opp mot 42 grader i den franske byen, som ligger rundt seks timer unna Paris. <\/p>\n<p class=\"_paragraph_145nj_4 _paragraph_6fko5_10 layout-component text-serif-m layout-normal text-serif-m layout-padded\">Denne uken har temperaturene allerede ligget p\u00e5 38\u201339 grader.<\/p>\n<p class=\"_paragraph_145nj_4 _paragraph_6fko5_10 layout-component text-serif-m layout-normal text-serif-m layout-padded\">\u2013 Man m\u00e5 pr\u00f8ve \u00e5 finne skygge, drikke masse vann utover dagen. Holder meg mest mulig inne, og lukker igjen vinduslemmene, forteller hun.<\/p>\n<p><img alt=\"Det er meldt ekstremt h\u00f8ye temepraturer i Bordeaux i S\u00f8r-Frankrike til uken.  Foto: ROMAIN PERROCHEAU \/ AFP \/ NTB\" class=\"_image_jw3bv_65 layout-component layout-normal\" data-fullscreen- data-track-element-type=\"Article image fullscreen\" data-track-name=\"ImageFullscreen\" decoding=\"async\" loading=\"lazy\" height=\"3449\" itemprop=\"image\"  src=\"https:\/\/www.europesays.com\/no\/wp-content\/uploads\/2026\/06\/0e504bdb-20ff-31dd-8a2b-4004a46a2eeb.jpeg\"  style=\"object-position:0% 0%\" width=\"5174\"\/>Det er meldt ekstremt h\u00f8ye temepraturer i Bordeaux i S\u00f8r-Frankrike til uken.  Foto: ROMAIN PERROCHEAU \/ AFP \/ NTB<\/p>\n<p class=\"_paragraph_145nj_4 _paragraph_6fko5_10 layout-component text-serif-m layout-normal text-serif-m layout-padded\">Nat\u00e5s har ett barn p\u00e5 barneskolen og ett p\u00e5 ungdomsskolen. Tirsdag er det meldt hele 42 grader i den franske byen. Da har skolene bestemt seg for \u00e5 holde stengt.<\/p>\n<p class=\"_paragraph_145nj_4 _paragraph_6fko5_10 layout-component text-serif-m layout-normal text-serif-m layout-padded\">\u2013 Det er f\u00f8rste gang dette har skjedd mens vi har bodd her, sier hun.<\/p>\n<p class=\"_paragraph_145nj_4 _paragraph_6fko5_10 layout-component text-serif-m layout-normal text-serif-m layout-padded\">Familien har v\u00e6rt heldige med et svalt hus, mens de som bor i sentrum har det t\u00f8ffere. Mange s\u00f8ker tilflukt i sv\u00f8mmebasseng, parker eller p\u00e5 spisesteder med aircondition.<\/p>\n<p class=\"_paragraph_145nj_4 _paragraph_6fko5_10 layout-component text-serif-m layout-normal text-serif-m layout-padded\">F\u00f8r syntes Nat\u00e5s det var rart at franskmenn alltid hadde vinduslemmene igjen. N\u00e5 skj\u00f8nner hun hvorfor \u2013 det holder varmen ute.<\/p>\n<p>\u2013 Vi blir liggende<\/p>\n<p class=\"_paragraph_145nj_4 _paragraph_6fko5_10 layout-component text-serif-m layout-normal text-serif-m layout-padded\">Lenger s\u00f8r i landet, i Antibes, merker Trude Elisabeth Sk\u00e5re ogs\u00e5 varmen. Hun er p\u00e5 jentetur med to venninner og forteller at det er noen grader kj\u00f8ligere p\u00e5 den franske rivieraen.<\/p>\n<p class=\"_paragraph_145nj_4 _paragraph_6fko5_10 layout-component text-serif-m layout-normal text-serif-m layout-padded\">\u2013 Men det er fortsatt klamt, sier Sk\u00e5re p\u00e5 telefonen.<\/p>\n<p><img alt=\"Det er allerede en del folk p\u00e5 stranda i Antibes n\u00e5r Skare og venninne m\u00f8ter opp l\u00f8rdag morgen.  Foto: Privat\" class=\"_image_jw3bv_65 layout-component layout-normal\" data-fullscreen- data-track-element-type=\"Article image fullscreen\" data-track-name=\"ImageFullscreen\" decoding=\"async\" loading=\"lazy\" height=\"818\" itemprop=\"image\"  src=\"https:\/\/www.europesays.com\/no\/wp-content\/uploads\/2026\/06\/c20eff70-7191-3a9d-8d49-f707889a2d74.jpeg\"  style=\"object-position:0% 0%\" width=\"1125\"\/>Det er allerede en del folk p\u00e5 stranda i Antibes n\u00e5r Skare og venninne m\u00f8ter opp l\u00f8rdag morgen.  Foto: Privat<\/p>\n<p class=\"_paragraph_145nj_4 _paragraph_6fko5_10 layout-component text-serif-m layout-normal text-serif-m layout-padded\">Da de tre kom ned p\u00e5 stranda rundt klokken halv ti l\u00f8rdag morgen, var det allerede ekstremt mye folk der. Og det fortsetter \u00e5 str\u00f8mme p\u00e5 utover dagen.<\/p>\n<p class=\"_paragraph_145nj_4 _paragraph_6fko5_10 layout-component text-serif-m layout-normal text-serif-m layout-padded\">Planen om en rundtur p\u00e5 halv\u00f8ya er skrinlagt. N\u00e5 blir det strandliv resten av ferien.<\/p>\n<p class=\"_paragraph_145nj_4 _paragraph_6fko5_10 layout-component text-serif-m layout-normal text-serif-m layout-padded\">\u2013 Vi blir bare liggende p\u00e5 stranda resten av ferien, sier hun.<\/p>\n<p>Flere avlyser ferieplaner<\/p>\n<p class=\"_paragraph_145nj_4 _paragraph_6fko5_10 layout-component text-serif-m layout-normal text-serif-m layout-padded\">I en fersk unders\u00f8kelse fra Tryg Forsikring g\u00e5r det frem at to av ti nordmenn dropper ferieplanene sine, i frykt for ekstremvarmen.<\/p>\n<p class=\"_paragraph_145nj_4 _paragraph_6fko5_10 layout-component text-serif-m layout-normal text-serif-m layout-padded\">\u2013 Det er et gjentagende problem hver sommer n\u00e5 med heteb\u00f8lger i Europa, og det er forst\u00e5elig at mange vil unng\u00e5 altfor sterk sol og varme i ferien, sier kommunikasjonsr\u00e5dgiver Torbj\u00f8rn Brandeggen i en pressemelding.<\/p>\n<p class=\"_paragraph_145nj_4 _paragraph_6fko5_10 layout-component text-serif-m layout-normal text-serif-m layout-padded\">Han trekker frem flere \u00e5rsaker til at folk velger bort de heteste reisem\u00e5lene. Bekymringen for helsen st\u00e5r sentralt, s\u00e6rlig n\u00e5r det gjelder barn, eldre og personer som allerede er syke.<\/p>\n<p class=\"_paragraph_145nj_4 _paragraph_6fko5_10 layout-component text-serif-m layout-normal text-serif-m layout-padded\">I tillegg gj\u00f8r frykten for skogbranner og d\u00e5rlig luftkvalitet at mange heller blir hjemme eller velger seg kj\u00f8ligere reisem\u00e5l.<\/p>\n<p class=\"_paragraph_145nj_4 _paragraph_6fko5_10 layout-component text-serif-m layout-normal text-serif-m layout-padded\">Europa har de siste \u00e5rene blitt rammet av flere kraftige heteb\u00f8lger hver sommer.<\/p>\n<p>    <img decoding=\"async\" alt=\"Tips oss illustrasjon\" src=\"https:\/\/www.europesays.com\/no\/wp-content\/uploads\/2026\/06\/1781895318_942_pssst-small.webp\"\/>    <\/p>\n<p class=\"title-serif-s\">Har du tips?<\/p>\n<p class=\"text-sans-m\">Send oss informasjon, bilder eller video.<\/p>\n<p>  <a href=\"https:\/\/www.vg.no\/tips-oss\" rel=\"nofollow noopener\" target=\"_blank\"> Tips oss <\/a>      <\/p>\n","protected":false},"excerpt":{"rendered":"S\u00f8r-Europa st\u00e5r overfor \u00e5rets andre heteb\u00f8lge med temperaturer over 40 grader flere steder. Nordmenn i S\u00f8r-Europa opplever ekstrem&hellip;\n","protected":false},"author":2,"featured_media":271921,"comment_status":"","ping_status":"","sticky":false,"template":"","format":"standard","meta":{"footnotes":"","_share_on_mastodon":"0"},"categories":[12],"tags":[20,21,274,24,25,15,1310,4351,22,23,13,30,28,29,14,16,19210,26,27,553,42,43,44,45],"class_list":["post-271920","post","type-post","status-publish","format-standard","has-post-thumbnail","category-verden","tag-breaking-news","tag-breakingnews","tag-europa","tag-featured-news","tag-featurednews","tag-headlines","tag-hetebolge","tag-klimaendringer","tag-latest-news","tag-latestnews","tag-news","tag-no","tag-norge","tag-norway","tag-nyheter","tag-overskrifter","tag-reisemal","tag-top-stories","tag-topstories","tag-vaer","tag-verden","tag-world","tag-world-news","tag-worldnews"],"share_on_mastodon":{"url":"https:\/\/pubeurope.com\/@no\/116782054592574836","error":""},"_links":{"self":[{"href":"https:\/\/www.europesays.com\/no\/wp-json\/wp\/v2\/posts\/271920","targetHints":{"allow":["GET"]}}],"collection":[{"href":"https:\/\/www.europesays.com\/no\/wp-json\/wp\/v2\/posts"}],"about":[{"href":"https:\/\/www.europesays.com\/no\/wp-json\/wp\/v2\/types\/post"}],"author":[{"embeddable":true,"href":"https:\/\/www.europesays.com\/no\/wp-json\/wp\/v2\/users\/2"}],"replies":[{"embeddable":true,"href":"https:\/\/www.europesays.com\/no\/wp-json\/wp\/v2\/comments?post=271920"}],"version-history":[{"count":0,"href":"https:\/\/www.europesays.com\/no\/wp-json\/wp\/v2\/posts\/271920\/revisions"}],"wp:featuredmedia":[{"embeddable":true,"href":"https:\/\/www.europesays.com\/no\/wp-json\/wp\/v2\/media\/271921"}],"wp:attachment":[{"href":"https:\/\/www.europesays.com\/no\/wp-json\/wp\/v2\/media?parent=271920"}],"wp:term":[{"taxonomy":"category","embeddable":true,"href":"https:\/\/www.europesays.com\/no\/wp-json\/wp\/v2\/categories?post=271920"},{"taxonomy":"post_tag","embeddable":true,"href":"https:\/\/www.europesays.com\/no\/wp-json\/wp\/v2\/tags?post=271920"}],"curies":[{"name":"wp","href":"https:\/\/api.w.org\/{rel}","templated":true}]}}