{"id":271928,"date":"2026-06-20T11:01:09","date_gmt":"2026-06-20T11:01:09","guid":{"rendered":"https:\/\/www.europesays.com\/no\/271928\/"},"modified":"2026-06-20T11:01:09","modified_gmt":"2026-06-20T11:01:09","slug":"ffk-sport-lordag-starter-han-en-potensiell-publikumsyndling","status":"publish","type":"post","link":"https:\/\/www.europesays.com\/no\/271928\/","title":{"rendered":"FFK, Sport | L\u00f8rdag starter han: \u2013 En potensiell publikumsyndling"},"content":{"rendered":"\n<p>Fredag gjennomf\u00f8rte R\u00f8jkj\u00e6r ukens siste trenings\u00f8kt f\u00f8r l\u00f8rdagens treningskamp mot HamKam.<\/p>\n<p>FFK-treneren brukte blant annet tid p\u00e5 \u00e5 terpe offensive relasjoner.<\/p>\n<p>\u2013 Det \u00e5 bryte ned motstanderen kan jo v\u00e6re det vanskeligste i fotball, s\u00e5 det er helt naturlig at vi bruker en del tid p\u00e5 det, sa FFK-treneren etter treningen.<\/p>\n<p>            Fakta<\/p>\n<p>Navn: Gabriel Wesseh<\/p>\n<p>Alder: 18<\/p>\n<p>Fra: USA<\/p>\n<p>Tidligere klubber: Philadelphia Union og Atlanta<\/p>\n<p>Posisjon: Offensiv midtbanespiller<\/p>\n<p>  Sulten gjeng<\/p>\n<p>Han er godt forn\u00f8yd med hvordan FFK-spillerne har respondert den siste uken.<\/p>\n<p>\u2013 De har tydeligvis koblet bra av i ferien, for det imponerer meg hvilken sult de har vist p\u00e5 feltet denne uken. Det har v\u00e6rt deilig \u00e5 se.<\/p>\n<p>En av de sultne spillerne er 18 \u00e5r gamle Gabriel Wesseh.<\/p>\n<p>Han starter mot HamKam l\u00f8rdag.<\/p>\n<p>Den offensive spilleren som ble hentet fra amerikanske Atlanta i vinter, er endelig gammel nok til \u00e5 kunne spille for FFK.<\/p>\n<p>N\u00e5r overgangsvinduet \u00e5pner igjen 14. juli, kan han ogs\u00e5 registreres inn i A-troppen. Det betyr at han er tilgjengelig til bortem\u00f8tet mot Bod\u00f8\/Glimt 17. juli.<\/p>\n<p>    \u2013 X-faktor<\/p>\n<p>R\u00f8jkj\u00e6r innr\u00f8mmer at han ikke brukte lang tid p\u00e5 \u00e5 legge merke til 18-\u00e5ringen da han kom til Fredrikstad for noen uker siden.<\/p>\n<p>\u2013 En spiller med en voldsom akslerasjon de f\u00f8rste meterne. I tillegg har han et godt touch p\u00e5 ball og en fin venstrefot. En spiller med x-faktor, sier R\u00f8jkj\u00e6r.<\/p>\n<p><b>\u2013 Det h\u00f8res ut som vi snakker om en potensiell publikumsyndling? <\/b><\/p>\n<p>\u2013 Absolutt. Samtidig m\u00e5 vi huske at det er lenge siden han har spilt kamp. Men n\u00e5 skal han f\u00e5 tid til \u00e5 komme skikkelig inn i det, s\u00e5 tror jeg han blir en spiller mange kommer til \u00e5 sette pris p\u00e5, sier R\u00f8jkj\u00e6r.<\/p>\n<p>   <img decoding=\"async\" width=\"5287\" height=\"3550\" fetchpriority=\"low\"  loading=\"lazy\"  src=\"https:\/\/www.europesays.com\/no\/wp-content\/uploads\/2026\/06\/casper12.JPG\" alt=\"\" class=\"brick-c-cFOWSL\" style=\"--brick-image-ratio: 5287 \/ 3550;\"\/><\/p>\n<p>      Casper R\u00f8jkj\u00e6r gleder seg til \u00e5 se spillerne sine i kamp igjen.<br \/>\n      Foto: Joakim Simensen\n    <\/p>\n<p>  Flere ute<\/p>\n<p>N\u00e5r FFK m\u00f8ter HamKam p\u00e5 Stadion l\u00f8rdag, er det uten Henrik Skogvold, Rocco Shein, Jonathan Norbye og Martin B\u00f8rsheim. Alle har v\u00e6rt p\u00e5 landslagsoppdrag og har f\u00e5tt innvilget noen dager ekstra fri.<\/p>\n<p>I tillegg er Solo Owusu, Johannes Hummelvoll-Nunez og Leo Owusu alle fortsatt ute med skade. Sigurd Kvile er som kjent ute resten av sesongen.<\/p>\n<p>Resten av troppen er alle garantert spilletid l\u00f8rdag.<\/p>\n<p>\u2013 En anledning til \u00e5 vise seg frem for alle, smiler R\u00f8jkj\u00e6r.<\/p>\n<p><b>\u2013 Hva vil du ha ut av kampen? <\/b><\/p>\n<p>\u2013 F\u00f8rst og fremst vil jeg ha seier. Det g\u00e5r vi alltid for, uansett. Samtidig \u00f8nsker jeg \u00e5 se et lag som viser vilje til \u00e5 gj\u00f8re det vi har terpet p\u00e5 p\u00e5 trening, sier R\u00f8jkj\u00e6r.<\/p>\n<p>Kampen mot HamKam har avspark klokken 14.00. Kan du ikke dra p\u00e5 Stadion, ser du hele oppgj\u00f8ret p\u00e5 Direktesport.<\/p>\n","protected":false},"excerpt":{"rendered":"Fredag gjennomf\u00f8rte R\u00f8jkj\u00e6r ukens siste trenings\u00f8kt f\u00f8r l\u00f8rdagens treningskamp mot HamKam. FFK-treneren brukte blant annet tid p\u00e5 \u00e5&hellip;\n","protected":false},"author":2,"featured_media":271929,"comment_status":"","ping_status":"","sticky":false,"template":"","format":"standard","meta":{"footnotes":"","_share_on_mastodon":"0"},"categories":[59],"tags":[36,22216,513,92,23408,30,28,29,83,82,1510],"class_list":["post-271928","post","type-post","status-publish","format-standard","has-post-thumbnail","category-sport","tag-art","tag-casper-rojkjaer","tag-ffk","tag-fotball","tag-gabriel-wesseh","tag-no","tag-norge","tag-norway","tag-sport","tag-sports","tag-story"],"share_on_mastodon":{"url":"https:\/\/pubeurope.com\/@no\/116782097478030096","error":""},"_links":{"self":[{"href":"https:\/\/www.europesays.com\/no\/wp-json\/wp\/v2\/posts\/271928","targetHints":{"allow":["GET"]}}],"collection":[{"href":"https:\/\/www.europesays.com\/no\/wp-json\/wp\/v2\/posts"}],"about":[{"href":"https:\/\/www.europesays.com\/no\/wp-json\/wp\/v2\/types\/post"}],"author":[{"embeddable":true,"href":"https:\/\/www.europesays.com\/no\/wp-json\/wp\/v2\/users\/2"}],"replies":[{"embeddable":true,"href":"https:\/\/www.europesays.com\/no\/wp-json\/wp\/v2\/comments?post=271928"}],"version-history":[{"count":0,"href":"https:\/\/www.europesays.com\/no\/wp-json\/wp\/v2\/posts\/271928\/revisions"}],"wp:featuredmedia":[{"embeddable":true,"href":"https:\/\/www.europesays.com\/no\/wp-json\/wp\/v2\/media\/271929"}],"wp:attachment":[{"href":"https:\/\/www.europesays.com\/no\/wp-json\/wp\/v2\/media?parent=271928"}],"wp:term":[{"taxonomy":"category","embeddable":true,"href":"https:\/\/www.europesays.com\/no\/wp-json\/wp\/v2\/categories?post=271928"},{"taxonomy":"post_tag","embeddable":true,"href":"https:\/\/www.europesays.com\/no\/wp-json\/wp\/v2\/tags?post=271928"}],"curies":[{"name":"wp","href":"https:\/\/api.w.org\/{rel}","templated":true}]}}