{"id":27198,"date":"2025-09-04T19:57:07","date_gmt":"2025-09-04T19:57:07","guid":{"rendered":"https:\/\/www.europesays.com\/no\/27198\/"},"modified":"2025-09-04T19:57:07","modified_gmt":"2025-09-04T19:57:07","slug":"dolby-presenterer-dolby-vision-2-smartere-skarpere-og-mer-filmatisk","status":"publish","type":"post","link":"https:\/\/www.europesays.com\/no\/27198\/","title":{"rendered":"Dolby presenterer Dolby Vision 2: Smartere, skarpere og mer filmatisk &#8211;"},"content":{"rendered":"<p>Denne uken vender teknologiverdenen blikket mot Berlin, der \u00e5rets IFA-messe p\u00e5g\u00e5r, og en av de mest omtalte <a href=\"https:\/\/news.dolby.com\/en-WW\/253671-dolby-unveils-dolby-vision-2-a-new-era-for-tv-picture-quality\/\" target=\"_blank\" rel=\"nofollow noopener\">kunngj\u00f8ringene<\/a> er utvilsomt lanseringen av Dolby Vision 2. Den nye versjonen av Dolbys HDR-format, som siden 2014 har satt standarden for h\u00f8ykvalitets hjemmekino, bygger videre p\u00e5 den etablerte teknologien, men introduserer flere spennende funksjoner.<\/p>\n<p>Den mest i\u00f8ynefallende av disse er den s\u00e5kalte Content Engine, en AI-drevet komponent som er utviklet for \u00e5 optimalisere bildene dynamisk basert b\u00e5de p\u00e5 innholdet p\u00e5 skjermen og de eksterne lysforholdene i rommet &#8211; alt i sanntid. En annen sentral innovasjon er Authentic Motion, som Dolby beskriver som verdens f\u00f8rste kreativt drevne bevegelseskontrollverkt\u00f8y. Det lover filmatiske bevegelser uten de distraherende rysteeffektene som ofte plager moderne TV-er.<\/p>\n<p>Dolby Vision 2 lanseres i to niv\u00e5er: standardversjonen som er rettet mot vanlige TV-er, og Dolby Vision 2 Max, et premiumalternativ med avanserte funksjoner som er utviklet for \u00e5 maksimere ytelsen til avanserte skjermer.<\/p>\n<p>Dolby sier selv :<\/p>\n<p>&laquo;Dolby Vision 2 Max gir det beste bildet p\u00e5 de mest avanserte TV-ene, og legger til ekstra premiumfunksjoner som er designet for \u00e5 utnytte disse skjermenes fulle kapasitet. Det gir dramatisk forbedret bildekvalitet til vanlige TV-er, og leverer neste generasjons kjernefunksjoner som muliggj\u00f8res gjennom den nye Dolby Image Engine og Content Intelligence.&raquo;<\/p>\n<p>Den f\u00f8rste produsenten som tar i bruk den nye teknologien blir Hisense, som senere i \u00e5r planlegger \u00e5 lansere modeller utstyrt med st\u00f8tte for Dolby Vision 2, drevet av det nye MediaTek Pentonic 800-brikkesettet &#8211; det f\u00f8rste som fullt ut st\u00f8tter det oppgraderte formatet.<\/p>\n<p><img loading=\"lazy\" decoding=\"async\" id=\"img-1856093-4655923\" data-fullsize=\"\/media\/59\/_4655923b.png\" data-lazy=\"\" src=\"https:\/\/www.europesays.com\/no\/wp-content\/uploads\/2025\/09\/_4655923_650x.png\" width=\"650\" onclick=\"if (!window.__cfRLUnblockHandlers) return false; gallery_openmodal('1856093','4655923',false,'a1f4e00e9208bf770f5d6469b05c0a93');\" height=\"364\" alt=\"Dolby presenterer Dolby Vision 2: Smartere, skarpere og mer filmatisk\" class=\"rwd_col_content lazy\" data-cf-modified-fdc405f28f708c803fe0f95c-=\"\"\/><\/p>\n","protected":false},"excerpt":{"rendered":"Denne uken vender teknologiverdenen blikket mot Berlin, der \u00e5rets IFA-messe p\u00e5g\u00e5r, og en av de mest omtalte kunngj\u00f8ringene&hellip;\n","protected":false},"author":2,"featured_media":27199,"comment_status":"","ping_status":"","sticky":false,"template":"","format":"standard","meta":{"footnotes":""},"categories":[57],"tags":[30,28,29,65,63,64,66,70,69,67,68],"class_list":{"0":"post-27198","1":"post","2":"type-post","3":"status-publish","4":"format-standard","5":"has-post-thumbnail","7":"category-vitenskap-og-teknologi","8":"tag-no","9":"tag-norge","10":"tag-norway","11":"tag-science","12":"tag-science-and-technology","13":"tag-scienceandtechnology","14":"tag-technology","15":"tag-teknologi","16":"tag-vitenskap","17":"tag-vitenskap-og-teknologi","18":"tag-vitenskapteknologi"},"share_on_mastodon":{"url":"","error":""},"_links":{"self":[{"href":"https:\/\/www.europesays.com\/no\/wp-json\/wp\/v2\/posts\/27198","targetHints":{"allow":["GET"]}}],"collection":[{"href":"https:\/\/www.europesays.com\/no\/wp-json\/wp\/v2\/posts"}],"about":[{"href":"https:\/\/www.europesays.com\/no\/wp-json\/wp\/v2\/types\/post"}],"author":[{"embeddable":true,"href":"https:\/\/www.europesays.com\/no\/wp-json\/wp\/v2\/users\/2"}],"replies":[{"embeddable":true,"href":"https:\/\/www.europesays.com\/no\/wp-json\/wp\/v2\/comments?post=27198"}],"version-history":[{"count":0,"href":"https:\/\/www.europesays.com\/no\/wp-json\/wp\/v2\/posts\/27198\/revisions"}],"wp:featuredmedia":[{"embeddable":true,"href":"https:\/\/www.europesays.com\/no\/wp-json\/wp\/v2\/media\/27199"}],"wp:attachment":[{"href":"https:\/\/www.europesays.com\/no\/wp-json\/wp\/v2\/media?parent=27198"}],"wp:term":[{"taxonomy":"category","embeddable":true,"href":"https:\/\/www.europesays.com\/no\/wp-json\/wp\/v2\/categories?post=27198"},{"taxonomy":"post_tag","embeddable":true,"href":"https:\/\/www.europesays.com\/no\/wp-json\/wp\/v2\/tags?post=27198"}],"curies":[{"name":"wp","href":"https:\/\/api.w.org\/{rel}","templated":true}]}}