{"id":27206,"date":"2025-09-04T20:04:10","date_gmt":"2025-09-04T20:04:10","guid":{"rendered":"https:\/\/www.europesays.com\/no\/27206\/"},"modified":"2025-09-04T20:04:10","modified_gmt":"2025-09-04T20:04:10","slug":"prinsesse-kate-avslorer-ny-blond-frisyre-pa-museum-i-london","status":"publish","type":"post","link":"https:\/\/www.europesays.com\/no\/27206\/","title":{"rendered":"Prinsesse Kate avsl\u00f8rer ny blond frisyre p\u00e5 museum i London"},"content":{"rendered":"<p class=\"kicker \" style=\"\">Prinsesse Kate:<\/p>\n<p>  Prinsesse Kate lyste opp p\u00e5 museum i London.\u00a0<\/p>\n<p>\n    LYSER OPP: Prinsesse Kate Middleton har farget det m\u00f8rke h\u00e5ret i en varm, blond tone. Og far skryt for fornyelsen. Foto: NTB\n  <\/p>\n<p>Kate Middleton (43) har helt siden hun dukket opp i offentligheten, p\u00e5 begynnelsen av 2000-tallet &#8211; da forholdet til prins William (43) ble kjent, v\u00e6rt kjent for sine lange, m\u00f8rke lokker.\u00a0<\/p>\n<p>Ser man p\u00e5 bilder fra 2010 og fram til n\u00e5, har sveisen n\u00e6rmest v\u00e6rt uendret.\u00a0<\/p>\n<p>Fram til n\u00e5.<\/p>\n<p>        SENDT HJEM: En av deltakerne ble sendt hjem etter at han br\u00f8t programmets regler. Video: \u00abLove Island Danmark\u00bb\/Viaplay<\/p>\n<p>I slutten av august overrasket nemlig prinsessen med en aldri s\u00e5 liten makeover. Sammen med barna prins George (12), prins Louis (7) og prinsesse Charlotte (10) ble hun avbildet i Skottland med betraktelig lysere h\u00e5r enn vi er vant med.\u00a0<\/p>\n<p>          <img loading=\"lazy\" decoding=\"async\" src=\"https:\/\/www.europesays.com\/no\/wp-content\/uploads\/2025\/09\/83550375.webp\" width=\"686\" height=\"858\" title=\"BLOND: Prinsesse Kate har g\u00e5tt for en blondere h\u00e5rfarge. Foto: Doug Peters\/EMPICS\/NTB\" alt=\"\" class=\"\" style=\"--aspect-ratio-image: 0.80; \"\/><\/p>\n<p>\n          BLOND: Prinsesse Kate har g\u00e5tt for en blondere h\u00e5rfarge. Foto: Doug Peters\/EMPICS\/NTB\n      <\/p>\n<p>N\u00e5 viser hun for f\u00f8rste gang fram sitt blonde h\u00e5r offentlig, noe som har blitt beh\u00f8rlig <a href=\"https:\/\/www.independent.co.uk\/life-style\/royal-family\/kate-middleton-blonde-hair-highlights-b2820080.html\" rel=\"nofollow noopener\" target=\"_blank\">omtalt britisk presse<\/a>.<\/p>\n<p>Torsdag dukket hun opp sammen med prins William p\u00e5 Natural History Museum i London. Paret var der for \u00e5 se p\u00e5 museets nye og forbedrede hager.\u00a0<\/p>\n<p>          <img loading=\"lazy\" decoding=\"async\" src=\"https:\/\/www.europesays.com\/no\/wp-content\/uploads\/2025\/09\/83550373.webp\" width=\"686\" height=\"851\" title=\"F\u00d8R: Prinsesse Kate slik vi er vant med \u00e5 se henne, med m\u00f8rkt h\u00e5r. Foto: Doug Peters\/EMPICS\/NTB\" alt=\"\" class=\"\" style=\"--aspect-ratio-image: 0.81; \"\/><\/p>\n<p>\n          F\u00d8R: Prinsesse Kate slik vi er vant med \u00e5 se henne, med m\u00f8rkt h\u00e5r. Foto: Doug Peters\/EMPICS\/NTB\n      <\/p>\n<p>Prinsessen hadde stylet det blonde h\u00e5ret i l\u00f8se kr\u00f8ller, og kombinerte det med en brun blazer, m\u00f8rke bukser og en hvit skjorte.<\/p>\n<p>    <a itemprop=\"url\" href=\"https:\/\/www.dagbladet.no\/kjendis\/hun-sa-ja\/83550136\" rel=\"nofollow noopener\" target=\"_blank\"><\/p>\n<p>      <img loading=\"lazy\" decoding=\"async\" src=\"https:\/\/www.europesays.com\/no\/wp-content\/uploads\/2025\/09\/83550148.webp\" width=\"980\" height=\"441\" title=\"- Hun sa ja\" alt=\"\" class=\"lazyload\" style=\"--aspect-ratio-image: 2.22; \"\/><\/p>\n<p>        &#8211; Hun sa ja<\/p>\n<p>    <\/a><\/p>\n<p>Selv Kates massive safirring &#8211; et arvegods fra avd\u00f8de prinsesse Diana &#8211; m\u00e5tte vike for den nye frisyren.<\/p>\n","protected":false},"excerpt":{"rendered":"Prinsesse Kate: Prinsesse Kate lyste opp p\u00e5 museum i London.\u00a0 LYSER OPP: Prinsesse Kate Middleton har farget det&hellip;\n","protected":false},"author":2,"featured_media":27207,"comment_status":"","ping_status":"","sticky":false,"template":"","format":"standard","meta":{"footnotes":""},"categories":[58],"tags":[1893,71,479,30,28,29,4387,72],"class_list":{"0":"post-27206","1":"post","2":"type-post","3":"status-publish","4":"format-standard","5":"has-post-thumbnail","7":"category-underholdning","8":"tag-det-britiske-kongehuset","9":"tag-entertainment","10":"tag-kjendis","11":"tag-no","12":"tag-norge","13":"tag-norway","14":"tag-prinsesse-kate","15":"tag-underholdning"},"share_on_mastodon":{"url":"","error":""},"_links":{"self":[{"href":"https:\/\/www.europesays.com\/no\/wp-json\/wp\/v2\/posts\/27206","targetHints":{"allow":["GET"]}}],"collection":[{"href":"https:\/\/www.europesays.com\/no\/wp-json\/wp\/v2\/posts"}],"about":[{"href":"https:\/\/www.europesays.com\/no\/wp-json\/wp\/v2\/types\/post"}],"author":[{"embeddable":true,"href":"https:\/\/www.europesays.com\/no\/wp-json\/wp\/v2\/users\/2"}],"replies":[{"embeddable":true,"href":"https:\/\/www.europesays.com\/no\/wp-json\/wp\/v2\/comments?post=27206"}],"version-history":[{"count":0,"href":"https:\/\/www.europesays.com\/no\/wp-json\/wp\/v2\/posts\/27206\/revisions"}],"wp:featuredmedia":[{"embeddable":true,"href":"https:\/\/www.europesays.com\/no\/wp-json\/wp\/v2\/media\/27207"}],"wp:attachment":[{"href":"https:\/\/www.europesays.com\/no\/wp-json\/wp\/v2\/media?parent=27206"}],"wp:term":[{"taxonomy":"category","embeddable":true,"href":"https:\/\/www.europesays.com\/no\/wp-json\/wp\/v2\/categories?post=27206"},{"taxonomy":"post_tag","embeddable":true,"href":"https:\/\/www.europesays.com\/no\/wp-json\/wp\/v2\/tags?post=27206"}],"curies":[{"name":"wp","href":"https:\/\/api.w.org\/{rel}","templated":true}]}}