{"id":27226,"date":"2025-09-04T20:27:08","date_gmt":"2025-09-04T20:27:08","guid":{"rendered":"https:\/\/www.europesays.com\/no\/27226\/"},"modified":"2025-09-04T20:27:08","modified_gmt":"2025-09-04T20:27:08","slug":"ulrikke-brandstorp-om-sin-nye-hverdag-veldig-krevende","status":"publish","type":"post","link":"https:\/\/www.europesays.com\/no\/27226\/","title":{"rendered":"Ulrikke Brandstorp om sin nye hverdag: \u2013 Veldig krevende"},"content":{"rendered":"\n<p class=\"_lead_ew2ao_2 _lead_xtcu6_50 layout-component text-serif-m layout-normal text-serif-l layout-component layout-wide layout-padded _wide_17hqh_1 layout-padded\">Ulrikke Brandstorp forteller om den nye hverdagen som mor. Snart tar hun med seg b\u00e5de mann, hund og baby p\u00e5 turn\u00e9. <\/p>\n<p><img alt=\" Foto: Mattis Sandblad \/ VG\" class=\"_image_qp4xg_65 layout-component layout-wide\" data-fullscreen- data-track-element-type=\"Article image fullscreen\" data-track-name=\"ImageFullscreen\" fetchpriority=\"high\" decoding=\"sync\" loading=\"eager\" height=\"3984\" itemprop=\"image\"  src=\"https:\/\/www.europesays.com\/no\/wp-content\/uploads\/2025\/09\/4d07df65-d2ac-4734-ba5c-40c6de2e0acc\"  style=\"object-position:0% 0%\" width=\"2656\"\/> Foto: Mattis Sandblad \/ VG<\/p>\n<ul aria-hidden=\"true\" class=\"_images_1y6fe_106\">\n<li><a class=\"_link_1y6fe_111\" href=\"https:\/\/www.vg.no\/forfatter\/siri-berge-christensen\" style=\"z-index:2\" title=\"Siri B. Christensen\" rel=\"nofollow noopener\" target=\"_blank\"><img alt=\"Bilde av Siri B. Christensen\" class=\"_image_1y6fe_88\" fetchpriority=\"low\" loading=\"lazy\" decoding=\"async\" itemprop=\"image\"  src=\"https:\/\/www.europesays.com\/no\/wp-content\/uploads\/2025\/09\/a212173d-addc-4415-bc7f-65a81611930f\"  width=\"480\"\/><\/a><\/li>\n<li><a class=\"_link_1y6fe_111\" href=\"https:\/\/www.vg.no\/forfatter\/mattis-sandblad-foto\" style=\"z-index:1\" title=\"Mattis Sandblad (foto)\" rel=\"nofollow noopener\" target=\"_blank\"><img alt=\"Bilde av Mattis Sandblad (foto)\" class=\"_image_1y6fe_88\" fetchpriority=\"low\" loading=\"lazy\" decoding=\"async\" itemprop=\"image\"  src=\"https:\/\/www.europesays.com\/no\/wp-content\/uploads\/2025\/09\/1757017628_715_7455a515-0db1-4245-b708-b7bde86f8dc1\"  width=\"480\"\/><\/a><\/li>\n<\/ul>\n<p> Oppdatert torsdag 4. september kl. 22:01     <\/p>\n<p class=\"_paragraph_ew2ao_4 _paragraph_xtcu6_10 layout-component text-serif-m layout-normal text-serif-m layout-padded\">VG m\u00f8ter Brandstorp og ektemannen Oskar Nordberg i forbindelse med festpremiere av The Book of Mormon p\u00e5 Folketeateret onsdag kveld.<\/p>\n<p class=\"_paragraph_ew2ao_4 _paragraph_xtcu6_10 layout-component text-serif-m layout-normal text-serif-m layout-padded\">Dette er deres f\u00f8rste skikkelige date p\u00e5 lenge, etter at f\u00f8r sommeren ble foreldre for f\u00f8rste gang.<\/p>\n<p class=\"_paragraph_ew2ao_4 _paragraph_xtcu6_10 layout-component text-serif-m layout-normal text-serif-m layout-padded\">S\u00f8nnen, Timotheus, <a href=\"http:\/\/www.vg.no\/rampelys\/i\/3M3rjL\/ulrikke-brandstorp-har-foedt-to-maaneder-for-tidlig#:~:text=Ulrikke%20Brandstorp%20(29)%20skulle%20ikke,innspilling%20av%20nye%20%C2%ABBakemesterskapet%C2%BB.\" data-track-element-type=\"Link\" data-track-id=\"link:3M3rjL\" class=\"_link_ew2ao_39\" rel=\"nofollow noopener\" target=\"_blank\">meldte sin ankomst i styrtf\u00f8dsel i mai <\/a>&#8211; to m\u00e5neder f\u00f8r termin.<\/p>\n<p class=\"_paragraph_ew2ao_4 _paragraph_xtcu6_10 layout-component text-serif-m layout-normal text-serif-m layout-padded\">Brandstorp beskriver den nye hverdagen som noe helt nytt, men veldig fint. <\/p>\n<p class=\"_paragraph_ew2ao_4 _paragraph_xtcu6_10 layout-component text-serif-m layout-normal text-serif-m layout-padded\">\u2013 Det er nytt og spennende og krevende og alt p\u00e5 en gang. Det er helt vilt \u00e5 bli foreldre, men skikkelig fint.<\/p>\n<p class=\"_paragraph_ew2ao_4 _paragraph_xtcu6_10 layout-component text-serif-m layout-normal text-serif-m layout-padded\">\u2013 Hva har v\u00e6rt det mest krevende?<\/p>\n<p class=\"_paragraph_ew2ao_4 _paragraph_xtcu6_10 layout-component text-serif-m layout-normal text-serif-m layout-padded\">\u2013 Kanskje mangel p\u00e5 nattes\u00f8vn, sier Nordberg. <\/p>\n<p class=\"_paragraph_ew2ao_4 _paragraph_xtcu6_10 layout-component text-serif-m layout-normal text-serif-m layout-padded\">\u2013 Ja for hvis du f\u00e5r lite s\u00f8vn, da er det det mest krevende for meg, skyter Brandstorp inn.<\/p>\n<p class=\"_paragraph_ew2ao_4 _paragraph_xtcu6_10 layout-component text-serif-m layout-normal text-serif-m layout-padded\">De to ler, f\u00f8r Brandstorp g\u00e5r fra sp\u00f8k til litt mer alvor:<\/p>\n<p class=\"_paragraph_ew2ao_4 _paragraph_xtcu6_10 layout-component text-serif-m layout-normal text-serif-m layout-padded\">\u2013 Jeg tror kanskje for min del s\u00e5 er det mest krevende hvis han har det vondt eller gr\u00e5ter, og jeg ikke klarer \u00e5 tr\u00f8ste ham. <\/p>\n<p><img alt=\"Fra f\u00f8dselen tidligere i \u00e5r.  Foto: PRIVAT \/ PRIVAT\" class=\"_image_qp4xg_65 layout-component layout-normal\" data-fullscreen- data-track-element-type=\"Article image fullscreen\" data-track-name=\"ImageFullscreen\" decoding=\"async\" loading=\"lazy\" height=\"1350\" itemprop=\"image\"  src=\"https:\/\/www.europesays.com\/no\/wp-content\/uploads\/2025\/09\/9be0eb26-e931-422a-ad7b-ed55255e4bcd\"  style=\"object-position:0% 0%\" width=\"1080\"\/>Fra f\u00f8dselen tidligere i \u00e5r.  Foto: PRIVAT \/ PRIVAT<\/p>\n<p class=\"_paragraph_ew2ao_4 _paragraph_xtcu6_10 layout-component text-serif-m layout-normal text-serif-m layout-padded\">\u2013 Han er jo prematur og det er vanlig at de da kan slite med magen. S\u00e5 n\u00e5r jeg \u00f8nsker \u00e5 hjelpe, men ikke f\u00e5r det til, da synes jeg det er veldig krevende, sier hun presiserer:<\/p>\n<p class=\"_paragraph_ew2ao_4 _paragraph_xtcu6_10 layout-component text-serif-m layout-normal text-serif-m layout-padded\">\u2013 Men det g\u00e5r som regel veldig bra. <\/p>\n<p class=\"_paragraph_ew2ao_4 _paragraph_xtcu6_10 layout-component text-serif-m layout-normal text-serif-m layout-padded\">Brandstorp er vant til \u00e5 ha mange baller i lufta. Denne vinteren blir intet unntak.<\/p>\n<p class=\"_paragraph_ew2ao_4 _paragraph_xtcu6_10 layout-component text-serif-m layout-normal text-serif-m layout-padded\">\u2013 Vi skal snart p\u00e5 juleturn\u00e9. S\u00e5 da tar jeg med mann, hund og barn.<\/p>\n<p class=\"_paragraph_ew2ao_4 _paragraph_xtcu6_10 layout-component text-serif-m layout-normal text-serif-m layout-padded\">Totalt skal de ha 22 konserter, fordelt over flere steder i landet.<\/p>\n<p class=\"_paragraph_ew2ao_4 _paragraph_xtcu6_10 layout-component text-serif-m layout-normal text-serif-m layout-padded\">\u2013 Det blir veldig spennende for forholdet og for alt.<\/p>\n<p class=\"_paragraph_ew2ao_4 _paragraph_xtcu6_10 layout-component text-serif-m layout-normal text-serif-m layout-padded\">De er forberedt p\u00e5 at det kan bli litt krevende. Ektemannen legger til:<\/p>\n<p class=\"_paragraph_ew2ao_4 _paragraph_xtcu6_10 layout-component text-serif-m layout-normal text-serif-m layout-padded\">\u2013 Det blir travelt hvis hun m\u00e5 l\u00f8pe frem og  tilbake mellom sanger for \u00e5 amme, sier Oskar.<\/p>\n<p class=\"_paragraph_ew2ao_4 _paragraph_xtcu6_10 layout-component text-serif-m layout-normal text-serif-m layout-padded\">Selv om det kan bli krevende, gleder de seg veldig.<\/p>\n<p class=\"_paragraph_ew2ao_4 _paragraph_xtcu6_10 layout-component text-serif-m layout-normal text-serif-m layout-padded\">\u2013 Vi skal passe p\u00e5 \u00e5 kose oss, planlegge godt s\u00e5nn at vi f\u00e5r en skikkelig fin f\u00f8rjulstid. Ogs\u00e5 har jeg har sagt at ingen ringer meg i romjula, for da skal jeg har fri, sier hun og ler. <\/p>\n","protected":false},"excerpt":{"rendered":"Ulrikke Brandstorp forteller om den nye hverdagen som mor. Snart tar hun med seg b\u00e5de mann, hund og&hellip;\n","protected":false},"author":2,"featured_media":27227,"comment_status":"","ping_status":"","sticky":false,"template":"","format":"standard","meta":{"footnotes":""},"categories":[58],"tags":[3068,71,4389,30,28,29,4388,72],"class_list":{"0":"post-27226","1":"post","2":"type-post","3":"status-publish","4":"format-standard","5":"has-post-thumbnail","7":"category-underholdning","8":"tag-baby","9":"tag-entertainment","10":"tag-forjulstid","11":"tag-no","12":"tag-norge","13":"tag-norway","14":"tag-ulrikke-brandstorp","15":"tag-underholdning"},"share_on_mastodon":{"url":"","error":""},"_links":{"self":[{"href":"https:\/\/www.europesays.com\/no\/wp-json\/wp\/v2\/posts\/27226","targetHints":{"allow":["GET"]}}],"collection":[{"href":"https:\/\/www.europesays.com\/no\/wp-json\/wp\/v2\/posts"}],"about":[{"href":"https:\/\/www.europesays.com\/no\/wp-json\/wp\/v2\/types\/post"}],"author":[{"embeddable":true,"href":"https:\/\/www.europesays.com\/no\/wp-json\/wp\/v2\/users\/2"}],"replies":[{"embeddable":true,"href":"https:\/\/www.europesays.com\/no\/wp-json\/wp\/v2\/comments?post=27226"}],"version-history":[{"count":0,"href":"https:\/\/www.europesays.com\/no\/wp-json\/wp\/v2\/posts\/27226\/revisions"}],"wp:featuredmedia":[{"embeddable":true,"href":"https:\/\/www.europesays.com\/no\/wp-json\/wp\/v2\/media\/27227"}],"wp:attachment":[{"href":"https:\/\/www.europesays.com\/no\/wp-json\/wp\/v2\/media?parent=27226"}],"wp:term":[{"taxonomy":"category","embeddable":true,"href":"https:\/\/www.europesays.com\/no\/wp-json\/wp\/v2\/categories?post=27226"},{"taxonomy":"post_tag","embeddable":true,"href":"https:\/\/www.europesays.com\/no\/wp-json\/wp\/v2\/tags?post=27226"}],"curies":[{"name":"wp","href":"https:\/\/api.w.org\/{rel}","templated":true}]}}