{"id":27234,"date":"2025-09-04T20:41:21","date_gmt":"2025-09-04T20:41:21","guid":{"rendered":"https:\/\/www.europesays.com\/no\/27234\/"},"modified":"2025-09-04T20:41:21","modified_gmt":"2025-09-04T20:41:21","slug":"tomt-hele-sommeren-na-er-det-klart-hvem-som-flytter-inn","status":"publish","type":"post","link":"https:\/\/www.europesays.com\/no\/27234\/","title":{"rendered":"Tomt hele sommeren \u2013 n\u00e5 er det klart hvem som flytter inn"},"content":{"rendered":"<p>Onsdag publiserte Austmann Bryggeri et innlegg p\u00e5 sin Facebook-side hvor de annonserte \u00e5pningen av et nytt utested i Midtbyen.<\/p>\n<p>\u2013 Vi har pusset opp, skrudd og rigget, og n\u00e5 er vi endelig klare til \u00e5 \u00e5pne d\u00f8rene til Aust, skriver de i innlegget.<\/p>\n<p>Baren, ved navn Aust, holder til i lokalene der Lokal Bar var tidligere, og \u00e5pner l\u00f8rdag 6. september.<\/p>\n<p><img decoding=\"async\" src=\"data:image\/gif;base64,R0lGODlhEAAJAIAAAP\/\/\/wAAACH5BAEAAAAALAAAAAAQAAkAAAIKhI+py+0Po5yUFQA7\" alt=\"\"\/> <\/p>\n<p>  <strong>Foto:<\/strong> Aksel Oliver Egge<a href=\"https:\/\/trdby.adressa.no\/aktuelt\/i\/KM0rdM\/viggo-kan-bli-foerste-nordmann-til-aa-oppnaa-denne-bragden-en-merkelig-hobby\" rel=\"nofollow noopener\" target=\"_blank\"> <img decoding=\"async\" src=\"data:image\/gif;base64,R0lGODlhEAAJAIAAAP\/\/\/wAAACH5BAEAAAAALAAAAAAQAAkAAAIKhI+py+0Po5yUFQA7\" alt=\"\"\/>   Viggo kan bli f\u00f8rste nordmann til \u00e5 oppn\u00e5 denne bragden: \u2013 En merkelig hobby  <\/a> Snart klart<\/p>\n<p>\u2013 Det har v\u00e6rt masse arbeid p\u00e5 hele gjengen. Det var en del ting som var her fra f\u00f8r og resten har vi funnet p\u00e5 forskjellige bruktbutikker. Vi er veldig forn\u00f8yd med resultatet.<\/p>\n<p>Det forteller daglig leder for Austmann, Maria Skaalvik.<\/p>\n<p><img decoding=\"async\" src=\"data:image\/gif;base64,R0lGODlhEAAJAIAAAP\/\/\/wAAACH5BAEAAAAALAAAAAAQAAkAAAIKhI+py+0Po5yUFQA7\" alt=\"\"\/><br \/>\n  Maria Skaalvik forteller at de begynte \u00e5 flytte inn i lokalene i juli.<br \/>\n  <strong>Foto:<\/strong> Aksel Oliver Egge<\/p>\n<p>Aust \u00e5pner for allmennheten p\u00e5 l\u00f8rdag, men har en pr\u00f8ve\u00e5pning fredag.<\/p>\n<p><img decoding=\"async\" src=\"data:image\/gif;base64,R0lGODlhEAAJAIAAAP\/\/\/wAAACH5BAEAAAAALAAAAAAQAAkAAAIKhI+py+0Po5yUFQA7\" alt=\"\"\/><br \/>\n  S\u00e5 vidt besetningen vet er Aust f\u00f8rst ut med \u00e5 tilby alkoholfritt \u00f8l p\u00e5 tapp i Trondheim.<br \/>\n  <strong>Foto:<\/strong> Aksel Oliver EggeSett etter lenge<\/p>\n<p>Austmann var hovedleverand\u00f8r for Lokal Bar, som f\u00f8rte til at de fikk muligheten til \u00e5 overta lokalene.<\/p>\n<p>\u2013 Vi hadde en del teknisk utstyr st\u00e5ende her, som m\u00e5tte rigges ned da Lokal ga seg. Under prosessen traff lederen for n\u00e6ringsforeningen en av v\u00e5re ansatte og luftet ideen om \u00e5 ha en pop-up bar her.<\/p>\n<p><img decoding=\"async\" src=\"data:image\/gif;base64,R0lGODlhEAAJAIAAAP\/\/\/wAAACH5BAEAAAAALAAAAAAQAAkAAAIKhI+py+0Po5yUFQA7\" alt=\"\"\/><br \/>\n  Baromr\u00e5det er likt som da den var i Lokals eie, men resten er pusset opp.<br \/>\n  <strong>Foto:<\/strong> Aksel Oliver Egge<\/p>\n<p>Hun forteller at de lenge har tenkt p\u00e5 \u00e5 f\u00e5 etablert seg n\u00e6rmere sentrum og hev seg over muligheten da den presenterte seg.<\/p>\n<p><img decoding=\"async\" src=\"data:image\/gif;base64,R0lGODlhEAAJAIAAAP\/\/\/wAAACH5BAEAAAAALAAAAAAQAAkAAAIKhI+py+0Po5yUFQA7\" alt=\"\"\/><br \/>\n  Det vil kun serveres Austmann p\u00e5 tapp, men det skal vurderes om det er mulig \u00e5 ta inn ting fra andre mindre bryggeri ogs\u00e5.<br \/>\n  <strong>Foto:<\/strong> Aksel Oliver Egge\u2013 Forel\u00f8pig er det kun her<\/p>\n<p>Aust har tatt over den ene delen av der Lokal Bar holdt til tidligere, mens kjelleren og den andre siden fortsetter \u00e5 st\u00e5 tomt.<\/p>\n<p>\u2013 Forel\u00f8pig er det kun her. Hvis det blir en braksuksess, kan det v\u00e6re vi driller p\u00e5 med b\u00e5de det ene og det andre, men vi f\u00e5r se.<\/p>\n<p><img decoding=\"async\" src=\"data:image\/gif;base64,R0lGODlhEAAJAIAAAP\/\/\/wAAACH5BAEAAAAALAAAAAAQAAkAAAIKhI+py+0Po5yUFQA7\" alt=\"\"\/><br \/>\n  Alt av veggmaling, hamring og spikring har blitt gjort av ansatte og venner av ansatte.<br \/>\n  <strong>Foto:<\/strong> Aksel Oliver Egge<\/p>\n<p>I lokalene deres p\u00e5 Sluppen har Austmann fra tid til annen arrangert flere forskjellige arrangement, som konserter, kurs og smakinger.<\/p>\n<p>Salgssjef Espen Selbo i Austmann forteller at det er mulig de tar med noen av disse til deres nye lokaler ogs\u00e5.<\/p>\n<p>\u2013 Det kan v\u00e6re vi kj\u00f8rer litt mindre arrangement som smakinger, foredrag eller quiz, sier han.<\/p>\n<p><img decoding=\"async\" src=\"data:image\/gif;base64,R0lGODlhEAAJAIAAAP\/\/\/wAAACH5BAEAAAAALAAAAAAQAAkAAAIKhI+py+0Po5yUFQA7\" alt=\"\"\/><br \/>\n  Salgssjef Espen Selbo i Austmann.<br \/>\n  <strong>Foto:<\/strong> Aksel Oliver Egge<a href=\"https:\/\/trdby.adressa.no\/aktuelt\/i\/5Ex9AX\/nye-stjerneskudd-og-musikalske-ikoner-i-neste-runde-hver-gang-vi-moetes\" rel=\"nofollow noopener\" target=\"_blank\"> <img decoding=\"async\" src=\"data:image\/gif;base64,R0lGODlhEAAJAIAAAP\/\/\/wAAACH5BAEAAAAALAAAAAAQAAkAAAIKhI+py+0Po5yUFQA7\" alt=\"\"\/>   Poptvillingene med i neste \u00abHver gang vi m\u00f8tes\u00bb  <\/a> <\/p>\n<p>Baren vil i f\u00f8rste omgang v\u00e6re \u00e5pen torsdag til l\u00f8rdag.<\/p>\n<p>Austmann, som ble etablert i 2014, har holdt til p\u00e5 Sluppen siden 2018. Der har de sitt bryggeri og serveringsstedet Austmann Taproom.<\/p>\n<p><img decoding=\"async\" src=\"data:image\/gif;base64,R0lGODlhEAAJAIAAAP\/\/\/wAAACH5BAEAAAAALAAAAAAQAAkAAAIKhI+py+0Po5yUFQA7\" alt=\"\"\/><br \/>\n  Austmann Bryggeris produksjonslokaler og pub p\u00e5 Sluppen.<br \/>\n  <strong>Foto:<\/strong> St\u00e5le Lang\u00f8rgen<a href=\"https:\/\/trdby.adressa.no\/kultur\/i\/0VmllB\/hun-har-tatt-helt-av-i-sommer-dette-blir-ida-lovas-foerste-konsert-i-troendelag\" rel=\"nofollow noopener\" target=\"_blank\"> <img decoding=\"async\" src=\"data:image\/gif;base64,R0lGODlhEAAJAIAAAP\/\/\/wAAACH5BAEAAAAALAAAAAAQAAkAAAIKhI+py+0Po5yUFQA7\" alt=\"\"\/>   Hun har tatt helt av i sommer \u2013 dette blir Ida-Lovas f\u00f8rste konsert i Tr\u00f8ndelag  <\/a> Stengte br\u00e5tt<\/p>\n<p>Det var i mars Lokal Bar stengte d\u00f8rene til deres utested i Dronningens gate.<\/p>\n<p>\u00c5rsaken til stengingen var if\u00f8lge daglig leder, Andrew Christopher Anfinnsen, den \u00f8konomiske situasjonen i selskapet.<\/p>\n<p>\u2013 Vi er ikke konkurs i dag, men det jobbes mot en l\u00f8sning for \u00e5 avvikle selskapet, fortalte han til <a href=\"https:\/\/www.adressa.no\/nyheter\/trondheim\/i\/yErJ5R\/utested-har-stengt-doerene-ansatte-har-faatt-beskjed\" rel=\"noopener nofollow\" target=\"_blank\">Adresseavisen<\/a> i mars.<\/p>\n<p><img decoding=\"async\" src=\"data:image\/gif;base64,R0lGODlhEAAJAIAAAP\/\/\/wAAACH5BAEAAAAALAAAAAAQAAkAAAIKhI+py+0Po5yUFQA7\" alt=\"\"\/><br \/>\n  Lokal Bar stengte d\u00f8rene i mars 2025.<br \/>\n  <strong>Foto:<\/strong> Aksel Oliver Egge<\/p>\n<p>Selskapet bak Lokal Bar, Kjempehyggelig AS, gikk i minus i fem \u00e5r f\u00f8r stengingen og hadde underskudd p\u00e5 rundt 5,4 millioner kroner i 2023.<\/p>\n<p><a href=\"https:\/\/trdby.adressa.no\/kultur\/i\/PpM39J\/gikk-viralt-etter-pstereo-baade-i-takt-og-utakt-det-er-det-beste\" rel=\"nofollow noopener\" target=\"_blank\"> <img decoding=\"async\" src=\"data:image\/gif;base64,R0lGODlhEAAJAIAAAP\/\/\/wAAACH5BAEAAAAALAAAAAAQAAkAAAIKhI+py+0Po5yUFQA7\" alt=\"\"\/>   Gikk viralt etter Pstereo: \u2013 B\u00e5de i takt og utakt, det er det beste  <\/a> <\/p>\n<p>Austmann Bryggeri har for \u00f8vrig g\u00e5tt med minus i mange \u00e5r. <a href=\"https:\/\/www.mn24.no\/regnskapsnytt\/i\/jQWAOe\/austmann-bryggeri-as-opplever-negativt-resultat-for-syvende-aar-paa-rad\" rel=\"noopener nofollow\" target=\"_blank\">Les mer p\u00e5 MN24 (\u00e5pen)<\/a><\/p>\n","protected":false},"excerpt":{"rendered":"Onsdag publiserte Austmann Bryggeri et innlegg p\u00e5 sin Facebook-side hvor de annonserte \u00e5pningen av et nytt utested i&hellip;\n","protected":false},"author":2,"featured_media":27235,"comment_status":"","ping_status":"","sticky":false,"template":"","format":"standard","meta":{"footnotes":""},"categories":[58],"tags":[4393,71,4394,463,30,28,29,72,4395],"class_list":{"0":"post-27234","1":"post","2":"type-post","3":"status-publish","4":"format-standard","5":"has-post-thumbnail","7":"category-underholdning","8":"tag-austmann-bryggeri","9":"tag-entertainment","10":"tag-lokal-bar","11":"tag-midtbyen","12":"tag-no","13":"tag-norge","14":"tag-norway","15":"tag-underholdning","16":"tag-utesteder"},"share_on_mastodon":{"url":"","error":""},"_links":{"self":[{"href":"https:\/\/www.europesays.com\/no\/wp-json\/wp\/v2\/posts\/27234","targetHints":{"allow":["GET"]}}],"collection":[{"href":"https:\/\/www.europesays.com\/no\/wp-json\/wp\/v2\/posts"}],"about":[{"href":"https:\/\/www.europesays.com\/no\/wp-json\/wp\/v2\/types\/post"}],"author":[{"embeddable":true,"href":"https:\/\/www.europesays.com\/no\/wp-json\/wp\/v2\/users\/2"}],"replies":[{"embeddable":true,"href":"https:\/\/www.europesays.com\/no\/wp-json\/wp\/v2\/comments?post=27234"}],"version-history":[{"count":0,"href":"https:\/\/www.europesays.com\/no\/wp-json\/wp\/v2\/posts\/27234\/revisions"}],"wp:featuredmedia":[{"embeddable":true,"href":"https:\/\/www.europesays.com\/no\/wp-json\/wp\/v2\/media\/27235"}],"wp:attachment":[{"href":"https:\/\/www.europesays.com\/no\/wp-json\/wp\/v2\/media?parent=27234"}],"wp:term":[{"taxonomy":"category","embeddable":true,"href":"https:\/\/www.europesays.com\/no\/wp-json\/wp\/v2\/categories?post=27234"},{"taxonomy":"post_tag","embeddable":true,"href":"https:\/\/www.europesays.com\/no\/wp-json\/wp\/v2\/tags?post=27234"}],"curies":[{"name":"wp","href":"https:\/\/api.w.org\/{rel}","templated":true}]}}