{"id":272473,"date":"2026-06-20T23:06:32","date_gmt":"2026-06-20T23:06:32","guid":{"rendered":"https:\/\/www.europesays.com\/no\/272473\/"},"modified":"2026-06-20T23:06:32","modified_gmt":"2026-06-20T23:06:32","slug":"vm-hodeplagg-garn-i-rodt-hvitt-og-blatt-rives-ut-av-hyllene","status":"publish","type":"post","link":"https:\/\/www.europesays.com\/no\/272473\/","title":{"rendered":"VM-hodeplagg: Garn i r\u00f8dt, hvitt og bl\u00e5tt rives ut av hyllene"},"content":{"rendered":"<p class=\"kicker \" style=\"\">Garn<\/p>\n<p class=\"subtitle font-weight-normal m-font-weight-normal italic m-italic\" style=\"\">&#8211; Vi er utsolgt.<\/p>\n<p>\n    VM-LUE: Disse hodeplaggene har blitt sv\u00e6rt trendy, og flere butikker er tomme for garn i r\u00f8dt, hvitt og bl\u00e5tt. Foto: Ida Bergersen\n  <\/p>\n<p>VM-feberen herjer i landet, og ble ikke noe mindre etter Norges 4-1-seier mot Irak natt til onsdag.<\/p>\n<p>Mange har kj\u00f8pt Norge-drakter og andre tr\u00f8yer (de som har v\u00e6rt s\u00e5 heldige \u00e5 f\u00e5 tak i f\u00f8r de ble utsolgt), mens enkelte velger \u00e5 g\u00e5 for ulike hodeplagg.<\/p>\n<p class=\"font-weight-bold m-font-weight-bold\" data-lab-font_weight=\"font-weight-bold\">Noe som virkelig er i vinden n\u00e5, er heklede hodeplagg.<\/p>\n<p>KK skrev nylig om\u00a0Helene Spilling \u00d8degaard som hekler VM-hatter for \u00e5 heie fram Norge og ektemannen Martin \u00d8degaard. Over 5500 hadde lastet ned oppskriften da KK snakket med henne tidligere i uken.<\/p>\n<p>    <a itemprop=\"url\" href=\"https:\/\/www.kk.no\/mote\/gi-pengene-til-noen-som-trenger-dem-mer-enn-meg\/84769627\" rel=\"nofollow noopener\" target=\"_blank\"><\/p>\n<p>        <img loading=\"lazy\" decoding=\"async\" src=\"https:\/\/www.europesays.com\/no\/wp-content\/uploads\/2026\/06\/1781996788_14_84771926.webp\" width=\"980\" height=\"441\" alt=\"\" class=\"lazyload\" style=\"--aspect-ratio-image: 2.22; \"\/><\/p>\n<p>        &#8211; Gi pengene til noen som trenger dem mer enn meg<\/p>\n<p>    <\/a><\/p>\n<p>Tomme for garn\t<\/p>\n<p>N\u00e5 forsvinner garn i r\u00f8dt, hvitt og bl\u00e5tt fra garnbutikkhyllene i rekordfart. Det sier flere garnbutikker til KK.<\/p>\n<p class=\"font-weight-bold m-font-weight-bold\" data-lab-font_weight=\"font-weight-bold\">&#8211; Vi merker absolutt interessen! Vi er utsolgt for r\u00f8dt, hvitt og bl\u00e5tt i alle bomullskvalitetene! Men vi har masse p\u00e5fyll p\u00e5 vei inn, forsikrer Carina i Garntopia i Oslo.<\/p>\n<p>        <img loading=\"lazy\" decoding=\"async\" src=\"https:\/\/www.europesays.com\/no\/wp-content\/uploads\/2026\/06\/84780956.webp\" width=\"667\" height=\"801\" alt=\"\" class=\"\" style=\"--aspect-ratio-image: 0.83; \"\/><\/p>\n<p>\n        TOMME: Garntopia i Oslo er tomme for garn i r\u00f8dt, hvitt og bl\u00e5tt. Foto: Ida Bergersen\n    <\/p>\n<p>Det samme gjelder hos Fru Kvist p\u00e5 Gr\u00fcnerl\u00f8kka i Oslo.<\/p>\n<p> &#8211; Vi har merket den \u00f8kte ettersp\u00f8rselen. Det er mange som kommer innom p\u00e5 jakt etter r\u00f8dt, hvitt og bl\u00e5tt bomullsgarn. S\u00e5 n\u00e5 har det begynt \u00e5 bli tomt, sier Maja.<\/p>\n<p>Tjorven garn opplever det samme:<\/p>\n<p class=\"font-weight-bold m-font-weight-bold\" data-lab-font_weight=\"font-weight-bold\">&#8211; Ja, vi ser en ekstremt stor<br \/>\n\u00f8kning i salget, og nesten annenhver kunde skal ha garn til \u00e5 hekle<br \/>\nVM-b\u00f8ttehatter, sier Carine Waren i Tjorven garn.<\/p>\n<p>Ikke riktig farge\t<\/p>\n<p>Garnbutikken Pickles p\u00e5 Gr\u00fcnerl\u00f8kka har ogs\u00e5 merket \u00f8kt ettersp\u00f8rsel. Da KK var innom kunne de fortelle at flere kom innom for \u00e5 f\u00e5 tak i garn i r\u00f8dt, hvitt og bl\u00e5tt, men at de ikke har \u00abriktig\u00bb r\u00f8dfarge i butikken.<\/p>\n<p>        <img loading=\"lazy\" decoding=\"async\" src=\"https:\/\/www.europesays.com\/no\/wp-content\/uploads\/2026\/06\/84780960.webp\" width=\"667\" height=\"461\" alt=\"\" class=\"\" style=\"--aspect-ratio-image: 1.45; \"\/><\/p>\n<p>\n        RIVES UT: Garn i det norske flaggets farger kan v\u00e6re vanskelig \u00e5 f\u00e5 tak i n\u00e5. Foto: Ida Bergersen\n    <\/p>\n<p>    <a itemprop=\"url\" href=\"https:\/\/www.kk.no\/mote\/det-har-formet-meg-aller-mest-som-menneske\/84771245\" rel=\"nofollow noopener\" target=\"_blank\"><\/p>\n<p>        <img loading=\"lazy\" decoding=\"async\" src=\"https:\/\/www.europesays.com\/no\/wp-content\/uploads\/2026\/06\/84773951.webp\" width=\"980\" height=\"441\" alt=\"\" class=\"lazyload\" style=\"--aspect-ratio-image: 2.22; \"\/><\/p>\n<p>        \u2013 Det har formet meg aller mest som menneske<\/p>\n<p>    <\/a><\/p>\n<p>        <img loading=\"lazy\" decoding=\"async\" src=\"https:\/\/www.europesays.com\/no\/wp-content\/uploads\/2026\/06\/1781996792_559_81859885.webp\" width=\"196\" height=\"155\" alt=\"\" class=\"\" style=\"--aspect-ratio-image: 1.26; \"\/><\/p>\n<p>        Har du et tips?<\/p>\n<p class=\"subtitle\">Hei, jeg heter Ida Bergersen, og er journalist i KK. Har du et tips, en historie du vil fortelle eller et felt du mener vi b\u00f8r skrive om?<\/p>\n","protected":false},"excerpt":{"rendered":"Garn &#8211; Vi er utsolgt. VM-LUE: Disse hodeplaggene har blitt sv\u00e6rt trendy, og flere butikker er tomme for&hellip;\n","protected":false},"author":2,"featured_media":272474,"comment_status":"","ping_status":"","sticky":false,"template":"","format":"standard","meta":{"footnotes":"","_share_on_mastodon":"0"},"categories":[59],"tags":[23436,4024,30,28,29,83,82,23437],"class_list":["post-272473","post","type-post","status-publish","format-standard","has-post-thumbnail","category-sport","tag-garn","tag-mote","tag-no","tag-norge","tag-norway","tag-sport","tag-sports","tag-vm-lue"],"share_on_mastodon":{"url":"https:\/\/pubeurope.com\/@no\/116784948330186814","error":""},"_links":{"self":[{"href":"https:\/\/www.europesays.com\/no\/wp-json\/wp\/v2\/posts\/272473","targetHints":{"allow":["GET"]}}],"collection":[{"href":"https:\/\/www.europesays.com\/no\/wp-json\/wp\/v2\/posts"}],"about":[{"href":"https:\/\/www.europesays.com\/no\/wp-json\/wp\/v2\/types\/post"}],"author":[{"embeddable":true,"href":"https:\/\/www.europesays.com\/no\/wp-json\/wp\/v2\/users\/2"}],"replies":[{"embeddable":true,"href":"https:\/\/www.europesays.com\/no\/wp-json\/wp\/v2\/comments?post=272473"}],"version-history":[{"count":0,"href":"https:\/\/www.europesays.com\/no\/wp-json\/wp\/v2\/posts\/272473\/revisions"}],"wp:featuredmedia":[{"embeddable":true,"href":"https:\/\/www.europesays.com\/no\/wp-json\/wp\/v2\/media\/272474"}],"wp:attachment":[{"href":"https:\/\/www.europesays.com\/no\/wp-json\/wp\/v2\/media?parent=272473"}],"wp:term":[{"taxonomy":"category","embeddable":true,"href":"https:\/\/www.europesays.com\/no\/wp-json\/wp\/v2\/categories?post=272473"},{"taxonomy":"post_tag","embeddable":true,"href":"https:\/\/www.europesays.com\/no\/wp-json\/wp\/v2\/tags?post=272473"}],"curies":[{"name":"wp","href":"https:\/\/api.w.org\/{rel}","templated":true}]}}