{"id":272630,"date":"2026-06-21T07:05:15","date_gmt":"2026-06-21T07:05:15","guid":{"rendered":"https:\/\/www.europesays.com\/no\/272630\/"},"modified":"2026-06-21T07:05:15","modified_gmt":"2026-06-21T07:05:15","slug":"holtalen-politi-ung-mann-slatt-og-sparket-sendt-til-st-olavs-hospital-etter-voldshendelse","status":"publish","type":"post","link":"https:\/\/www.europesays.com\/no\/272630\/","title":{"rendered":"Holt\u00e5len, Politi | Ung mann sl\u00e5tt og sparket: Sendt til St. Olavs hospital etter voldshendelse"},"content":{"rendered":"\n<p>Politiet i Tr\u00f8ndelag har iverksatt etterforsking etter en voldshendelse i \u00c5len. <\/p>\n<p>Fraktet til akuttmottak<\/p>\n<p>Etterforskningen er igangsatt etter at en ung mann er fraktet til akuttmottaket p\u00e5 St. Olavs hospital etter \u00e5 ha blitt sl\u00e5tt og sparket.<\/p>\n<p>En ung mann er mistenkt i saken, men ikke p\u00e5grepet.<\/p>\n<p>Natt til s\u00f8ndag<\/p>\n<p>Hendelsen ble meldt til politiet klokken 00.20 natt til s\u00f8ndag.<\/p>\n","protected":false},"excerpt":{"rendered":"Politiet i Tr\u00f8ndelag har iverksatt etterforsking etter en voldshendelse i \u00c5len. Fraktet til akuttmottak Etterforskningen er igangsatt etter&hellip;\n","protected":false},"author":2,"featured_media":272631,"comment_status":"","ping_status":"","sticky":false,"template":"","format":"standard","meta":{"footnotes":"","_share_on_mastodon":"0"},"categories":[10],"tags":[36,20,21,24,25,15,4175,22,23,13,30,28,29,14,16,254,4673,1510,26,27],"class_list":["post-272630","post","type-post","status-publish","format-standard","has-post-thumbnail","category-norge","tag-art","tag-breaking-news","tag-breakingnews","tag-featured-news","tag-featurednews","tag-headlines","tag-holtalen","tag-latest-news","tag-latestnews","tag-news","tag-no","tag-norge","tag-norway","tag-nyheter","tag-overskrifter","tag-politi","tag-st-olavs-hospital","tag-story","tag-top-stories","tag-topstories"],"share_on_mastodon":{"url":"https:\/\/pubeurope.com\/@no\/116786831542491152","error":""},"_links":{"self":[{"href":"https:\/\/www.europesays.com\/no\/wp-json\/wp\/v2\/posts\/272630","targetHints":{"allow":["GET"]}}],"collection":[{"href":"https:\/\/www.europesays.com\/no\/wp-json\/wp\/v2\/posts"}],"about":[{"href":"https:\/\/www.europesays.com\/no\/wp-json\/wp\/v2\/types\/post"}],"author":[{"embeddable":true,"href":"https:\/\/www.europesays.com\/no\/wp-json\/wp\/v2\/users\/2"}],"replies":[{"embeddable":true,"href":"https:\/\/www.europesays.com\/no\/wp-json\/wp\/v2\/comments?post=272630"}],"version-history":[{"count":0,"href":"https:\/\/www.europesays.com\/no\/wp-json\/wp\/v2\/posts\/272630\/revisions"}],"wp:featuredmedia":[{"embeddable":true,"href":"https:\/\/www.europesays.com\/no\/wp-json\/wp\/v2\/media\/272631"}],"wp:attachment":[{"href":"https:\/\/www.europesays.com\/no\/wp-json\/wp\/v2\/media?parent=272630"}],"wp:term":[{"taxonomy":"category","embeddable":true,"href":"https:\/\/www.europesays.com\/no\/wp-json\/wp\/v2\/categories?post=272630"},{"taxonomy":"post_tag","embeddable":true,"href":"https:\/\/www.europesays.com\/no\/wp-json\/wp\/v2\/tags?post=272630"}],"curies":[{"name":"wp","href":"https:\/\/api.w.org\/{rel}","templated":true}]}}