{"id":27270,"date":"2025-09-04T21:24:22","date_gmt":"2025-09-04T21:24:22","guid":{"rendered":"https:\/\/www.europesays.com\/no\/27270\/"},"modified":"2025-09-04T21:24:22","modified_gmt":"2025-09-04T21:24:22","slug":"kjendisene-strommer-til-folketeateret-for-the-book-of-mormon-premiere","status":"publish","type":"post","link":"https:\/\/www.europesays.com\/no\/27270\/","title":{"rendered":"Kjendisene str\u00f8mmer til Folketeateret for \u00abThe Book of Mormon\u00bb-premiere"},"content":{"rendered":"<p class=\"kicker \" style=\"\">\u00abThe Book of Mormon\u00bb:<\/p>\n<p>  En rekke kjente fjes er klare for \u00e5 se premieren p\u00e5\u00a0\u00abThe Book of Mormon\u00bb.\u00a0<\/p>\n<p>\n    DUKKET OPP: Hege Sch\u00f8yen og datteren Line Sch\u00f8yen Andersen. Line deltok i A-laget p\u00e5 NRK.\n  <\/p>\n<p class=\"italic m-italic font-weight-bold m-font-weight-bold\" data-lab-italic=\"italic\" data-lab-font_weight=\"font-weight-bold\" data-lab-text_color=\"\">FOLKETEATERET\/OSLO (Se og H\u00f8r): Torsdag kveld er den r\u00f8d l\u00f8peren rullet ut utenfor Folketeateret, i forbindelse med festpremieren p\u00e5 musikalen \u00abThe Book of Mormon\u00bb.\u00a0<\/p>\n<p>Blant skuespillerne finner vi blant annet Jakob Sch\u00f8yen Andersen (35), Snorre Kind Monsson (25) og Johan Golden (51).\u00a0<\/p>\n<p>En som dukket opp med et godt smil var Dagsrevyens Tom Nilssen med sin mor &#8211; og kona Victoria Bryde.\u00a0<\/p>\n<p>En rekke stjerner har tatt turen til teateret, deriblant Pernille S\u00f8rensen &#8211; som avsl\u00f8rer at \u00abThe Book of Mormon\u00bb er hennes favorittmusikal.\u00a0<\/p>\n<p>&#8211; Jeg gleder meg masse. Det er min favorittmusikal. Jeg har sett det b\u00e5de i London og her sist det gikk. Og siden mannen min har jobbet med den, s\u00e5 gleder jeg meg ekstra, innr\u00f8mmer S\u00f8rensen til Se og H\u00f8r.\u00a0<\/p>\n<p>          <img loading=\"lazy\" decoding=\"async\" src=\"https:\/\/www.europesays.com\/no\/wp-content\/uploads\/2025\/09\/83550397.webp\" width=\"686\" height=\"645\" title=\"UNGE KAVALERER: Pernille S\u00f8rensen var stolt mamma p\u00e5 premieren.. Her med s\u00f8nnene Ludvik (t.v.) og Lasse.\" alt=\"\" class=\"\" style=\"--aspect-ratio-image: 1.06; \"\/><\/p>\n<p>\n          UNGE KAVALERER: Pernille S\u00f8rensen var stolt mamma p\u00e5 premieren.. Her med s\u00f8nnene Ludvik (t.v.) og Lasse.\n      <\/p>\n<p>          <img loading=\"lazy\" decoding=\"async\" src=\"https:\/\/www.europesays.com\/no\/wp-content\/uploads\/2025\/09\/83550524.webp\" width=\"686\" height=\"645\" title=\"ELOPAK-EIER: Johan H. Andresen og kona Kristin Gamlemshaug Andresen. Han st\u00e5r bak Ferd som eier norske stoltheter som Swix og Elopak.\" alt=\"\" class=\"\" style=\"--aspect-ratio-image: 1.06; \"\/><\/p>\n<p>\n          ELOPAK-EIER: Johan H. Andresen og kona Kristin Gamlemshaug Andresen. Han st\u00e5r bak Ferd som eier norske stoltheter som Swix og Elopak.\n      <\/p>\n<p>Hun har s\u00f8nnene Ludvik (17) og Lasse (13) med ektemannen Dagfinn Lyngb\u00f8.<\/p>\n<p>          <img loading=\"lazy\" decoding=\"async\" src=\"https:\/\/www.europesays.com\/no\/wp-content\/uploads\/2025\/09\/83550538.webp\" width=\"686\" height=\"817\" title=\"KJ\u00c6RESTER: Jonas Hoff Oftebro med samboer Henriette Marvik Berg. Hun er journalist i Vink, Aftenpostens utelivsguide.\" alt=\"\" class=\"\" style=\"--aspect-ratio-image: 0.84; \"\/><\/p>\n<p>\n          KJ\u00c6RESTER: Jonas Hoff Oftebro med samboer Henriette Marvik Berg. Hun er journalist i Vink, Aftenpostens utelivsguide.\n      <\/p>\n<p>Ulrikke Brandstorp har ogs\u00e5 tatt turen til Folketeateret torsdag kveld. P\u00e5 vei inn letter hun p\u00e5 sl\u00f8ret om den nye tilv\u00e6relsen med b\u00e5de baby og husrenovering.<\/p>\n<p>&#8211; Det er mye som skjer i livet. Vi har l\u00f8pt rundt og lett etter kl\u00e6r. Oscar m\u00e5tte g\u00e5 for en liten skolisse, for han fant ikke belte. Jeg fant ikke klesdamperen, sier hun til Se og H\u00f8r.<\/p>\n<p>          <img loading=\"lazy\" decoding=\"async\" src=\"https:\/\/www.europesays.com\/no\/wp-content\/uploads\/2025\/09\/83550557.webp\" width=\"686\" height=\"885\" title=\"RASK UTVIKLING: Bryllup og baby har g\u00e5tt i god fart for Ulrikke Brandstorp og ektemannen Oskar Nordberg.\" alt=\"\" class=\"\" style=\"--aspect-ratio-image: 0.78; \"\/><\/p>\n<p>\n          RASK UTVIKLING: Bryllup og baby har g\u00e5tt i god fart for Ulrikke Brandstorp og ektemannen Oskar Nordberg.\n      <\/p>\n<p class=\"italic m-italic\" data-lab-italic=\"italic\">&#8211; Hvordan er sm\u00e5barnslivet, da?<\/p>\n<p>&#8211; Det er sykt koselig. Det er s\u00e5 givende. Og s\u00e5 er det jo heftig ogs\u00e5. Det g\u00e5r p\u00e5 autopilot. Men vi elsker det, sier hun og avsl\u00f8rer:<\/p>\n<p>&#8211; Det blir nok flere unger her. Vi er ikke s\u00e5 skremt.<\/p>\n<p>          <img loading=\"lazy\" decoding=\"async\" src=\"https:\/\/www.europesays.com\/no\/wp-content\/uploads\/2025\/09\/83550522.webp\" width=\"686\" height=\"865\" title=\"GOD MORGEN: TV 2s Espen Fiveland var p\u00e5 plass med datteren Una.\" alt=\"\" class=\"\" style=\"--aspect-ratio-image: 0.79; \"\/><\/p>\n<p>\n          GOD MORGEN: TV 2s Espen Fiveland var p\u00e5 plass med datteren Una.\n      <\/p>\n<p>          <img loading=\"lazy\" decoding=\"async\" src=\"https:\/\/www.europesays.com\/no\/wp-content\/uploads\/2025\/09\/83550496.webp\" width=\"686\" height=\"995\" title=\"NYHET: Dagsrevyens Tom Nilssen kom med kona Victoria Bryde. Foto: Andreas Fadum\" alt=\"\" class=\"\" style=\"--aspect-ratio-image: 0.69; \"\/><\/p>\n<p>\n          NYHET: Dagsrevyens Tom Nilssen kom med kona Victoria Bryde. Foto: Andreas Fadum\n      <\/p>\n<p>Ogs\u00e5 ekteparet Emil Gukild og Linnea Myhre har tatt turen til Folketeateret. Gukild innr\u00f8mmer at han har\u00a0store\u00a0forventinger til kveldens forestilling.<\/p>\n<p>          <img loading=\"lazy\" decoding=\"async\" src=\"https:\/\/www.europesays.com\/no\/wp-content\/uploads\/2025\/09\/83550696.webp\" width=\"686\" height=\"810\" title=\"SL\u00c5R SEG L\u00d8S: NRKs K\u00e5re Magnus Bergh med CC Cowboys-sjef Magnus Gr\u00f8nneberg og hans kone Siv Vea Gr\u00f8nneberg.\" alt=\"\" class=\"\" style=\"--aspect-ratio-image: 0.85; \"\/><\/p>\n<p>\n          SL\u00c5R SEG L\u00d8S: NRKs K\u00e5re Magnus Bergh med CC Cowboys-sjef Magnus Gr\u00f8nneberg og hans kone Siv Vea Gr\u00f8nneberg.\n      <\/p>\n<p>&#8211; Jeg har sett \u00abThe Book of Mormon\u00bb fem ganger f\u00f8r. To ganger i LA, en gang i New York og to ganger i Oslo. Dette er en av mine favorittmusikaler, s\u00e5 jeg er veldig klar, sier han til Se og H\u00f8r.<\/p>\n<p>          <img loading=\"lazy\" decoding=\"async\" src=\"https:\/\/www.europesays.com\/no\/wp-content\/uploads\/2025\/09\/83550606.webp\" width=\"686\" height=\"755\" title=\"JENTEKVELD: Solveig Kloppen og Ingrid Gjessing Linhave med hver sin datter .\" alt=\"\" class=\"\" style=\"--aspect-ratio-image: 0.91; \"\/><\/p>\n<p>\n          JENTEKVELD: Solveig Kloppen og Ingrid Gjessing Linhave med hver sin datter .\n      <\/p>\n<p>I sommer ble det kjent at Gukild har sagt opp jobben i statskanalen for \u00e5 bli en del av langl\u00f8pslaget til Petter Northug. P\u00e5 sp\u00f8rsm\u00e5l om hvordan den nye livsstilen er, svarer han:<\/p>\n<p>&#8211; Det er et blodslit, men fantastisk g\u00f8y. S\u00e5 jeg trives veldig godt med det, og jeg gleder meg til vinteren n\u00e5. Det er deilig at det er blitt h\u00f8st.<\/p>\n<p>          <img loading=\"lazy\" decoding=\"async\" src=\"https:\/\/www.europesays.com\/no\/wp-content\/uploads\/2025\/09\/83550576.webp\" width=\"686\" height=\"755\" title=\"FARGEKLATTER: Emil Gukild og Linnea Myhre.\" alt=\"\" class=\"\" style=\"--aspect-ratio-image: 0.91; \"\/><\/p>\n<p>\n          FARGEKLATTER: Emil Gukild og Linnea Myhre.\n      <\/p>\n<p>Venstre-leder Guri Melby dukket opp p\u00e5 den r\u00f8de l\u00f8peren sammen med samboerenThomas Hansen &#8211; bare fire dager f\u00f8r stortingsvalget.\u00a0<\/p>\n<p>          <img loading=\"lazy\" decoding=\"async\" src=\"https:\/\/www.europesays.com\/no\/wp-content\/uploads\/2025\/09\/83550616.webp\" width=\"686\" height=\"947\" title=\"PAUSE I VALGKAMPEN: Venstres Guri Melbye (til VENSTRE) med ektemannen Thomas Hansen hadde f\u00e5tt barnevakt.\" alt=\"\" class=\"\" style=\"--aspect-ratio-image: 0.72; \"\/><\/p>\n<p>\n          PAUSE I VALGKAMPEN: Venstres Guri Melbye (til VENSTRE) med ektemannen Thomas Hansen hadde f\u00e5tt barnevakt.\n      <\/p>\n<p>&#8211; Det er jo intense dager, s\u00e5 jeg tenkte dette var helt perfekt. En liten pause og en mulighet til \u00e5 gi samboeren en liten p\u00e5skj\u00f8nnelse for \u00e5 ha smurt de fleste matpakker og gjort det meste hjemme, sier Melby til Se og H\u00f8r.\u00a0<\/p>\n<p>&#8211; Jeg m\u00e5 jo nesten p\u00e5 r\u00f8d l\u00f8per hvis jeg skal se henne. S\u00e5nn har det blitt, sier ektemannen med glimt i \u00f8yet- f\u00f8r Melby skyter inn:<\/p>\n<p>&#8211; Ja, det er ganske brutalt.<\/p>\n<p> SE FLERE BILDER:<\/p>\n<p>          <img loading=\"lazy\" decoding=\"async\" src=\"https:\/\/www.europesays.com\/no\/wp-content\/uploads\/2025\/09\/83550640.webp\" width=\"686\" height=\"755\" title=\"PYNTET TRIO: Caroline Berg Eriksen, Erlend Elias og Guri Schanke var klare for en morsom forestilling.\" alt=\"\" class=\"\" style=\"--aspect-ratio-image: 0.91; \"\/><\/p>\n<p>\n          PYNTET TRIO: Caroline Berg Eriksen, Erlend Elias og Guri Schanke var klare for en morsom forestilling.\n      <\/p>\n<p>          <img loading=\"lazy\" decoding=\"async\" src=\"https:\/\/www.europesays.com\/no\/wp-content\/uploads\/2025\/09\/83550583.webp\" width=\"686\" height=\"789\" title=\"SK\u00d8YERAKTIG: Komiker Atle Antonsen med kona Hanne D\u00f8lplads.\" alt=\"\" class=\"\" style=\"--aspect-ratio-image: 0.87; \"\/><\/p>\n<p>\n          SK\u00d8YERAKTIG: Komiker Atle Antonsen med kona Hanne D\u00f8lplads.\n      <\/p>\n<p>          <img loading=\"lazy\" decoding=\"async\" src=\"https:\/\/www.europesays.com\/no\/wp-content\/uploads\/2025\/09\/83550598.webp\" width=\"686\" height=\"803\" title=\"TRIVELIG STEMNING: Nadia Hasnaoui med datteren Fanny Haugen.\" alt=\"\" class=\"\" style=\"--aspect-ratio-image: 0.85; \"\/><\/p>\n<p>\n          TRIVELIG STEMNING: Nadia Hasnaoui med datteren Fanny Haugen.\n      <\/p>\n<p>          <img loading=\"lazy\" decoding=\"async\" src=\"https:\/\/www.europesays.com\/no\/wp-content\/uploads\/2025\/09\/83550498.webp\" width=\"686\" height=\"803\" title=\"S\u00d8TT PAR: Maria Mena og forloveden Morten Kleppa.\" alt=\"\" class=\"\" style=\"--aspect-ratio-image: 0.85; \"\/><\/p>\n<p>\n          S\u00d8TT PAR: Maria Mena og forloveden Morten Kleppa.\n      <\/p>\n","protected":false},"excerpt":{"rendered":"\u00abThe Book of Mormon\u00bb: En rekke kjente fjes er klare for \u00e5 se premieren p\u00e5\u00a0\u00abThe Book of Mormon\u00bb.\u00a0&hellip;\n","protected":false},"author":2,"featured_media":27271,"comment_status":"","ping_status":"","sticky":false,"template":"","format":"standard","meta":{"footnotes":""},"categories":[58],"tags":[71,479,2543,30,28,29,4400,72],"class_list":{"0":"post-27270","1":"post","2":"type-post","3":"status-publish","4":"format-standard","5":"has-post-thumbnail","7":"category-underholdning","8":"tag-entertainment","9":"tag-kjendis","10":"tag-kjendisdesken","11":"tag-no","12":"tag-norge","13":"tag-norway","14":"tag-the-book-of-mormon","15":"tag-underholdning"},"share_on_mastodon":{"url":"","error":""},"_links":{"self":[{"href":"https:\/\/www.europesays.com\/no\/wp-json\/wp\/v2\/posts\/27270","targetHints":{"allow":["GET"]}}],"collection":[{"href":"https:\/\/www.europesays.com\/no\/wp-json\/wp\/v2\/posts"}],"about":[{"href":"https:\/\/www.europesays.com\/no\/wp-json\/wp\/v2\/types\/post"}],"author":[{"embeddable":true,"href":"https:\/\/www.europesays.com\/no\/wp-json\/wp\/v2\/users\/2"}],"replies":[{"embeddable":true,"href":"https:\/\/www.europesays.com\/no\/wp-json\/wp\/v2\/comments?post=27270"}],"version-history":[{"count":0,"href":"https:\/\/www.europesays.com\/no\/wp-json\/wp\/v2\/posts\/27270\/revisions"}],"wp:featuredmedia":[{"embeddable":true,"href":"https:\/\/www.europesays.com\/no\/wp-json\/wp\/v2\/media\/27271"}],"wp:attachment":[{"href":"https:\/\/www.europesays.com\/no\/wp-json\/wp\/v2\/media?parent=27270"}],"wp:term":[{"taxonomy":"category","embeddable":true,"href":"https:\/\/www.europesays.com\/no\/wp-json\/wp\/v2\/categories?post=27270"},{"taxonomy":"post_tag","embeddable":true,"href":"https:\/\/www.europesays.com\/no\/wp-json\/wp\/v2\/tags?post=27270"}],"curies":[{"name":"wp","href":"https:\/\/api.w.org\/{rel}","templated":true}]}}