{"id":272743,"date":"2026-06-21T09:47:10","date_gmt":"2026-06-21T09:47:10","guid":{"rendered":"https:\/\/www.europesays.com\/no\/272743\/"},"modified":"2026-06-21T09:47:10","modified_gmt":"2026-06-21T09:47:10","slug":"ulvik-politi-mann-funnet-dod-etter-leteaksjon-i-kvam","status":"publish","type":"post","link":"https:\/\/www.europesays.com\/no\/272743\/","title":{"rendered":"Ulvik, Politi | Mann funnet d\u00f8d etter leteaksjon i Kvam"},"content":{"rendered":"\n<p>I Kvam kommune p\u00e5gikk det l\u00f8rdag ettermiddag og kveld et s\u00f8k etter en mann i slutten av 70-\u00e5rene.<\/p>\n<p>Mannen ble funnet d\u00f8d like f\u00f8r midnatt, og skal ha blitt funnet utend\u00f8rs, if\u00f8lge politiet.<\/p>\n<p><b>Mannens p\u00e5r\u00f8rende er varslet.<\/b><\/p>\n<p>Politiet vil forel\u00f8pig ikke kommentere hva som kan v\u00e6re mulig d\u00f8ds\u00e5rsak.<\/p>\n<p>\u2013 Det er ingenting som tilsier at det har skjedd noe straffbart. Avd\u00f8de vil bli obdusert, opplyste politiets operasjonsleder Morten Rebnord natt til s\u00f8ndag.<\/p>\n<p>Var meldt savnet<\/p>\n<p>Mannen skal ikke ha gitt lyd fra seg siden tirsdag, og ble derfor meldt savnet. <\/p>\n<p>\u2013 Det ble meldt inn i ettermiddag. Det er en kar som ferdes mye i fjellet og har en hytte i omr\u00e5det. Men hytten var tom og det er derfor satt inn letemannskap og et redningshelikopter, sa operasjonsleder i politiet, Dan Erik Johannessen til BA l\u00f8rdag.<\/p>\n<p>Det var klokken 1711 l\u00f8rdag at leteaksjonen ble iverksatt.<\/p>\n<p>Det ble iverksatt s\u00f8k fra luften med helikopter og droner. B\u00e5de R\u00f8de Kors, Norsk Folkehjelp og Norske Redningshunder deltok.<\/p>\n","protected":false},"excerpt":{"rendered":"I Kvam kommune p\u00e5gikk det l\u00f8rdag ettermiddag og kveld et s\u00f8k etter en mann i slutten av 70-\u00e5rene.&hellip;\n","protected":false},"author":2,"featured_media":272744,"comment_status":"","ping_status":"","sticky":false,"template":"","format":"standard","meta":{"footnotes":"","_share_on_mastodon":"0"},"categories":[5],"tags":[36,20,21,24,25,15,19,8345,22,23,170,17,18,13,30,28,29,14,16,254,1510,26,27,18107],"class_list":["post-272743","post","type-post","status-publish","format-standard","has-post-thumbnail","category-overskrifter","tag-art","tag-breaking-news","tag-breakingnews","tag-featured-news","tag-featurednews","tag-headlines","tag-hovedoppslag","tag-kvam","tag-latest-news","tag-latestnews","tag-leteaksjon","tag-main-news","tag-mainnews","tag-news","tag-no","tag-norge","tag-norway","tag-nyheter","tag-overskrifter","tag-politi","tag-story","tag-top-stories","tag-topstories","tag-ulvik"],"share_on_mastodon":{"url":"https:\/\/pubeurope.com\/@no\/116787468345832755","error":""},"_links":{"self":[{"href":"https:\/\/www.europesays.com\/no\/wp-json\/wp\/v2\/posts\/272743","targetHints":{"allow":["GET"]}}],"collection":[{"href":"https:\/\/www.europesays.com\/no\/wp-json\/wp\/v2\/posts"}],"about":[{"href":"https:\/\/www.europesays.com\/no\/wp-json\/wp\/v2\/types\/post"}],"author":[{"embeddable":true,"href":"https:\/\/www.europesays.com\/no\/wp-json\/wp\/v2\/users\/2"}],"replies":[{"embeddable":true,"href":"https:\/\/www.europesays.com\/no\/wp-json\/wp\/v2\/comments?post=272743"}],"version-history":[{"count":0,"href":"https:\/\/www.europesays.com\/no\/wp-json\/wp\/v2\/posts\/272743\/revisions"}],"wp:featuredmedia":[{"embeddable":true,"href":"https:\/\/www.europesays.com\/no\/wp-json\/wp\/v2\/media\/272744"}],"wp:attachment":[{"href":"https:\/\/www.europesays.com\/no\/wp-json\/wp\/v2\/media?parent=272743"}],"wp:term":[{"taxonomy":"category","embeddable":true,"href":"https:\/\/www.europesays.com\/no\/wp-json\/wp\/v2\/categories?post=272743"},{"taxonomy":"post_tag","embeddable":true,"href":"https:\/\/www.europesays.com\/no\/wp-json\/wp\/v2\/tags?post=272743"}],"curies":[{"name":"wp","href":"https:\/\/api.w.org\/{rel}","templated":true}]}}