{"id":27278,"date":"2025-09-04T21:35:07","date_gmt":"2025-09-04T21:35:07","guid":{"rendered":"https:\/\/www.europesays.com\/no\/27278\/"},"modified":"2025-09-04T21:35:07","modified_gmt":"2025-09-04T21:35:07","slug":"utglidning-i-skredomradet-i-levanger-stans-i-alt-arbeid-pa-stedet-3","status":"publish","type":"post","link":"https:\/\/www.europesays.com\/no\/27278\/","title":{"rendered":"Utglidning i skredomr\u00e5det i Levanger \u2013 stans i alt arbeid p\u00e5 stedet"},"content":{"rendered":"<p class=\"txt-ind\">\u2013 Vi stanser alt arbeid fordi vi har sett en utglidning i skredomr\u00e5det. Vi anser det ikke som trygt \u00e5 fortsette med mannskap der n\u00e5, sier politiets innsatsleder Per Henrik Bykvist til <a href=\"https:\/\/www.adressa.no\/nyheter\/trondelag\/i\/MnKrgB\/skredet-paa-e6-i-levanger\" target=\"_blank\" rel=\"noopener nofollow\">Adresseavisen<\/a>.<\/p>\n<p class=\"txt-ind\">Han sier at det per n\u00e5 ikke er forsvarlig \u00e5 fortsette arbeidet med \u00e5 bygge vei inn mot omr\u00e5det sporhunder har gjort markeringer, p\u00e5 en forsvarlig m\u00e5te.<\/p>\n<p class=\"txt-ind\">En dansk mann er savnet etter kvikkleireskredet som gikk over E6 i Levanger l\u00f8rdag morgen, og er antatt omkommet.<\/p>\n<p class=\"txt-ind\">\u2013 Vi har bedt jernbanen skaffe en fjernstyrt gravemaskin, som skal v\u00e6re p\u00e5 plass i morgen tidlig, sier Bykvist.<\/p>\n","protected":false},"excerpt":{"rendered":"\u2013 Vi stanser alt arbeid fordi vi har sett en utglidning i skredomr\u00e5det. Vi anser det ikke som&hellip;\n","protected":false},"author":2,"featured_media":27279,"comment_status":"","ping_status":"","sticky":false,"template":"","format":"standard","meta":{"footnotes":""},"categories":[10],"tags":[20,21,24,25,15,22,23,13,30,28,29,14,16,223,4210,26,27],"class_list":{"0":"post-27278","1":"post","2":"type-post","3":"status-publish","4":"format-standard","5":"has-post-thumbnail","7":"category-norge","8":"tag-breaking-news","9":"tag-breakingnews","10":"tag-featured-news","11":"tag-featurednews","12":"tag-headlines","13":"tag-latest-news","14":"tag-latestnews","15":"tag-news","16":"tag-no","17":"tag-norge","18":"tag-norway","19":"tag-nyheter","20":"tag-overskrifter","21":"tag-samferdsel","22":"tag-skred","23":"tag-top-stories","24":"tag-topstories"},"share_on_mastodon":{"url":"","error":""},"_links":{"self":[{"href":"https:\/\/www.europesays.com\/no\/wp-json\/wp\/v2\/posts\/27278","targetHints":{"allow":["GET"]}}],"collection":[{"href":"https:\/\/www.europesays.com\/no\/wp-json\/wp\/v2\/posts"}],"about":[{"href":"https:\/\/www.europesays.com\/no\/wp-json\/wp\/v2\/types\/post"}],"author":[{"embeddable":true,"href":"https:\/\/www.europesays.com\/no\/wp-json\/wp\/v2\/users\/2"}],"replies":[{"embeddable":true,"href":"https:\/\/www.europesays.com\/no\/wp-json\/wp\/v2\/comments?post=27278"}],"version-history":[{"count":0,"href":"https:\/\/www.europesays.com\/no\/wp-json\/wp\/v2\/posts\/27278\/revisions"}],"wp:featuredmedia":[{"embeddable":true,"href":"https:\/\/www.europesays.com\/no\/wp-json\/wp\/v2\/media\/27279"}],"wp:attachment":[{"href":"https:\/\/www.europesays.com\/no\/wp-json\/wp\/v2\/media?parent=27278"}],"wp:term":[{"taxonomy":"category","embeddable":true,"href":"https:\/\/www.europesays.com\/no\/wp-json\/wp\/v2\/categories?post=27278"},{"taxonomy":"post_tag","embeddable":true,"href":"https:\/\/www.europesays.com\/no\/wp-json\/wp\/v2\/tags?post=27278"}],"curies":[{"name":"wp","href":"https:\/\/api.w.org\/{rel}","templated":true}]}}