{"id":272786,"date":"2026-06-21T10:46:12","date_gmt":"2026-06-21T10:46:12","guid":{"rendered":"https:\/\/www.europesays.com\/no\/272786\/"},"modified":"2026-06-21T10:46:12","modified_gmt":"2026-06-21T10:46:12","slug":"stord-ulykke-batforer-krasjet-i-fortoyd-bat-erkjenner-a-ha-vaert-beruset","status":"publish","type":"post","link":"https:\/\/www.europesays.com\/no\/272786\/","title":{"rendered":"Stord, Ulykke | B\u00e5tf\u00f8rer krasjet i fort\u00f8yd b\u00e5t: \u2013 Erkjenner \u00e5 ha v\u00e6rt beruset"},"content":{"rendered":"\n<p><b>STORD:<\/b> I 02-tiden natt til s\u00f8ndag rykket n\u00f8detatene ut etter at en b\u00e5tf\u00f8rer kolliderte med en b\u00e5t som l\u00e5 fort\u00f8yd utenfor Leirvik.<\/p>\n<p><b>\u2013 F\u00f8rer av b\u00e5ten har f\u00e5tt seg en smell i hodet, men er ved bevissthet. B\u00e5tf\u00f8rer erkjenner selv \u00e5 v\u00e6re beruset, opplyser operasjonsleder Victor Fenne-Jensen i S\u00f8r-Vest politidistrikt.<\/b><\/p>\n<p>B\u00e5tf\u00f8reren var en mann i 40-\u00e5rene. <\/p>\n<p>Han ble fraktet til Stord sjukehus for behandling, og for \u00e5 avgi blodpr\u00f8ve. <\/p>\n<p><b>\u2013 Politiet har dokumentert skader p\u00e5 siktedes b\u00e5t, samt b\u00e5ten han kolliderte i, forteller Fenne-Jensen. <\/b><\/p>\n","protected":false},"excerpt":{"rendered":"STORD: I 02-tiden natt til s\u00f8ndag rykket n\u00f8detatene ut etter at en b\u00e5tf\u00f8rer kolliderte med en b\u00e5t som&hellip;\n","protected":false},"author":2,"featured_media":272787,"comment_status":"","ping_status":"","sticky":false,"template":"","format":"standard","meta":{"footnotes":"","_share_on_mastodon":"0"},"categories":[10],"tags":[36,7348,20,21,24,25,15,22,23,13,30,28,29,14,16,4053,366,1510,26,27,51],"class_list":["post-272786","post","type-post","status-publish","format-standard","has-post-thumbnail","category-norge","tag-art","tag-batulykke","tag-breaking-news","tag-breakingnews","tag-featured-news","tag-featurednews","tag-headlines","tag-latest-news","tag-latestnews","tag-news","tag-no","tag-norge","tag-norway","tag-nyheter","tag-overskrifter","tag-promille","tag-stord","tag-story","tag-top-stories","tag-topstories","tag-ulykke"],"share_on_mastodon":{"url":"https:\/\/pubeurope.com\/@no\/116787700456925122","error":""},"_links":{"self":[{"href":"https:\/\/www.europesays.com\/no\/wp-json\/wp\/v2\/posts\/272786","targetHints":{"allow":["GET"]}}],"collection":[{"href":"https:\/\/www.europesays.com\/no\/wp-json\/wp\/v2\/posts"}],"about":[{"href":"https:\/\/www.europesays.com\/no\/wp-json\/wp\/v2\/types\/post"}],"author":[{"embeddable":true,"href":"https:\/\/www.europesays.com\/no\/wp-json\/wp\/v2\/users\/2"}],"replies":[{"embeddable":true,"href":"https:\/\/www.europesays.com\/no\/wp-json\/wp\/v2\/comments?post=272786"}],"version-history":[{"count":0,"href":"https:\/\/www.europesays.com\/no\/wp-json\/wp\/v2\/posts\/272786\/revisions"}],"wp:featuredmedia":[{"embeddable":true,"href":"https:\/\/www.europesays.com\/no\/wp-json\/wp\/v2\/media\/272787"}],"wp:attachment":[{"href":"https:\/\/www.europesays.com\/no\/wp-json\/wp\/v2\/media?parent=272786"}],"wp:term":[{"taxonomy":"category","embeddable":true,"href":"https:\/\/www.europesays.com\/no\/wp-json\/wp\/v2\/categories?post=272786"},{"taxonomy":"post_tag","embeddable":true,"href":"https:\/\/www.europesays.com\/no\/wp-json\/wp\/v2\/tags?post=272786"}],"curies":[{"name":"wp","href":"https:\/\/api.w.org\/{rel}","templated":true}]}}